{"id":12594,"date":"2018-02-10T14:14:11","date_gmt":"2018-02-10T17:14:11","guid":{"rendered":"http:\/\/www.ilheusnoticias.net.br\/v1\/?p=12594"},"modified":"2018-02-10T14:14:11","modified_gmt":"2018-02-10T17:14:11","slug":"turma-do-ze-pereira-cantou-e-dancou-nas-ruas-do-pontal-de-ilheus","status":"publish","type":"post","link":"https:\/\/www.ilheusnoticias.net.br\/v1\/2018\/02\/10\/turma-do-ze-pereira-cantou-e-dancou-nas-ruas-do-pontal-de-ilheus\/","title":{"rendered":"TURMA DO Z\u00c9 PEREIRA cantou e dan\u00e7ou nas ruas do Pontal de Ilh\u00e9us"},"content":{"rendered":"<h2 class=\"blog-details-headline text-black\"><\/h2>\n<div class=\"blog-details-text\">\n<div class=\"row margin-bottom-three\">\n<div class=\"col-md-7 blog-date no-padding-top\"><\/div>\n<div class=\"col-md-7 blog-date no-padding-top\">Blog Bahia J\u00e1,\u00a0 Salvador | 10\/02\/2018\u00a0\u00e0s\u00a011:38<\/div>\n<div class=\"col-md-5\">\n<div class=\"addthis_native_toolbox pull-right\" data-url=\"http:\/\/www.bahiaja.com.br\/bahia\/noticia\/2018\/02\/10\/turma-do-ze-pereira-cantou-e-dancou-nas-ruas-do-pontal-de-ilheus,107793,0.html\" data-title=\"TURMA DO Z\u00c9 PEREIRA cantou e dan\u00e7ou nas ruas do Pontal de Ilh\u00e9us\" data-description=\"Ilh\u00e9us n\u00e3o teve Carnaval oficial\">\n<div id=\"atstbx\" class=\"at-share-tbx-element at-share-tbx-native addthis_default_style addthis_20x20_style addthis-smartlayers addthis-animated at4-show\">\n<div class=\"atclear\"><\/div>\n<\/div>\n<\/div>\n<\/div>\n<\/div>\n<div class=\"news-image margin-right-four\"><img src=\"http:\/\/www.bahiaja.com.br\/include\/foto.php?file=2018-02-10_n-107793_114124.jpg\" alt=\"\" \/><\/p>\n<div class=\"foto-legenda\">Carnaval meia boca de Ilh\u00e9us<\/div>\n<div class=\"foto-creditos\">Foto: Clodoaldo Ribeiro<\/div>\n<\/div>\n<div>\u00a0 \u00a0As ruas do populoso bairro do Pontal, zona sul de Ilh\u00e9us, ficaram tomadas por foli\u00f5es de todos os cantos da cidade, que foram acompanhar o \u201cZ\u00e9 Pereira\u201d.<\/div>\n<div><\/div>\n<div>\u201cEste \u00e9 o verdadeiro carnaval. A festa que permite a manifesta\u00e7\u00e3o popular, a manuten\u00e7\u00e3o da tradi\u00e7\u00e3o e, sobretudo, a vontade do povo estar na rua de forma espont\u00e2nea\u201d, destacou o prefeito de Ilh\u00e9us, M\u00e1rio Alexandre, que prestigiou o desfile. O \u201cZ\u00e9 Pereira\u201d desfila h\u00e1 mais de 35 anos e transformou uma brincadeira da fam\u00edlia em uma das maiores manifesta\u00e7\u00f5es de rua do bairro do Pontal, durante os festejos do momo.<\/div>\n<div><\/div>\n<div>\u201cA gente sa\u00eda do Clube do Pontal, ap\u00f3s os bailes, mas queria continuar a festa do Carnaval. Pegava panelas, colheres de pau, e fazia barulho pelo bairro. A ideia come\u00e7ou a reunir cada vez mais amigos\u201d, conta a diretora Joana Ang\u00e9lica. Ao longo dos anos ela testemunhou o crescimento da festa e a consolida\u00e7\u00e3o do bloco como uma das maiores manifesta\u00e7\u00f5es populares do carnaval de Ilh\u00e9us.<\/div>\n<div><\/div>\n<div>Desfile concorrido &#8211; Ontem, o bloco retornou para a pra\u00e7a, depois de percorrer pelas ruas Dom Pedro II, contornar a Rua Senhor do Bonfim e seguiu pela passarela do \u00e1lcool. Atravessou a 13 de maio e para a pra\u00e7a S\u00e3o Jo\u00e3o Batista, local de concentra\u00e7\u00e3o. As ruas ficaram lotadas de foli\u00f5es. Alguns vestidos com a camisa do bloco. Outros, fantasiados. Todos em festa.<\/div>\n<div><\/div>\n<div>Mesmo assim, sem a festa oficial, diversas agremia\u00e7\u00f5es decidiram desfilar na avenida. Um levantamento feito e divulgado pelo Hotel Urbano, uma das principais ag\u00eancias online de viagens do pa\u00eds, revela que Ilh\u00e9us est\u00e1 entre as 10 cidades mais buscadas pelos viajantes brasileiros para o per\u00edodo de carnaval. Um outro levantamento, revela que neste per\u00edodo oficial do Carnaval, os hot\u00e9is da cidade est\u00e3o lotados. A cidade \u00e9 recordista na chegada de \u00f4nibus extras vindos de Salvador.<\/div>\n<\/div>\n","protected":false},"excerpt":{"rendered":"<p>Blog Bahia J\u00e1,\u00a0 Salvador | 10\/02\/2018\u00a0\u00e0s\u00a011:38 Carnaval meia boca de Ilh\u00e9us Foto: Clodoaldo Ribeiro \u00a0 \u00a0As ruas do populoso bairro do Pontal, zona sul de Ilh\u00e9us, ficaram tomadas por foli\u00f5es de todos os cantos da cidade, que foram acompanhar o \u201cZ\u00e9 Pereira\u201d. \u201cEste \u00e9 o verdadeiro carnaval. A festa que permite a manifesta\u00e7\u00e3o popular, a [&hellip;]<\/p>\n","protected":false},"author":2,"featured_media":0,"comment_status":"open","ping_status":"open","sticky":false,"template":"","format":"standard","meta":{"_links_to":"","_links_to_target":""},"categories":[7,9,8,1],"tags":[],"_links":{"self":[{"href":"https:\/\/www.ilheusnoticias.net.br\/v1\/wp-json\/wp\/v2\/posts\/12594"}],"collection":[{"href":"https:\/\/www.ilheusnoticias.net.br\/v1\/wp-json\/wp\/v2\/posts"}],"about":[{"href":"https:\/\/www.ilheusnoticias.net.br\/v1\/wp-json\/wp\/v2\/types\/post"}],"author":[{"embeddable":true,"href":"https:\/\/www.ilheusnoticias.net.br\/v1\/wp-json\/wp\/v2\/users\/2"}],"replies":[{"embeddable":true,"href":"https:\/\/www.ilheusnoticias.net.br\/v1\/wp-json\/wp\/v2\/comments?post=12594"}],"version-history":[{"count":1,"href":"https:\/\/www.ilheusnoticias.net.br\/v1\/wp-json\/wp\/v2\/posts\/12594\/revisions"}],"predecessor-version":[{"id":12595,"href":"https:\/\/www.ilheusnoticias.net.br\/v1\/wp-json\/wp\/v2\/posts\/12594\/revisions\/12595"}],"wp:attachment":[{"href":"https:\/\/www.ilheusnoticias.net.br\/v1\/wp-json\/wp\/v2\/media?parent=12594"}],"wp:term":[{"taxonomy":"category","embeddable":true,"href":"https:\/\/www.ilheusnoticias.net.br\/v1\/wp-json\/wp\/v2\/categories?post=12594"},{"taxonomy":"post_tag","embeddable":true,"href":"https:\/\/www.ilheusnoticias.net.br\/v1\/wp-json\/wp\/v2\/tags?post=12594"}],"curies":[{"name":"wp","href":"https:\/\/api.w.org\/{rel}","templated":true}]}}