{"id":12591,"date":"2018-02-10T09:52:50","date_gmt":"2018-02-10T12:52:50","guid":{"rendered":"http:\/\/www.ilheusnoticias.net.br\/v1\/?p=12591"},"modified":"2018-02-10T09:52:50","modified_gmt":"2018-02-10T12:52:50","slug":"foguetinhos-48","status":"publish","type":"post","link":"https:\/\/www.ilheusnoticias.net.br\/v1\/2018\/02\/10\/foguetinhos-48\/","title":{"rendered":"FOGUETINHOS"},"content":{"rendered":"<div id=\"tl_unit_-6199070648772330594\" class=\"_4-u2 mbm _4mrt _5jmm _5pat _5v3q _4-u8\" data-fte=\"1\" data-ftr=\"1\" data-time=\"1518262914\" data-insertion-position=\"0\">\n<div id=\"u_ps_fetchstream_5_3_3\" class=\"_3ccb\" data-ft=\"{&quot;tn&quot;:&quot;-R&quot;}\" data-gt=\"{&quot;type&quot;:&quot;click2canvas&quot;,&quot;fbsource&quot;:703,&quot;ref&quot;:&quot;nf_generic&quot;}\">\n<div class=\"_5pcr userContentWrapper\" data-ft=\"{&quot;tn&quot;:&quot;-R&quot;}\">\n<div class=\"_1dwg _1w_m _q7o\">\n<div class=\"_5x46 _1yz1 clearfix\">\n<div class=\"clearfix _5va3\">\n<div class=\"clearfix _42ef\">\n<div class=\"_5va4\">\n<div>\n<div class=\"_6a _5u5j\">\n<div class=\"_6a _5u5j _6b\">\n<div class=\"_6a _29ee _4f-9 _43_1\" data-hover=\"tooltip\" data-tooltip-content=\"Compartilhado com: P\u00fablico\"><a href=\"http:\/\/www.ilheusnoticias.net.br\/v1\/wp-content\/uploads\/2017\/11\/zecarlos.jpg\" rel=\"attachment wp-att-9826\"><img loading=\"lazy\" class=\"aligncenter size-full wp-image-9826\" src=\"http:\/\/www.ilheusnoticias.net.br\/v1\/wp-content\/uploads\/2017\/11\/zecarlos.jpg\" alt=\"zecarlos\" width=\"300\" height=\"207\" \/><\/a><\/div>\n<div class=\"_6a _29ee _4f-9 _43_1\" data-hover=\"tooltip\" data-tooltip-content=\"Compartilhado com: P\u00fablico\">\n<div class=\"_1dwg _1w_m _q7o\">\n<div>\n<div id=\"js_jj\" class=\"_5pbx userContent _3576\" data-ft=\"{&quot;tn&quot;:&quot;K&quot;}\">\n<div id=\"id_5a7eea1e51eaa3594129149\" class=\"text_exposed_root text_exposed\">\n<p>A conversa \u00e9 essa&#8230;<\/p>\n<p>O BAR E RESTAURANTE &#8220;A GRANDE FAM\u00cdLIA&#8221;, estar\u00e1 promovendo um baile de carnaval neste DOMINGO 12\/02, a partir das 14:00.<\/p>\n<div class=\"text_exposed_show\">\n<p>Aqui na bela Sapetinga, ao lado da quadra, fundos do GBarbosa.<\/p>\n<p>Vamos reviver os antigos carnavais com a banda de artistas consagrados da nossa cidade &#8211; D\u00e9lio Santiago, Lito Vieira, S\u00e9rgio Nogueira, Jo\u00e3o Fernandes, Beltran Lima.<\/p>\n<p>Vamos curtir um Carnaval em fam\u00edlia.<\/p>\n<\/div>\n<\/div>\n<\/div>\n<div class=\"_3x-2\" data-ft=\"{&quot;tn&quot;:&quot;H&quot;}\">\n<div data-ft=\"{&quot;tn&quot;:&quot;H&quot;}\">\n<div class=\"mtm\">\n<div>\n<div>\n<div class=\"_5cq3\" data-ft=\"{&quot;tn&quot;:&quot;E&quot;}\">\n<div id=\"u_ps_fetchstream_5_3_c\" class=\"_46-h _4-ep\"><img loading=\"lazy\" class=\"_46-i img\" src=\"https:\/\/scontent.fvdc1-1.fna.fbcdn.net\/v\/t1.0-0\/p280x280\/27657626_971210313028264_6374938915189974474_n.jpg?oh=e2843713845b262352f79e151b79f64c&amp;oe=5B1DC636\" alt=\"A imagem pode conter: uma ou mais pessoas, \u00f3culos de sol, close-up e texto\" width=\"498\" height=\"280\" \/><\/div>\n<\/div>\n<\/div>\n<\/div>\n<\/div>\n<\/div>\n<\/div>\n<div><\/div>\n<\/div>\n<\/div>\n<div><\/div>\n<\/div>\n<\/div>\n<\/div>\n<\/div>\n<\/div>\n<\/div>\n<\/div>\n<\/div>\n<\/div>\n<\/div>\n<\/div>\n<\/div>\n<div id=\"tl_unit_1103267423915114883\" class=\"_4-u2 mbm _4mrt _5jmm _5pat _5v3q _4-u8\" data-fte=\"1\" data-ftr=\"1\" data-time=\"1518194739\">\n<div id=\"u_ps_fetchstream_5_3_0\" class=\"_3ccb\" data-ft=\"{&quot;tn&quot;:&quot;-R&quot;}\" data-gt=\"{&quot;type&quot;:&quot;click2canvas&quot;,&quot;fbsource&quot;:703,&quot;ref&quot;:&quot;nf_generic&quot;}\">\n<div class=\"_5pcr userContentWrapper\" data-ft=\"{&quot;tn&quot;:&quot;-R&quot;}\">\n<form id=\"u_ps_fetchstream_5_3_h\" class=\"commentable_item\" action=\"https:\/\/www.facebook.com\/ajax\/ufi\/modify.php\" method=\"post\" data-ft=\"{&quot;tn&quot;:&quot;]&quot;}\">\n<div id=\"u_ps_fetchstream_5_3_g\" class=\"uiUfi UFIContainer _3-a6 _4eno _1blz _5pc9 _5vsj _5v9k\">\n<div class=\"UFIList\">\n<div id=\"addComment_971258169690145\" class=\"UFIRow _4oep UFIAddComment UFIAddCommentWithPhotoAttacher _4204 _2o9m\" data-ft=\"{&quot;tn&quot;:&quot;[&quot;}\">\n<div class=\"UFIMentionsInputWrap UFIStickersEnabledInput UFIGifEnabledInput clearfix\">\n<div class=\"\">\n<div class=\"UFIImageBlockContent _42ef _8u\">\n<div class=\"UFICommentContainer\">\n<div class=\"_fmi _613v UFIInputContainer\">\n<div class=\"_fmk UFICommentAttachmentButtons _5op2 _15i7 _2kwm\">\n<div class=\"UFICommentStickerIcon\"><\/div>\n<\/div>\n<\/div>\n<\/div>\n<\/div>\n<\/div>\n<\/div>\n<\/div>\n<\/div>\n<\/div>\n<\/form>\n<\/div>\n<\/div>\n<\/div>\n<div id=\"tl_unit_-4388207363748276628\" class=\"_4-u2 mbm _4mrt _5jmm _5pat _5v3q _4-u8\" data-fte=\"1\" data-ftr=\"1\" data-time=\"1518187526\" data-insertion-position=\"2\">\n<div id=\"u_ps_fetchstream_5_3_4\" class=\"_3ccb\" data-ft=\"{&quot;tn&quot;:&quot;-R&quot;}\" data-gt=\"{&quot;type&quot;:&quot;click2canvas&quot;,&quot;fbsource&quot;:703,&quot;ref&quot;:&quot;nf_generic&quot;}\">\n<div class=\"_5pcr userContentWrapper\" data-ft=\"{&quot;tn&quot;:&quot;-R&quot;}\">\n<div class=\"_1dwg _1w_m _q7o\">\n<div>\n<div class=\"_3x-2\" data-ft=\"{&quot;tn&quot;:&quot;H&quot;}\"><\/div>\n<div><\/div>\n<\/div>\n<\/div>\n<div><\/div>\n<\/div>\n<\/div>\n<\/div>\n","protected":false},"excerpt":{"rendered":"<p>A conversa \u00e9 essa&#8230; O BAR E RESTAURANTE &#8220;A GRANDE FAM\u00cdLIA&#8221;, estar\u00e1 promovendo um baile de carnaval neste DOMINGO 12\/02, a partir das 14:00. Aqui na bela Sapetinga, ao lado da quadra, fundos do GBarbosa. Vamos reviver os antigos carnavais com a banda de artistas consagrados da nossa cidade &#8211; D\u00e9lio Santiago, Lito Vieira, S\u00e9rgio [&hellip;]<\/p>\n","protected":false},"author":2,"featured_media":0,"comment_status":"open","ping_status":"open","sticky":false,"template":"","format":"standard","meta":{"_links_to":"","_links_to_target":""},"categories":[7,9,8,1],"tags":[],"_links":{"self":[{"href":"https:\/\/www.ilheusnoticias.net.br\/v1\/wp-json\/wp\/v2\/posts\/12591"}],"collection":[{"href":"https:\/\/www.ilheusnoticias.net.br\/v1\/wp-json\/wp\/v2\/posts"}],"about":[{"href":"https:\/\/www.ilheusnoticias.net.br\/v1\/wp-json\/wp\/v2\/types\/post"}],"author":[{"embeddable":true,"href":"https:\/\/www.ilheusnoticias.net.br\/v1\/wp-json\/wp\/v2\/users\/2"}],"replies":[{"embeddable":true,"href":"https:\/\/www.ilheusnoticias.net.br\/v1\/wp-json\/wp\/v2\/comments?post=12591"}],"version-history":[{"count":1,"href":"https:\/\/www.ilheusnoticias.net.br\/v1\/wp-json\/wp\/v2\/posts\/12591\/revisions"}],"predecessor-version":[{"id":12592,"href":"https:\/\/www.ilheusnoticias.net.br\/v1\/wp-json\/wp\/v2\/posts\/12591\/revisions\/12592"}],"wp:attachment":[{"href":"https:\/\/www.ilheusnoticias.net.br\/v1\/wp-json\/wp\/v2\/media?parent=12591"}],"wp:term":[{"taxonomy":"category","embeddable":true,"href":"https:\/\/www.ilheusnoticias.net.br\/v1\/wp-json\/wp\/v2\/categories?post=12591"},{"taxonomy":"post_tag","embeddable":true,"href":"https:\/\/www.ilheusnoticias.net.br\/v1\/wp-json\/wp\/v2\/tags?post=12591"}],"curies":[{"name":"wp","href":"https:\/\/api.w.org\/{rel}","templated":true}]}}