{"id":12589,"date":"2018-02-10T09:45:08","date_gmt":"2018-02-10T12:45:08","guid":{"rendered":"http:\/\/www.ilheusnoticias.net.br\/v1\/?p=12589"},"modified":"2018-02-10T09:54:26","modified_gmt":"2018-02-10T12:54:26","slug":"gemeas-de-ivete-sangalo-nascem-em-salvador-meninas-chamam-marina-e-helena","status":"publish","type":"post","link":"https:\/\/www.ilheusnoticias.net.br\/v1\/2018\/02\/10\/gemeas-de-ivete-sangalo-nascem-em-salvador-meninas-chamam-marina-e-helena\/","title":{"rendered":"G\u00eameas de Ivete Sangalo nascem em Salvador; meninas chamam Marina e Helena"},"content":{"rendered":"<div class=\"row content-head\"><\/div>\n<div class=\"row content-share-bar\"><\/div>\n<div class=\"mc-article-body\">\n<article>\n<div class=\"mc-column content-media content-media--normal content-photo\" data-block-type=\"backstage-photo\" data-block-id=\"0\">\n<div class=\"content-media__container\">\n<div class=\"content-media__image-centered\">\n<div class=\"progressive-img can-open-lightbox\" data-min-size=\"1008x631\" data-min-size-url=\"https:\/\/s2.glbimg.com\/HCA-13oOCHYY-sbD0nNQU0U-Yi8=\/0x0:1700x1065\/1008x0\/smart\/filters:strip_icc()\/i.s3.glbimg.com\/v1\/AUTH_59edd422c0c84a879bd37670ae4f538a\/internal_photos\/bs\/2018\/n\/7\/52rhsYQI2erC4EuvRisA\/hospital-01.jpg\" data-max-size=\"1600x1002\" data-max-size-url=\"https:\/\/s2.glbimg.com\/nGfYoBgNhpc4DwdQzU_cTJXIVXk=\/0x0:1700x1065\/1600x0\/smart\/filters:strip_icc()\/i.s3.glbimg.com\/v1\/AUTH_59edd422c0c84a879bd37670ae4f538a\/internal_photos\/bs\/2018\/n\/7\/52rhsYQI2erC4EuvRisA\/hospital-01.jpg\" data-media-index=\"0\"><img class=\"progressive-draft\" title=\"Filhas de Ivete Sangalo nasceram no Hospital Alian\u00e7a, no bairro do Rio Vermelho, em Salvador (Foto: Henrique Mendes\/G1)\" src=\"data:image\/jpeg;base64,\/9j\/4AAQSkZJRgABAQAAAQABAAD\/2wBDAAMCAgMCAgMDAwMEAwMEBQgFBQQEBQoHBwYIDAoMDAsKCwsNDhIQDQ4RDgsLEBYQERMUFRUVDA8XGBYUGBIUFRT\/2wBDAQMEBAUEBQkFBQkUDQsNFBQUFBQUFBQUFBQUFBQUFBQUFBQUFBQUFBQUFBQUFBQUFBQUFBQUFBQUFBQUFBQUFBT\/wgARCAAQABkDASIAAhEBAxEB\/8QAFwABAAMAAAAAAAAAAAAAAAAABgQFB\/\/EABYBAQEBAAAAAAAAAAAAAAAAAAMAAv\/aAAwDAQACEAMQAAABdV+TSTNiOODNX\/\/EABwQAAICAwEBAAAAAAAAAAAAAAEDAgYABAUTF\/\/aAAgBAQABBQIX0uwWZj0C4z1D9W7mKqPVlNtD3JMbVukVeuf\/xAAZEQACAwEAAAAAAAAAAAAAAAAAEQECEjH\/2gAIAQMBAT8By+k1R\/\/EABgRAAIDAAAAAAAAAAAAAAAAAAABAhES\/9oACAECAQE\/AdsUrP\/EACQQAAICAQMCBwAAAAAAAAAAAAECAxEABBIhBTM0QVFhcZLh\/9oACAEBAAY\/ApYqSJ0j3BwwbdkDNqxGxFyB3qvjjOpyjU2YTUG9uG4uvfO3p\/ricxivTGkM5UnyRP3GWWMrHGdzSF7Azxb5\/8QAIRABAAIABQUBAAAAAAAAAAAAAQARITFBYYEQUXHR8PH\/2gAIAQEAAT8hHskLz7fkOLfhlVY+ZTIgREsFx6Vqxgps5GjRcxkEWQHaKBDjbjNcttJb69T\/2gAMAwEAAgADAAAAEJXf\/8QAGBEAAwEBAAAAAAAAAAAAAAAAAAERIYH\/2gAIAQMBAT8QTZYrjj6f\/8QAFxEBAQEBAAAAAAAAAAAAAAAAAQARMf\/aAAgBAgEBPxAJXJRy\/8QAHhABAQADAQACAwAAAAAAAAAAAREAITFBUWHR8PH\/2gAIAQEAAT8Qlt7IogSw3u064Y6rDQS7tGL43PMteBpEx4UGvj7M\/kfzjeCqVSdYCrtpfXDurbTnBweW+riWUKyK2QeKg4739dz\/AP\/Z\" alt=\"Filhas de Ivete Sangalo nasceram no Hospital Alian\u00e7a, no bairro do Rio Vermelho, em Salvador (Foto: Henrique Mendes\/G1)\" \/><picture><source srcset=\"https:\/\/s2.glbimg.com\/wOxlvV950Yk3exwrJdw3A7Dg4MQ=\/0x0:1700x1065\/600x0\/smart\/filters:strip_icc()\/i.s3.glbimg.com\/v1\/AUTH_59edd422c0c84a879bd37670ae4f538a\/internal_photos\/bs\/2018\/n\/7\/52rhsYQI2erC4EuvRisA\/hospital-01.jpg 1x, https:\/\/s2.glbimg.com\/MR2muJyncDDmRCg0Wuwn72CdFEs=\/0x0:1700x1065\/1200x0\/smart\/filters:strip_icc()\/i.s3.glbimg.com\/v1\/AUTH_59edd422c0c84a879bd37670ae4f538a\/internal_photos\/bs\/2018\/n\/7\/52rhsYQI2erC4EuvRisA\/hospital-01.jpg 2x\" media=\"(max-width: 1024px)\" data-src=\"https:\/\/s2.glbimg.com\/wOxlvV950Yk3exwrJdw3A7Dg4MQ=\/0x0:1700x1065\/600x0\/smart\/filters:strip_icc()\/i.s3.glbimg.com\/v1\/AUTH_59edd422c0c84a879bd37670ae4f538a\/internal_photos\/bs\/2018\/n\/7\/52rhsYQI2erC4EuvRisA\/hospital-01.jpg 1x, https:\/\/s2.glbimg.com\/MR2muJyncDDmRCg0Wuwn72CdFEs=\/0x0:1700x1065\/1200x0\/smart\/filters:strip_icc()\/i.s3.glbimg.com\/v1\/AUTH_59edd422c0c84a879bd37670ae4f538a\/internal_photos\/bs\/2018\/n\/7\/52rhsYQI2erC4EuvRisA\/hospital-01.jpg 2x\" \/><source srcset=\"https:\/\/s2.glbimg.com\/byivkjt9dtNx2BY22tnojhfJVMY=\/0x0:1700x1065\/640x0\/smart\/filters:strip_icc()\/i.s3.glbimg.com\/v1\/AUTH_59edd422c0c84a879bd37670ae4f538a\/internal_photos\/bs\/2018\/n\/7\/52rhsYQI2erC4EuvRisA\/hospital-01.jpg 1x, https:\/\/s2.glbimg.com\/IzGAIq1oVprfOEQ63Y4e19vPcZ0=\/0x0:1700x1065\/1280x0\/smart\/filters:strip_icc()\/i.s3.glbimg.com\/v1\/AUTH_59edd422c0c84a879bd37670ae4f538a\/internal_photos\/bs\/2018\/n\/7\/52rhsYQI2erC4EuvRisA\/hospital-01.jpg 2x\" media=\"(max-width: 1280px)\" data-src=\"https:\/\/s2.glbimg.com\/byivkjt9dtNx2BY22tnojhfJVMY=\/0x0:1700x1065\/640x0\/smart\/filters:strip_icc()\/i.s3.glbimg.com\/v1\/AUTH_59edd422c0c84a879bd37670ae4f538a\/internal_photos\/bs\/2018\/n\/7\/52rhsYQI2erC4EuvRisA\/hospital-01.jpg 1x, https:\/\/s2.glbimg.com\/IzGAIq1oVprfOEQ63Y4e19vPcZ0=\/0x0:1700x1065\/1280x0\/smart\/filters:strip_icc()\/i.s3.glbimg.com\/v1\/AUTH_59edd422c0c84a879bd37670ae4f538a\/internal_photos\/bs\/2018\/n\/7\/52rhsYQI2erC4EuvRisA\/hospital-01.jpg 2x\" \/><source srcset=\"https:\/\/s2.glbimg.com\/TMgLo2FGnONh89lRwBbYQq18agg=\/0x0:1700x1065\/984x0\/smart\/filters:strip_icc()\/i.s3.glbimg.com\/v1\/AUTH_59edd422c0c84a879bd37670ae4f538a\/internal_photos\/bs\/2018\/n\/7\/52rhsYQI2erC4EuvRisA\/hospital-01.jpg 1x, https:\/\/s2.glbimg.com\/0svN8TT_nPCK6gtw-0ogW_TSfV0=\/0x0:1700x1065\/1968x0\/smart\/filters:strip_icc()\/i.s3.glbimg.com\/v1\/AUTH_59edd422c0c84a879bd37670ae4f538a\/internal_photos\/bs\/2018\/n\/7\/52rhsYQI2erC4EuvRisA\/hospital-01.jpg 2x\" media=\"(max-width: 1360px)\" data-src=\"https:\/\/s2.glbimg.com\/TMgLo2FGnONh89lRwBbYQq18agg=\/0x0:1700x1065\/984x0\/smart\/filters:strip_icc()\/i.s3.glbimg.com\/v1\/AUTH_59edd422c0c84a879bd37670ae4f538a\/internal_photos\/bs\/2018\/n\/7\/52rhsYQI2erC4EuvRisA\/hospital-01.jpg 1x, https:\/\/s2.glbimg.com\/0svN8TT_nPCK6gtw-0ogW_TSfV0=\/0x0:1700x1065\/1968x0\/smart\/filters:strip_icc()\/i.s3.glbimg.com\/v1\/AUTH_59edd422c0c84a879bd37670ae4f538a\/internal_photos\/bs\/2018\/n\/7\/52rhsYQI2erC4EuvRisA\/hospital-01.jpg 2x\" \/><source srcset=\"https:\/\/s2.glbimg.com\/-qHJ6lhdqD8IjQ0LohOopugA0UM=\/0x0:1700x1065\/1000x0\/smart\/filters:strip_icc()\/i.s3.glbimg.com\/v1\/AUTH_59edd422c0c84a879bd37670ae4f538a\/internal_photos\/bs\/2018\/n\/7\/52rhsYQI2erC4EuvRisA\/hospital-01.jpg 1x, https:\/\/s2.glbimg.com\/DfvYKQcUEJ62NWmcT54NVTC20CQ=\/0x0:1700x1065\/2000x0\/smart\/filters:strip_icc()\/i.s3.glbimg.com\/v1\/AUTH_59edd422c0c84a879bd37670ae4f538a\/internal_photos\/bs\/2018\/n\/7\/52rhsYQI2erC4EuvRisA\/hospital-01.jpg 2x\" media=\"(min-width: 1361px)\" data-src=\"https:\/\/s2.glbimg.com\/-qHJ6lhdqD8IjQ0LohOopugA0UM=\/0x0:1700x1065\/1000x0\/smart\/filters:strip_icc()\/i.s3.glbimg.com\/v1\/AUTH_59edd422c0c84a879bd37670ae4f538a\/internal_photos\/bs\/2018\/n\/7\/52rhsYQI2erC4EuvRisA\/hospital-01.jpg 1x, https:\/\/s2.glbimg.com\/DfvYKQcUEJ62NWmcT54NVTC20CQ=\/0x0:1700x1065\/2000x0\/smart\/filters:strip_icc()\/i.s3.glbimg.com\/v1\/AUTH_59edd422c0c84a879bd37670ae4f538a\/internal_photos\/bs\/2018\/n\/7\/52rhsYQI2erC4EuvRisA\/hospital-01.jpg 2x\" \/><source srcset=\"https:\/\/s2.glbimg.com\/TMgLo2FGnONh89lRwBbYQq18agg=\/0x0:1700x1065\/984x0\/smart\/filters:strip_icc()\/i.s3.glbimg.com\/v1\/AUTH_59edd422c0c84a879bd37670ae4f538a\/internal_photos\/bs\/2018\/n\/7\/52rhsYQI2erC4EuvRisA\/hospital-01.jpg\" data-src=\"https:\/\/s2.glbimg.com\/TMgLo2FGnONh89lRwBbYQq18agg=\/0x0:1700x1065\/984x0\/smart\/filters:strip_icc()\/i.s3.glbimg.com\/v1\/AUTH_59edd422c0c84a879bd37670ae4f538a\/internal_photos\/bs\/2018\/n\/7\/52rhsYQI2erC4EuvRisA\/hospital-01.jpg\" \/><img class=\"image content-media__image progressive-loaded\" title=\"Filhas de Ivete Sangalo nasceram no Hospital Alian\u00e7a, no bairro do Rio Vermelho, em Salvador (Foto: Henrique Mendes\/G1)\" src=\"https:\/\/s2.glbimg.com\/TMgLo2FGnONh89lRwBbYQq18agg=\/0x0:1700x1065\/984x0\/smart\/filters:strip_icc()\/i.s3.glbimg.com\/v1\/AUTH_59edd422c0c84a879bd37670ae4f538a\/internal_photos\/bs\/2018\/n\/7\/52rhsYQI2erC4EuvRisA\/hospital-01.jpg\" alt=\"Filhas de Ivete Sangalo nasceram no Hospital Alian\u00e7a, no bairro do Rio Vermelho, em Salvador (Foto: Henrique Mendes\/G1)\" data-src=\"https:\/\/s2.glbimg.com\/TMgLo2FGnONh89lRwBbYQq18agg=\/0x0:1700x1065\/984x0\/smart\/filters:strip_icc()\/i.s3.glbimg.com\/v1\/AUTH_59edd422c0c84a879bd37670ae4f538a\/internal_photos\/bs\/2018\/n\/7\/52rhsYQI2erC4EuvRisA\/hospital-01.jpg\" \/><\/picture><\/div>\n<\/div>\n<div class=\"content-media__description-centered \">\n<p class=\"content-media__description\"><i class=\"content-media__description__icon theme-color-primary\"><\/i><span class=\"content-media__description__caption\">Filhas de Ivete Sangalo nasceram no Hospital Alian\u00e7a, no bairro do Rio Vermelho, em Salvador (Foto: Henrique Mendes\/G1)<\/span><\/p>\n<p class=\"content-media__description\">As g\u00eameas da cantora Ivete Sangalo nasceram na manh\u00e3 deste s\u00e1bado (10), em Salvador. A informa\u00e7\u00e3o foi confirmada pela assessoria da cantora por volta das 6h15 (hor\u00e1rio local). As meninas se chamam Marina e Helena.<\/p>\n<\/div>\n<\/div>\n<\/div>\n<div class=\"mc-column content-text active-extra-styles \" data-block-type=\"unstyled\" data-block-weight=\"51\" data-block-id=\"3\">\n<p class=\"content-text__container \" data-track-category=\"Link no Texto\" data-track-links=\"\">Ainda de acordo com a assessoria de Ivete, o parto foi ces\u00e1rea. Segundo o irm\u00e3o da cantora, Ricardo Sangalo, o parto estava marcado para 22 de fevereiro, mas, por volta da 0h deste s\u00e1bado, a cantora come\u00e7ou a sentir contra\u00e7\u00f5es. Por isso, os m\u00e9dicos recomendaram que ela seguisse para o hospital.<\/p>\n<\/div>\n<div class=\"mc-column content-text active-extra-styles \" data-block-type=\"unstyled\" data-block-weight=\"30\" data-block-id=\"4\">\n<p class=\"content-text__container \" data-track-category=\"Link no Texto\" data-track-links=\"\">Helena nasceu \u00e0s 5h21, e Marina, \u00e0s 5h24. Elas t\u00eam cerca de 3 kg cada e n\u00e3o precisaram de incubadora. O parto foi feito no Hospital Alian\u00e7a, no Rio Vermelho.<\/p>\n<\/div>\n<div class=\"mc-column content-text active-extra-styles \" data-block-type=\"unstyled\" data-block-weight=\"62\" data-block-id=\"5\">\n<p class=\"content-text__container \" data-track-category=\"Link no Texto\" data-track-links=\"\">&#8220;\u00c9 incr\u00edvel essa coincid\u00eancia [de nascerem no carnaval], mas as meninas nasceram porque elas nascem na hora que querem. As contra\u00e7\u00f5es s\u00e3o justamente depois que elas querem nascer e a\u00ed come\u00e7a. E foi um coincid\u00eancia muito feliz. Ivete estava t\u00e3o feliz que ela postou um v\u00eddeo nas redes sociais, a gente dan\u00e7ando dentro do quarto, foi uma farra&#8230;&#8221;, disse Ricardo, no hospital.<\/p>\n<\/div>\n<div class=\"mc-column content-text active-extra-styles\" data-block-type=\"raw\" data-block-weight=\"17\" data-block-id=\"6\">\n<blockquote class=\"content-blockquote theme-border-color-primary-before\"><p>&#8220;Elas est\u00e3o \u00f3timas, nasceram com peso, nasceram prontas para nascer, bem pesadinhas, bem grandes&#8221;, disse Ricardo Sangalo.<\/p><\/blockquote>\n<\/div>\n<div class=\"mc-column content-media content-media--normal content-video\" data-block-type=\"backstage-video\" data-block-id=\"7\">\n<div class=\"content-media__container content-media__container--loaded\">\n<div class=\"content-video__height\"><\/div>\n<div class=\"content-video__placeholder\" data-video-id=\"6491789\"><img loading=\"lazy\" class=\"content-video__placeholder__thumb\" title=\"G\u00eameas de Ivete Sangalo nascem em Salvador\" src=\"https:\/\/s02.video.glbimg.com\/x720\/6491789.jpg\" alt=\"G\u00eameas de Ivete Sangalo nascem em Salvador\" width=\"306\" height=\"172\" \/><\/div>\n<\/div>\n<div class=\"content-media__description-centered\">\n<p class=\"content-media__description\"><i class=\"content-media__description__icon theme-color-primary\"><\/i><span class=\"content-media__description__caption\">G\u00eameas de Ivete Sangalo nascem em Salvador<\/span><\/p>\n<\/div>\n<\/div>\n<div class=\"mc-column content-text active-extra-styles \" data-block-type=\"unstyled\" data-block-weight=\"45\" data-block-id=\"8\">\n<p class=\"content-text__container \" data-track-category=\"Link no Texto\" data-track-links=\"\">De acordo com o empres\u00e1rio da cantora, F\u00e1bio Almeida, Ivete est\u00e1 bem. Al\u00e9m de Ricardo Sangalo, o seu marido, Daniel Cady, e sua irm\u00e3, Cynthia, est\u00e3o com ela na maternidade. O filho mais velho da cantora, Marcelinho, tamb\u00e9m chegou ao hospital na manh\u00e3 deste s\u00e1bado.<\/p>\n<\/div>\n<div class=\"content-ads content-ads--reveal\" data-block-type=\"ads\" data-block-id=\"9\"><\/div>\n<div class=\"mc-column content-text active-extra-styles \" data-block-type=\"unstyled\" data-block-weight=\"31\" data-block-id=\"10\">\n<p class=\"content-text__container \" data-track-category=\"Link no Texto\" data-track-links=\"\">&#8220;A m\u00e3e est\u00e1 feliz da vida. Marcelo est\u00e1 junto com ela, tamb\u00e9m feliz da vida, querendo ajudar, querendo cuidar das irm\u00e3s. T\u00e1 um barato a\u00ed dentro, t\u00e1 muito legal&#8221;, disse Ricardo.<\/p>\n<\/div>\n<div class=\"mc-column content-media content-media--normal content-photo\" data-block-type=\"backstage-photo\" data-block-id=\"11\">\n<div class=\"content-media__container\">\n<div class=\"content-media__image-centered\">\n<div class=\"progressive-img can-open-lightbox\" data-min-size=\"1008x631\" data-min-size-url=\"https:\/\/s2.glbimg.com\/0i8jZswdlO_LWsyd9ZKAhNjCJtI=\/0x0:1700x1065\/1008x0\/smart\/filters:strip_icc()\/i.s3.glbimg.com\/v1\/AUTH_59edd422c0c84a879bd37670ae4f538a\/internal_photos\/bs\/2018\/M\/p\/kaZ0LPTaGaGdAX8K1DZQ\/ricardo-sangalo.jpg\" data-max-size=\"1600x1002\" data-max-size-url=\"https:\/\/s2.glbimg.com\/xC7PP9LO7S3AP1bc9b3X6BY44Rg=\/0x0:1700x1065\/1600x0\/smart\/filters:strip_icc()\/i.s3.glbimg.com\/v1\/AUTH_59edd422c0c84a879bd37670ae4f538a\/internal_photos\/bs\/2018\/M\/p\/kaZ0LPTaGaGdAX8K1DZQ\/ricardo-sangalo.jpg\" data-media-index=\"1\">\n<div class=\"placeholder-container\"><\/div>\n<p><img class=\"progressive-draft\" title=\"Ricardo Sangalo, irm\u00e3o de Ivete Sangalo, acompanhou a cantora na maternidade (Foto: Henrique Mendes\/G1)\" src=\"data:image\/jpeg;base64,\/9j\/4AAQSkZJRgABAQAAAQABAAD\/2wBDAAMCAgMCAgMDAwMEAwMEBQgFBQQEBQoHBwYIDAoMDAsKCwsNDhIQDQ4RDgsLEBYQERMUFRUVDA8XGBYUGBIUFRT\/2wBDAQMEBAUEBQkFBQkUDQsNFBQUFBQUFBQUFBQUFBQUFBQUFBQUFBQUFBQUFBQUFBQUFBQUFBQUFBQUFBQUFBQUFBT\/wgARCAAQABkDASIAAhEBAxEB\/8QAFQABAQAAAAAAAAAAAAAAAAAABgX\/xAAWAQEBAQAAAAAAAAAAAAAAAAADAgT\/2gAMAwEAAhADEAAAASz40bzXelJbRD\/\/xAAdEAACAgIDAQAAAAAAAAAAAAAEBQACAwYSFBUW\/9oACAEBAAEFAiCPP2vI6KEdlZLhTsTZdctchauI4jKSHN\/kbz\/\/xAAZEQADAQEBAAAAAAAAAAAAAAABAhEAAyH\/2gAIAQMBAT8B4K1JUXLZ5v\/EABkRAAIDAQAAAAAAAAAAAAAAAAIRAAESUf\/aAAgBAgEBPwE1lESl65P\/xAAjEAACAQQCAQUBAAAAAAAAAAABAgMABBESITJBBSMxM1Hw\/9oACAEBAAY\/Apo4o\/eaddCfgNwQau5LmSK6uAmpjg5UYHX+\/ah3smtUaLKK0u\/bnNfTV16st8q7ahbVBl2PAppXCxsvXZsM1GQgOqkBtj5Hiuq1\/8QAIRAAAQMDBAMAAAAAAAAAAAAAAQARITFBUWFxkeGBofH\/2gAIAQEAAT8hG5Lz2KOsjIUi8SDXQoS3OSLg39D4MxSRHa3OO0PjEaAYrWF30RT9WIQ\/ryiX0ihgPGy+CF\/\/2gAMAwEAAgADAAAAEKkP\/8QAGhEAAgIDAAAAAAAAAAAAAAAAAAERMSFxgf\/aAAgBAwEBPxC0EnqhEwR1H\/\/EABkRAQADAQEAAAAAAAAAAAAAAAEAETGB8P\/aAAgBAgEBPxBVahUQUMr7s\/\/EABwQAQEBAQEAAwEAAAAAAAAAAAERIQAxEFGB4f\/aAAgBAQABPxAV9Sq7UEBQTEfvq67o2GLLhQMbYgx2vgOkQmNiiA6cn+jjqwc+WBCxlf11bhiNKcuJXRZm8xCKakMeAIxniefBv\/\/Z\" alt=\"Ricardo Sangalo, irm\u00e3o de Ivete Sangalo, acompanhou a cantora na maternidade (Foto: Henrique Mendes\/G1)\" \/><picture><source srcset=\"https:\/\/s2.glbimg.com\/GG-EhQ5_XYsWzD65uV2u32TdU9k=\/0x0:1700x1065\/600x0\/smart\/filters:strip_icc()\/i.s3.glbimg.com\/v1\/AUTH_59edd422c0c84a879bd37670ae4f538a\/internal_photos\/bs\/2018\/M\/p\/kaZ0LPTaGaGdAX8K1DZQ\/ricardo-sangalo.jpg 1x, https:\/\/s2.glbimg.com\/rPiWhhib0wPxjPmuUN73hBSIKKE=\/0x0:1700x1065\/1200x0\/smart\/filters:strip_icc()\/i.s3.glbimg.com\/v1\/AUTH_59edd422c0c84a879bd37670ae4f538a\/internal_photos\/bs\/2018\/M\/p\/kaZ0LPTaGaGdAX8K1DZQ\/ricardo-sangalo.jpg 2x\" media=\"(max-width: 1024px)\" data-src=\"https:\/\/s2.glbimg.com\/GG-EhQ5_XYsWzD65uV2u32TdU9k=\/0x0:1700x1065\/600x0\/smart\/filters:strip_icc()\/i.s3.glbimg.com\/v1\/AUTH_59edd422c0c84a879bd37670ae4f538a\/internal_photos\/bs\/2018\/M\/p\/kaZ0LPTaGaGdAX8K1DZQ\/ricardo-sangalo.jpg 1x, https:\/\/s2.glbimg.com\/rPiWhhib0wPxjPmuUN73hBSIKKE=\/0x0:1700x1065\/1200x0\/smart\/filters:strip_icc()\/i.s3.glbimg.com\/v1\/AUTH_59edd422c0c84a879bd37670ae4f538a\/internal_photos\/bs\/2018\/M\/p\/kaZ0LPTaGaGdAX8K1DZQ\/ricardo-sangalo.jpg 2x\" \/><source srcset=\"https:\/\/s2.glbimg.com\/I5njGbnsKuXqPRlii60POMct_rc=\/0x0:1700x1065\/640x0\/smart\/filters:strip_icc()\/i.s3.glbimg.com\/v1\/AUTH_59edd422c0c84a879bd37670ae4f538a\/internal_photos\/bs\/2018\/M\/p\/kaZ0LPTaGaGdAX8K1DZQ\/ricardo-sangalo.jpg 1x, https:\/\/s2.glbimg.com\/E4_RG3ew2LM1KQF51elwsctZdhs=\/0x0:1700x1065\/1280x0\/smart\/filters:strip_icc()\/i.s3.glbimg.com\/v1\/AUTH_59edd422c0c84a879bd37670ae4f538a\/internal_photos\/bs\/2018\/M\/p\/kaZ0LPTaGaGdAX8K1DZQ\/ricardo-sangalo.jpg 2x\" media=\"(max-width: 1280px)\" data-src=\"https:\/\/s2.glbimg.com\/I5njGbnsKuXqPRlii60POMct_rc=\/0x0:1700x1065\/640x0\/smart\/filters:strip_icc()\/i.s3.glbimg.com\/v1\/AUTH_59edd422c0c84a879bd37670ae4f538a\/internal_photos\/bs\/2018\/M\/p\/kaZ0LPTaGaGdAX8K1DZQ\/ricardo-sangalo.jpg 1x, https:\/\/s2.glbimg.com\/E4_RG3ew2LM1KQF51elwsctZdhs=\/0x0:1700x1065\/1280x0\/smart\/filters:strip_icc()\/i.s3.glbimg.com\/v1\/AUTH_59edd422c0c84a879bd37670ae4f538a\/internal_photos\/bs\/2018\/M\/p\/kaZ0LPTaGaGdAX8K1DZQ\/ricardo-sangalo.jpg 2x\" \/><source srcset=\"https:\/\/s2.glbimg.com\/sUdp39c99z9n_bJ_6ooqNlbyNX4=\/0x0:1700x1065\/984x0\/smart\/filters:strip_icc()\/i.s3.glbimg.com\/v1\/AUTH_59edd422c0c84a879bd37670ae4f538a\/internal_photos\/bs\/2018\/M\/p\/kaZ0LPTaGaGdAX8K1DZQ\/ricardo-sangalo.jpg 1x, https:\/\/s2.glbimg.com\/O-NDXnPtjeE_NYa7nMTP857Xx9Y=\/0x0:1700x1065\/1968x0\/smart\/filters:strip_icc()\/i.s3.glbimg.com\/v1\/AUTH_59edd422c0c84a879bd37670ae4f538a\/internal_photos\/bs\/2018\/M\/p\/kaZ0LPTaGaGdAX8K1DZQ\/ricardo-sangalo.jpg 2x\" media=\"(max-width: 1360px)\" data-src=\"https:\/\/s2.glbimg.com\/sUdp39c99z9n_bJ_6ooqNlbyNX4=\/0x0:1700x1065\/984x0\/smart\/filters:strip_icc()\/i.s3.glbimg.com\/v1\/AUTH_59edd422c0c84a879bd37670ae4f538a\/internal_photos\/bs\/2018\/M\/p\/kaZ0LPTaGaGdAX8K1DZQ\/ricardo-sangalo.jpg 1x, https:\/\/s2.glbimg.com\/O-NDXnPtjeE_NYa7nMTP857Xx9Y=\/0x0:1700x1065\/1968x0\/smart\/filters:strip_icc()\/i.s3.glbimg.com\/v1\/AUTH_59edd422c0c84a879bd37670ae4f538a\/internal_photos\/bs\/2018\/M\/p\/kaZ0LPTaGaGdAX8K1DZQ\/ricardo-sangalo.jpg 2x\" \/><source srcset=\"https:\/\/s2.glbimg.com\/sVdu2c_7GduLCJFL5SirkeeB4Kc=\/0x0:1700x1065\/1000x0\/smart\/filters:strip_icc()\/i.s3.glbimg.com\/v1\/AUTH_59edd422c0c84a879bd37670ae4f538a\/internal_photos\/bs\/2018\/M\/p\/kaZ0LPTaGaGdAX8K1DZQ\/ricardo-sangalo.jpg 1x, https:\/\/s2.glbimg.com\/NQThxsRgix_PUuO7rPBbgdSKEEg=\/0x0:1700x1065\/2000x0\/smart\/filters:strip_icc()\/i.s3.glbimg.com\/v1\/AUTH_59edd422c0c84a879bd37670ae4f538a\/internal_photos\/bs\/2018\/M\/p\/kaZ0LPTaGaGdAX8K1DZQ\/ricardo-sangalo.jpg 2x\" media=\"(min-width: 1361px)\" data-src=\"https:\/\/s2.glbimg.com\/sVdu2c_7GduLCJFL5SirkeeB4Kc=\/0x0:1700x1065\/1000x0\/smart\/filters:strip_icc()\/i.s3.glbimg.com\/v1\/AUTH_59edd422c0c84a879bd37670ae4f538a\/internal_photos\/bs\/2018\/M\/p\/kaZ0LPTaGaGdAX8K1DZQ\/ricardo-sangalo.jpg 1x, https:\/\/s2.glbimg.com\/NQThxsRgix_PUuO7rPBbgdSKEEg=\/0x0:1700x1065\/2000x0\/smart\/filters:strip_icc()\/i.s3.glbimg.com\/v1\/AUTH_59edd422c0c84a879bd37670ae4f538a\/internal_photos\/bs\/2018\/M\/p\/kaZ0LPTaGaGdAX8K1DZQ\/ricardo-sangalo.jpg 2x\" \/><source srcset=\"https:\/\/s2.glbimg.com\/sUdp39c99z9n_bJ_6ooqNlbyNX4=\/0x0:1700x1065\/984x0\/smart\/filters:strip_icc()\/i.s3.glbimg.com\/v1\/AUTH_59edd422c0c84a879bd37670ae4f538a\/internal_photos\/bs\/2018\/M\/p\/kaZ0LPTaGaGdAX8K1DZQ\/ricardo-sangalo.jpg\" data-src=\"https:\/\/s2.glbimg.com\/sUdp39c99z9n_bJ_6ooqNlbyNX4=\/0x0:1700x1065\/984x0\/smart\/filters:strip_icc()\/i.s3.glbimg.com\/v1\/AUTH_59edd422c0c84a879bd37670ae4f538a\/internal_photos\/bs\/2018\/M\/p\/kaZ0LPTaGaGdAX8K1DZQ\/ricardo-sangalo.jpg\" \/><img loading=\"lazy\" class=\"image content-media__image progressive-loaded\" title=\"Ricardo Sangalo, irm\u00e3o de Ivete Sangalo, acompanhou a cantora na maternidade (Foto: Henrique Mendes\/G1)\" src=\"https:\/\/s2.glbimg.com\/sUdp39c99z9n_bJ_6ooqNlbyNX4=\/0x0:1700x1065\/984x0\/smart\/filters:strip_icc()\/i.s3.glbimg.com\/v1\/AUTH_59edd422c0c84a879bd37670ae4f538a\/internal_photos\/bs\/2018\/M\/p\/kaZ0LPTaGaGdAX8K1DZQ\/ricardo-sangalo.jpg\" alt=\"Ricardo Sangalo, irm\u00e3o de Ivete Sangalo, acompanhou a cantora na maternidade (Foto: Henrique Mendes\/G1)\" width=\"388\" height=\"243\" data-src=\"https:\/\/s2.glbimg.com\/sUdp39c99z9n_bJ_6ooqNlbyNX4=\/0x0:1700x1065\/984x0\/smart\/filters:strip_icc()\/i.s3.glbimg.com\/v1\/AUTH_59edd422c0c84a879bd37670ae4f538a\/internal_photos\/bs\/2018\/M\/p\/kaZ0LPTaGaGdAX8K1DZQ\/ricardo-sangalo.jpg\" \/><\/picture>\n<\/div>\n<\/div>\n<div class=\"content-media__description-centered \">\n<p class=\"content-media__description\"><i class=\"content-media__description__icon theme-color-primary\"><\/i><span class=\"content-media__description__caption\">Ricardo Sangalo, irm\u00e3o de Ivete Sangalo, acompanhou a cantora na maternidade (Foto: Henrique Mendes\/G1)<\/span><\/p>\n<\/div>\n<\/div>\n<\/div>\n<div class=\"mc-column content-text active-extra-styles\" data-block-type=\"raw\" data-block-weight=\"4\" data-block-id=\"12\">\n<div class=\"content-intertitle\">\n<h2>&#8216;Maior carnaval da vida&#8217;<\/h2>\n<\/div>\n<\/div>\n<div class=\"mc-column content-text active-extra-styles \" data-block-type=\"unstyled\" data-block-weight=\"52\" data-block-id=\"13\">\n<p class=\"content-text__container \" data-track-category=\"Link no Texto\" data-track-links=\"\">Na madrugada deste s\u00e1bado, Ivete postou um v\u00eddeo no Instagram anunciando que estava na maternidade. &#8220;E \u00e9 com muita alegria que a mam\u00e3e mais feliz do mundo vai fazer o maior carnaval da sua vida na maternidade!!! Orem por n\u00f3s! Deus comigo sempre. Amo vcs!&#8221;, disse a cantora na legenda do post.<\/p>\n<\/div>\n<div class=\"mc-column content-media content-media--normal content-photo\" data-block-type=\"backstage-photo\" data-block-id=\"14\">\n<div class=\"content-media__container\">\n<div class=\"content-media__image-centered\">\n<div class=\"progressive-img can-open-lightbox\" data-min-size=\"1008x562\" data-min-size-url=\"https:\/\/s2.glbimg.com\/geBu2xmNb8mB_g_h9mNdobBHphc=\/0x0:627x350\/1008x0\/smart\/filters:strip_icc()\/i.s3.glbimg.com\/v1\/AUTH_59edd422c0c84a879bd37670ae4f538a\/internal_photos\/bs\/2018\/O\/C\/LuafH9QXCNBzvVbfqOeQ\/ivete.jpg\" data-max-size=\"1600x893\" data-max-size-url=\"https:\/\/s2.glbimg.com\/C7DRQs4QJ2sNVG1AOFptC4FFInw=\/0x0:627x350\/1600x0\/smart\/filters:strip_icc()\/i.s3.glbimg.com\/v1\/AUTH_59edd422c0c84a879bd37670ae4f538a\/internal_photos\/bs\/2018\/O\/C\/LuafH9QXCNBzvVbfqOeQ\/ivete.jpg\" data-media-index=\"2\">\n<div class=\"placeholder-container\"><\/div>\n<p><img class=\"progressive-draft\" title=\"Ivete aparece dan\u00e7ando em v\u00eddeo feito na maternidade antes do nascimento das g\u00eameas (Foto: Reprodu\u00e7\u00e3o\/Twitter)\" src=\"data:image\/jpeg;base64,\/9j\/4AAQSkZJRgABAQAAAQABAAD\/2wBDAAMCAgMCAgMDAwMEAwMEBQgFBQQEBQoHBwYIDAoMDAsKCwsNDhIQDQ4RDgsLEBYQERMUFRUVDA8XGBYUGBIUFRT\/2wBDAQMEBAUEBQkFBQkUDQsNFBQUFBQUFBQUFBQUFBQUFBQUFBQUFBQUFBQUFBQUFBQUFBQUFBQUFBQUFBQUFBQUFBT\/wgARCAAOABkDASIAAhEBAxEB\/8QAFwAAAwEAAAAAAAAAAAAAAAAAAwUGB\/\/EABYBAQEBAAAAAAAAAAAAAAAAAAQAAv\/aAAwDAQACEAMQAAABGbB7MabbPlSTV\/\/EAB4QAAEDBAMAAAAAAAAAAAAAAAIDBAUAAQYTEhQj\/9oACAEBAAEFAo\/NRknbuYdaFZXtR++1Mrmq7NTkZqmgr6V\/\/8QAFxEAAwEAAAAAAAAAAAAAAAAAAAECIf\/aAAgBAwEBPwFVhTP\/xAAXEQADAQAAAAAAAAAAAAAAAAAAAQIh\/9oACAECAQE\/AXOkyf\/EACIQAAEEAQQCAwAAAAAAAAAAAAIAAQMREiExYXEEIjJRUv\/aAAgBAQAGPwLzCmu7KSJi+vyvd4opthrXLnpZu8Ihn8Wf2tuFuyKICrfDh7TNbvgNa9oqMsTEiq+2W6\/\/xAAgEAACAgEDBQAAAAAAAAAAAAABEQAhMVGBoUFhcZHx\/9oACAEBAAE\/ISYrJwYetlcwMujA73gMJrDKAclkxldgs+p96KS2TUFAPGYc1Qm4ZoxHwBTOI9Gf\/9oADAMBAAIAAwAAABBjD\/\/EABkRAQACAwAAAAAAAAAAAAAAAAEAESFBUf\/aAAgBAwEBPxBLO4WHs\/\/EABYRAQEBAAAAAAAAAAAAAAAAAAEAEf\/aAAgBAgEBPxAzFgJf\/8QAHRABAQEAAgIDAAAAAAAAAAAAAREhADEQYUGR8f\/aAAgBAQABPxAN5wjKqSoWenWcKngn7oSXAhjSFXi8vNcUp0G17z4AuKeaBKgomwvXTOUUIwLEu+lfvmQDAeggYtXx08\/Xef\/Z\" alt=\"Ivete aparece dan\u00e7ando em v\u00eddeo feito na maternidade antes do nascimento das g\u00eameas (Foto: Reprodu\u00e7\u00e3o\/Twitter)\" \/><picture><source srcset=\"https:\/\/s2.glbimg.com\/kv5nqttSL2Q8wH7w6Etar1KO53k=\/0x0:627x350\/600x0\/smart\/filters:strip_icc()\/i.s3.glbimg.com\/v1\/AUTH_59edd422c0c84a879bd37670ae4f538a\/internal_photos\/bs\/2018\/O\/C\/LuafH9QXCNBzvVbfqOeQ\/ivete.jpg 1x, https:\/\/s2.glbimg.com\/m8XP5206ExDrModrsn0vvnwmSDA=\/0x0:627x350\/1200x0\/smart\/filters:strip_icc()\/i.s3.glbimg.com\/v1\/AUTH_59edd422c0c84a879bd37670ae4f538a\/internal_photos\/bs\/2018\/O\/C\/LuafH9QXCNBzvVbfqOeQ\/ivete.jpg 2x\" media=\"(max-width: 1024px)\" data-src=\"https:\/\/s2.glbimg.com\/kv5nqttSL2Q8wH7w6Etar1KO53k=\/0x0:627x350\/600x0\/smart\/filters:strip_icc()\/i.s3.glbimg.com\/v1\/AUTH_59edd422c0c84a879bd37670ae4f538a\/internal_photos\/bs\/2018\/O\/C\/LuafH9QXCNBzvVbfqOeQ\/ivete.jpg 1x, https:\/\/s2.glbimg.com\/m8XP5206ExDrModrsn0vvnwmSDA=\/0x0:627x350\/1200x0\/smart\/filters:strip_icc()\/i.s3.glbimg.com\/v1\/AUTH_59edd422c0c84a879bd37670ae4f538a\/internal_photos\/bs\/2018\/O\/C\/LuafH9QXCNBzvVbfqOeQ\/ivete.jpg 2x\" \/><source srcset=\"https:\/\/s2.glbimg.com\/1eoASm7NrO68WPYrrXgxfc9n6ZI=\/0x0:627x350\/640x0\/smart\/filters:strip_icc()\/i.s3.glbimg.com\/v1\/AUTH_59edd422c0c84a879bd37670ae4f538a\/internal_photos\/bs\/2018\/O\/C\/LuafH9QXCNBzvVbfqOeQ\/ivete.jpg 1x, https:\/\/s2.glbimg.com\/7ZMkEfIc1HTknXiBtz1SqKsEAag=\/0x0:627x350\/1280x0\/smart\/filters:strip_icc()\/i.s3.glbimg.com\/v1\/AUTH_59edd422c0c84a879bd37670ae4f538a\/internal_photos\/bs\/2018\/O\/C\/LuafH9QXCNBzvVbfqOeQ\/ivete.jpg 2x\" media=\"(max-width: 1280px)\" data-src=\"https:\/\/s2.glbimg.com\/1eoASm7NrO68WPYrrXgxfc9n6ZI=\/0x0:627x350\/640x0\/smart\/filters:strip_icc()\/i.s3.glbimg.com\/v1\/AUTH_59edd422c0c84a879bd37670ae4f538a\/internal_photos\/bs\/2018\/O\/C\/LuafH9QXCNBzvVbfqOeQ\/ivete.jpg 1x, https:\/\/s2.glbimg.com\/7ZMkEfIc1HTknXiBtz1SqKsEAag=\/0x0:627x350\/1280x0\/smart\/filters:strip_icc()\/i.s3.glbimg.com\/v1\/AUTH_59edd422c0c84a879bd37670ae4f538a\/internal_photos\/bs\/2018\/O\/C\/LuafH9QXCNBzvVbfqOeQ\/ivete.jpg 2x\" \/><source srcset=\"https:\/\/s2.glbimg.com\/P82IC_gaZyazYdDHWekiyQmsb9c=\/0x0:627x350\/984x0\/smart\/filters:strip_icc()\/i.s3.glbimg.com\/v1\/AUTH_59edd422c0c84a879bd37670ae4f538a\/internal_photos\/bs\/2018\/O\/C\/LuafH9QXCNBzvVbfqOeQ\/ivete.jpg 1x, https:\/\/s2.glbimg.com\/a88ZrNBkPablphyxkiZRe2v2AEk=\/0x0:627x350\/1968x0\/smart\/filters:strip_icc()\/i.s3.glbimg.com\/v1\/AUTH_59edd422c0c84a879bd37670ae4f538a\/internal_photos\/bs\/2018\/O\/C\/LuafH9QXCNBzvVbfqOeQ\/ivete.jpg 2x\" media=\"(max-width: 1360px)\" data-src=\"https:\/\/s2.glbimg.com\/P82IC_gaZyazYdDHWekiyQmsb9c=\/0x0:627x350\/984x0\/smart\/filters:strip_icc()\/i.s3.glbimg.com\/v1\/AUTH_59edd422c0c84a879bd37670ae4f538a\/internal_photos\/bs\/2018\/O\/C\/LuafH9QXCNBzvVbfqOeQ\/ivete.jpg 1x, https:\/\/s2.glbimg.com\/a88ZrNBkPablphyxkiZRe2v2AEk=\/0x0:627x350\/1968x0\/smart\/filters:strip_icc()\/i.s3.glbimg.com\/v1\/AUTH_59edd422c0c84a879bd37670ae4f538a\/internal_photos\/bs\/2018\/O\/C\/LuafH9QXCNBzvVbfqOeQ\/ivete.jpg 2x\" \/><source srcset=\"https:\/\/s2.glbimg.com\/QZeLtXX7IB6n7nGWQS7l21yQ5xI=\/0x0:627x350\/1000x0\/smart\/filters:strip_icc()\/i.s3.glbimg.com\/v1\/AUTH_59edd422c0c84a879bd37670ae4f538a\/internal_photos\/bs\/2018\/O\/C\/LuafH9QXCNBzvVbfqOeQ\/ivete.jpg 1x, https:\/\/s2.glbimg.com\/cIK9YosHJKV6DmE5NNzM6z4ek-Y=\/0x0:627x350\/2000x0\/smart\/filters:strip_icc()\/i.s3.glbimg.com\/v1\/AUTH_59edd422c0c84a879bd37670ae4f538a\/internal_photos\/bs\/2018\/O\/C\/LuafH9QXCNBzvVbfqOeQ\/ivete.jpg 2x\" media=\"(min-width: 1361px)\" data-src=\"https:\/\/s2.glbimg.com\/QZeLtXX7IB6n7nGWQS7l21yQ5xI=\/0x0:627x350\/1000x0\/smart\/filters:strip_icc()\/i.s3.glbimg.com\/v1\/AUTH_59edd422c0c84a879bd37670ae4f538a\/internal_photos\/bs\/2018\/O\/C\/LuafH9QXCNBzvVbfqOeQ\/ivete.jpg 1x, https:\/\/s2.glbimg.com\/cIK9YosHJKV6DmE5NNzM6z4ek-Y=\/0x0:627x350\/2000x0\/smart\/filters:strip_icc()\/i.s3.glbimg.com\/v1\/AUTH_59edd422c0c84a879bd37670ae4f538a\/internal_photos\/bs\/2018\/O\/C\/LuafH9QXCNBzvVbfqOeQ\/ivete.jpg 2x\" \/><source srcset=\"https:\/\/s2.glbimg.com\/P82IC_gaZyazYdDHWekiyQmsb9c=\/0x0:627x350\/984x0\/smart\/filters:strip_icc()\/i.s3.glbimg.com\/v1\/AUTH_59edd422c0c84a879bd37670ae4f538a\/internal_photos\/bs\/2018\/O\/C\/LuafH9QXCNBzvVbfqOeQ\/ivete.jpg\" data-src=\"https:\/\/s2.glbimg.com\/P82IC_gaZyazYdDHWekiyQmsb9c=\/0x0:627x350\/984x0\/smart\/filters:strip_icc()\/i.s3.glbimg.com\/v1\/AUTH_59edd422c0c84a879bd37670ae4f538a\/internal_photos\/bs\/2018\/O\/C\/LuafH9QXCNBzvVbfqOeQ\/ivete.jpg\" \/><img loading=\"lazy\" class=\"image content-media__image progressive-loaded\" title=\"Ivete aparece dan\u00e7ando em v\u00eddeo feito na maternidade antes do nascimento das g\u00eameas (Foto: Reprodu\u00e7\u00e3o\/Twitter)\" src=\"https:\/\/s2.glbimg.com\/P82IC_gaZyazYdDHWekiyQmsb9c=\/0x0:627x350\/984x0\/smart\/filters:strip_icc()\/i.s3.glbimg.com\/v1\/AUTH_59edd422c0c84a879bd37670ae4f538a\/internal_photos\/bs\/2018\/O\/C\/LuafH9QXCNBzvVbfqOeQ\/ivete.jpg\" alt=\"Ivete aparece dan\u00e7ando em v\u00eddeo feito na maternidade antes do nascimento das g\u00eameas (Foto: Reprodu\u00e7\u00e3o\/Twitter)\" width=\"344\" height=\"192\" data-src=\"https:\/\/s2.glbimg.com\/P82IC_gaZyazYdDHWekiyQmsb9c=\/0x0:627x350\/984x0\/smart\/filters:strip_icc()\/i.s3.glbimg.com\/v1\/AUTH_59edd422c0c84a879bd37670ae4f538a\/internal_photos\/bs\/2018\/O\/C\/LuafH9QXCNBzvVbfqOeQ\/ivete.jpg\" \/><\/picture>\n<\/div>\n<\/div>\n<div class=\"content-media__description-centered \">\n<p class=\"content-media__description\"><i class=\"content-media__description__icon theme-color-primary\"><\/i><span class=\"content-media__description__caption\">Ivete aparece dan\u00e7ando em v\u00eddeo feito na maternidade antes do nascimento das g\u00eameas (Foto: Reprodu\u00e7\u00e3o\/Twitter)<\/span><\/p>\n<\/div>\n<\/div>\n<\/div>\n<div class=\"mc-column content-text active-extra-styles \" data-block-type=\"unstyled\" data-block-weight=\"38\" data-block-id=\"15\">\n<p class=\"content-text__container \" data-track-category=\"Link no Texto\" data-track-links=\"\">No v\u00eddeo, a cantora aparece dan\u00e7ando a m\u00fasica de trabalho &#8220;No Groove&#8221;, feita em parceria com M\u00e1rcio Victor, do Psirico. Na postagem, Ivete est\u00e1 com o marido, Daniel Cady, familiares e amigos, dentro do quarto de uma maternidade<\/p>\n<p class=\"content-text__container \" data-track-category=\"Link no Texto\" data-track-links=\"\">Carnaval sem Ivete<\/p>\n<\/div>\n<div class=\"mc-column content-text active-extra-styles \" data-block-type=\"unstyled\" data-block-weight=\"35\" data-block-id=\"20\">\n<p class=\"content-text__container \" data-track-category=\"Link no Texto\" data-track-links=\"\">O carnaval de Salvador de 2018 \u00e9 o primeiro em 24 anos que n\u00e3o conta com apresenta\u00e7\u00f5es da cantora. Ela anunciou que, por conta da gravidez de g\u00eameas, n\u00e3o iria participar da folia deste ano.<\/p>\n<\/div>\n<div class=\"mc-column content-text active-extra-styles \" data-block-type=\"unstyled\" data-block-weight=\"36\" data-block-id=\"21\">\n<p class=\"content-text__container \" data-track-category=\"Link no Texto\" data-track-links=\"\">Os blocos Coruja e Cerveja &amp; Cia, que s\u00e3o de propriedade da artista, tamb\u00e9m n\u00e3o est\u00e3o na festa. Ivete estreou no carnaval de Salvador em 1994, quando tinha apenas 21 anos, \u00e0 frente da Banda Eva.<\/p>\n<\/div>\n<div class=\"mc-column content-text active-extra-styles \" data-block-type=\"unstyled\" data-block-weight=\"35\" data-block-id=\"22\">\n<p class=\"content-text__container \" data-track-category=\"Link no Texto\" data-track-links=\"\">De l\u00e1 para c\u00e1, foram 24 anos seguidos agitando os circuitos da capital baiana. Com o grupo, Ivete conquistou o Brasil, com sucessos como \u201cArer\u00ea\u201d, \u201cLevada Louca\u201d, \u201cAl\u00f4 Paix\u00e3o\u201d, \u201cMe Abra\u00e7a\u201d, \u201cCarro Velho\u201d e outros.<\/p>\n<\/div>\n<div class=\"mc-column content-text active-extra-styles\" data-block-type=\"raw\" data-block-weight=\"1\" data-block-id=\"23\"><\/div>\n<div class=\"mc-column content-media content-media--normal content-photo\" data-block-type=\"backstage-photo\" data-block-id=\"27\">\n<div class=\"content-media__container\">\n<div class=\"content-media__image-centered\">\n<div class=\"progressive-img can-open-lightbox\" data-min-size=\"1008x672\" data-min-size-url=\"https:\/\/s2.glbimg.com\/_05Rz95aHflV3N7YzE_7HeMqB_w=\/0x0:1620x1080\/1008x0\/smart\/filters:strip_icc()\/i.s3.glbimg.com\/v1\/AUTH_59edd422c0c84a879bd37670ae4f538a\/internal_photos\/bs\/2018\/P\/6\/MxYFWoS2qC2rqhBcjArQ\/img-7532.jpg\" data-max-size=\"1600x1066\" data-max-size-url=\"https:\/\/s2.glbimg.com\/ssM4KNScsolEm_irlordknn1Tf8=\/0x0:1620x1080\/1600x0\/smart\/filters:strip_icc()\/i.s3.glbimg.com\/v1\/AUTH_59edd422c0c84a879bd37670ae4f538a\/internal_photos\/bs\/2018\/P\/6\/MxYFWoS2qC2rqhBcjArQ\/img-7532.jpg\" data-media-index=\"3\"><picture><source srcset=\"https:\/\/s2.glbimg.com\/RDc5lhVVdw4w6m7KaV5Mq-dZH_o=\/0x0:1600x1063\/600x0\/smart\/filters:strip_icc()\/i.s3.glbimg.com\/v1\/AUTH_59edd422c0c84a879bd37670ae4f538a\/internal_photos\/bs\/2018\/n\/6\/Xai7diSmaCBRGY4k4AfQ\/31-12-2017-ivete-sangalo-festival-virada-salvador-2017-foto-jefferson-peixoto-secompms-4.jpg 1x, https:\/\/s2.glbimg.com\/4_qY-GYkpLYhIttViqoGZN59ObM=\/0x0:1600x1063\/1200x0\/smart\/filters:strip_icc()\/i.s3.glbimg.com\/v1\/AUTH_59edd422c0c84a879bd37670ae4f538a\/internal_photos\/bs\/2018\/n\/6\/Xai7diSmaCBRGY4k4AfQ\/31-12-2017-ivete-sangalo-festival-virada-salvador-2017-foto-jefferson-peixoto-secompms-4.jpg 2x\" media=\"(max-width: 1024px)\" data-src=\"https:\/\/s2.glbimg.com\/RDc5lhVVdw4w6m7KaV5Mq-dZH_o=\/0x0:1600x1063\/600x0\/smart\/filters:strip_icc()\/i.s3.glbimg.com\/v1\/AUTH_59edd422c0c84a879bd37670ae4f538a\/internal_photos\/bs\/2018\/n\/6\/Xai7diSmaCBRGY4k4AfQ\/31-12-2017-ivete-sangalo-festival-virada-salvador-2017-foto-jefferson-peixoto-secompms-4.jpg 1x, https:\/\/s2.glbimg.com\/4_qY-GYkpLYhIttViqoGZN59ObM=\/0x0:1600x1063\/1200x0\/smart\/filters:strip_icc()\/i.s3.glbimg.com\/v1\/AUTH_59edd422c0c84a879bd37670ae4f538a\/internal_photos\/bs\/2018\/n\/6\/Xai7diSmaCBRGY4k4AfQ\/31-12-2017-ivete-sangalo-festival-virada-salvador-2017-foto-jefferson-peixoto-secompms-4.jpg 2x\" \/><source srcset=\"https:\/\/s2.glbimg.com\/ICnjf_8bPrFsMEyJGc59a539aL4=\/0x0:1600x1063\/640x0\/smart\/filters:strip_icc()\/i.s3.glbimg.com\/v1\/AUTH_59edd422c0c84a879bd37670ae4f538a\/internal_photos\/bs\/2018\/n\/6\/Xai7diSmaCBRGY4k4AfQ\/31-12-2017-ivete-sangalo-festival-virada-salvador-2017-foto-jefferson-peixoto-secompms-4.jpg 1x, https:\/\/s2.glbimg.com\/CiAoaGX7PUtw_c67FFgsjAgwDJ8=\/0x0:1600x1063\/1280x0\/smart\/filters:strip_icc()\/i.s3.glbimg.com\/v1\/AUTH_59edd422c0c84a879bd37670ae4f538a\/internal_photos\/bs\/2018\/n\/6\/Xai7diSmaCBRGY4k4AfQ\/31-12-2017-ivete-sangalo-festival-virada-salvador-2017-foto-jefferson-peixoto-secompms-4.jpg 2x\" media=\"(max-width: 1280px)\" data-src=\"https:\/\/s2.glbimg.com\/ICnjf_8bPrFsMEyJGc59a539aL4=\/0x0:1600x1063\/640x0\/smart\/filters:strip_icc()\/i.s3.glbimg.com\/v1\/AUTH_59edd422c0c84a879bd37670ae4f538a\/internal_photos\/bs\/2018\/n\/6\/Xai7diSmaCBRGY4k4AfQ\/31-12-2017-ivete-sangalo-festival-virada-salvador-2017-foto-jefferson-peixoto-secompms-4.jpg 1x, https:\/\/s2.glbimg.com\/CiAoaGX7PUtw_c67FFgsjAgwDJ8=\/0x0:1600x1063\/1280x0\/smart\/filters:strip_icc()\/i.s3.glbimg.com\/v1\/AUTH_59edd422c0c84a879bd37670ae4f538a\/internal_photos\/bs\/2018\/n\/6\/Xai7diSmaCBRGY4k4AfQ\/31-12-2017-ivete-sangalo-festival-virada-salvador-2017-foto-jefferson-peixoto-secompms-4.jpg 2x\" \/><source srcset=\"https:\/\/s2.glbimg.com\/h2y32jxb1n-jd8rP3eI3FlqjIb8=\/0x0:1600x1063\/984x0\/smart\/filters:strip_icc()\/i.s3.glbimg.com\/v1\/AUTH_59edd422c0c84a879bd37670ae4f538a\/internal_photos\/bs\/2018\/n\/6\/Xai7diSmaCBRGY4k4AfQ\/31-12-2017-ivete-sangalo-festival-virada-salvador-2017-foto-jefferson-peixoto-secompms-4.jpg 1x, https:\/\/s2.glbimg.com\/Utd5IGvod_5mL425oA_ckBp4X2Q=\/0x0:1600x1063\/1968x0\/smart\/filters:strip_icc()\/i.s3.glbimg.com\/v1\/AUTH_59edd422c0c84a879bd37670ae4f538a\/internal_photos\/bs\/2018\/n\/6\/Xai7diSmaCBRGY4k4AfQ\/31-12-2017-ivete-sangalo-festival-virada-salvador-2017-foto-jefferson-peixoto-secompms-4.jpg 2x\" media=\"(max-width: 1360px)\" data-src=\"https:\/\/s2.glbimg.com\/h2y32jxb1n-jd8rP3eI3FlqjIb8=\/0x0:1600x1063\/984x0\/smart\/filters:strip_icc()\/i.s3.glbimg.com\/v1\/AUTH_59edd422c0c84a879bd37670ae4f538a\/internal_photos\/bs\/2018\/n\/6\/Xai7diSmaCBRGY4k4AfQ\/31-12-2017-ivete-sangalo-festival-virada-salvador-2017-foto-jefferson-peixoto-secompms-4.jpg 1x, https:\/\/s2.glbimg.com\/Utd5IGvod_5mL425oA_ckBp4X2Q=\/0x0:1600x1063\/1968x0\/smart\/filters:strip_icc()\/i.s3.glbimg.com\/v1\/AUTH_59edd422c0c84a879bd37670ae4f538a\/internal_photos\/bs\/2018\/n\/6\/Xai7diSmaCBRGY4k4AfQ\/31-12-2017-ivete-sangalo-festival-virada-salvador-2017-foto-jefferson-peixoto-secompms-4.jpg 2x\" \/><source srcset=\"https:\/\/s2.glbimg.com\/Q7mYbJOXqWP3WnQ1vVexKibqfCQ=\/0x0:1600x1063\/1000x0\/smart\/filters:strip_icc()\/i.s3.glbimg.com\/v1\/AUTH_59edd422c0c84a879bd37670ae4f538a\/internal_photos\/bs\/2018\/n\/6\/Xai7diSmaCBRGY4k4AfQ\/31-12-2017-ivete-sangalo-festival-virada-salvador-2017-foto-jefferson-peixoto-secompms-4.jpg 1x, https:\/\/s2.glbimg.com\/-w3IoEmKhAUtuxZTOpBRLk2pRc8=\/0x0:1600x1063\/2000x0\/smart\/filters:strip_icc()\/i.s3.glbimg.com\/v1\/AUTH_59edd422c0c84a879bd37670ae4f538a\/internal_photos\/bs\/2018\/n\/6\/Xai7diSmaCBRGY4k4AfQ\/31-12-2017-ivete-sangalo-festival-virada-salvador-2017-foto-jefferson-peixoto-secompms-4.jpg 2x\" media=\"(min-width: 1361px)\" data-src=\"https:\/\/s2.glbimg.com\/Q7mYbJOXqWP3WnQ1vVexKibqfCQ=\/0x0:1600x1063\/1000x0\/smart\/filters:strip_icc()\/i.s3.glbimg.com\/v1\/AUTH_59edd422c0c84a879bd37670ae4f538a\/internal_photos\/bs\/2018\/n\/6\/Xai7diSmaCBRGY4k4AfQ\/31-12-2017-ivete-sangalo-festival-virada-salvador-2017-foto-jefferson-peixoto-secompms-4.jpg 1x, https:\/\/s2.glbimg.com\/-w3IoEmKhAUtuxZTOpBRLk2pRc8=\/0x0:1600x1063\/2000x0\/smart\/filters:strip_icc()\/i.s3.glbimg.com\/v1\/AUTH_59edd422c0c84a879bd37670ae4f538a\/internal_photos\/bs\/2018\/n\/6\/Xai7diSmaCBRGY4k4AfQ\/31-12-2017-ivete-sangalo-festival-virada-salvador-2017-foto-jefferson-peixoto-secompms-4.jpg 2x\" \/><source srcset=\"https:\/\/s2.glbimg.com\/h2y32jxb1n-jd8rP3eI3FlqjIb8=\/0x0:1600x1063\/984x0\/smart\/filters:strip_icc()\/i.s3.glbimg.com\/v1\/AUTH_59edd422c0c84a879bd37670ae4f538a\/internal_photos\/bs\/2018\/n\/6\/Xai7diSmaCBRGY4k4AfQ\/31-12-2017-ivete-sangalo-festival-virada-salvador-2017-foto-jefferson-peixoto-secompms-4.jpg\" data-src=\"https:\/\/s2.glbimg.com\/h2y32jxb1n-jd8rP3eI3FlqjIb8=\/0x0:1600x1063\/984x0\/smart\/filters:strip_icc()\/i.s3.glbimg.com\/v1\/AUTH_59edd422c0c84a879bd37670ae4f538a\/internal_photos\/bs\/2018\/n\/6\/Xai7diSmaCBRGY4k4AfQ\/31-12-2017-ivete-sangalo-festival-virada-salvador-2017-foto-jefferson-peixoto-secompms-4.jpg\" \/><\/picture><\/div>\n<\/div>\n<\/div>\n<\/div>\n<div data-track-category=\"fim do conteudo\" data-track-action=\"ultimo chunk conteudo\" data-track-noninteraction=\"false\" data-track-scroll=\"entrada completa viewport\"><\/div>\n<\/article>\n<\/div>\n","protected":false},"excerpt":{"rendered":"<p>Filhas de Ivete Sangalo nasceram no Hospital Alian\u00e7a, no bairro do Rio Vermelho, em Salvador (Foto: Henrique Mendes\/G1) As g\u00eameas da cantora Ivete Sangalo nasceram na manh\u00e3 deste s\u00e1bado (10), em Salvador. A informa\u00e7\u00e3o foi confirmada pela assessoria da cantora por volta das 6h15 (hor\u00e1rio local). As meninas se chamam Marina e Helena. Ainda de [&hellip;]<\/p>\n","protected":false},"author":2,"featured_media":0,"comment_status":"open","ping_status":"open","sticky":false,"template":"","format":"standard","meta":{"_links_to":"","_links_to_target":""},"categories":[7,9,8,1],"tags":[],"_links":{"self":[{"href":"https:\/\/www.ilheusnoticias.net.br\/v1\/wp-json\/wp\/v2\/posts\/12589"}],"collection":[{"href":"https:\/\/www.ilheusnoticias.net.br\/v1\/wp-json\/wp\/v2\/posts"}],"about":[{"href":"https:\/\/www.ilheusnoticias.net.br\/v1\/wp-json\/wp\/v2\/types\/post"}],"author":[{"embeddable":true,"href":"https:\/\/www.ilheusnoticias.net.br\/v1\/wp-json\/wp\/v2\/users\/2"}],"replies":[{"embeddable":true,"href":"https:\/\/www.ilheusnoticias.net.br\/v1\/wp-json\/wp\/v2\/comments?post=12589"}],"version-history":[{"count":2,"href":"https:\/\/www.ilheusnoticias.net.br\/v1\/wp-json\/wp\/v2\/posts\/12589\/revisions"}],"predecessor-version":[{"id":12593,"href":"https:\/\/www.ilheusnoticias.net.br\/v1\/wp-json\/wp\/v2\/posts\/12589\/revisions\/12593"}],"wp:attachment":[{"href":"https:\/\/www.ilheusnoticias.net.br\/v1\/wp-json\/wp\/v2\/media?parent=12589"}],"wp:term":[{"taxonomy":"category","embeddable":true,"href":"https:\/\/www.ilheusnoticias.net.br\/v1\/wp-json\/wp\/v2\/categories?post=12589"},{"taxonomy":"post_tag","embeddable":true,"href":"https:\/\/www.ilheusnoticias.net.br\/v1\/wp-json\/wp\/v2\/tags?post=12589"}],"curies":[{"name":"wp","href":"https:\/\/api.w.org\/{rel}","templated":true}]}}