{"id":12569,"date":"2018-02-09T18:12:19","date_gmt":"2018-02-09T21:12:19","guid":{"rendered":"http:\/\/www.ilheusnoticias.net.br\/v1\/?p=12569"},"modified":"2018-02-09T18:12:19","modified_gmt":"2018-02-09T21:12:19","slug":"prefeito-anuncia-contratacao-de-medicos-e-mais-investimentos-na-saude-de-ilheus","status":"publish","type":"post","link":"https:\/\/www.ilheusnoticias.net.br\/v1\/2018\/02\/09\/prefeito-anuncia-contratacao-de-medicos-e-mais-investimentos-na-saude-de-ilheus\/","title":{"rendered":"Prefeito anuncia contrata\u00e7\u00e3o de m\u00e9dicos e mais investimentos na sa\u00fade de Ilh\u00e9us"},"content":{"rendered":"<h2 class=\"PostHeaderIcon-wrapper\"><\/h2>\n<div class=\"PostContent\">\n<div id=\"attachment_74220\" class=\"wp-caption aligncenter\"><a class=\"gallery_colorbox cboxElement\" href=\"http:\/\/www.agravo.blog.br\/wp-content\/uploads\/2018\/02\/Prefeito-M%C3%A1rio-Alexandre-durante-an%C3%BAncio-de-investimentos-na-sa%C3%BAde-Secom-Clodoaldo-Ribeiro-4.jpg\"><img loading=\"lazy\" class=\"size-full wp-image-74220\" src=\"http:\/\/www.agravo.blog.br\/wp-content\/uploads\/2018\/02\/Prefeito-M%C3%A1rio-Alexandre-durante-an%C3%BAncio-de-investimentos-na-sa%C3%BAde-Secom-Clodoaldo-Ribeiro-4.jpg\" sizes=\"(max-width: 500px) 100vw, 500px\" srcset=\"http:\/\/www.agravo.blog.br\/wp-content\/uploads\/2018\/02\/Prefeito-M\u00e1rio-Alexandre-durante-an\u00fancio-de-investimentos-na-sa\u00fade-Secom-Clodoaldo-Ribeiro-4.jpg 500w, http:\/\/www.agravo.blog.br\/wp-content\/uploads\/2018\/02\/Prefeito-M\u00e1rio-Alexandre-durante-an\u00fancio-de-investimentos-na-sa\u00fade-Secom-Clodoaldo-Ribeiro-4-300x169.jpg 300w\" alt=\"\" width=\"500\" height=\"281\" \/><\/a><\/p>\n<p class=\"wp-caption-text\">Prefeito M\u00e1rio Alexandre anuncia investimentos na Sa\u00fade<\/p>\n<\/div>\n<p>Reunido ontem (8) \u00e0 noite com vereadores, secret\u00e1rios municipais, profissionais da sa\u00fade e lideran\u00e7as da comunidade, no Centro Administrativo da Conquista, o prefeito de Ilh\u00e9us, M\u00e1rio Alexandre, anunciou a contrata\u00e7\u00e3o de uma equipe de 20 m\u00e9dicos que passam, de imediato, a atender a popula\u00e7\u00e3o da sede e do interior do munic\u00edpio.<\/p>\n<p>Na oportunidade, tamb\u00e9m anunciou que, com recursos pr\u00f3prios, inicia nos pr\u00f3ximos dias a recupera\u00e7\u00e3o estrutural de 10 postos de sa\u00fade e vai concluir mais sete postos, que est\u00e3o com obras paralisadas por falta de presta\u00e7\u00e3o de contas da administra\u00e7\u00e3o anterior ao governo federal, \u201ccompletando, com dinheiro da Prefeitura, o que falta, evitando assim que o munic\u00edpio tenha que devolver recursos e ficar sem as obras\u201d.<\/p>\n<p>\u201cQuando cancelei o carnaval, disse \u00e0 popula\u00e7\u00e3o de Ilh\u00e9us que os recursos que teriam que ser destinados \u00e0 festa, eu iria economizar para aplicar em setores essenciais da cidade. Hoje estou dando a primeira resposta\u201d, disse aos presentes. S\u00e3o mais 20 m\u00e9dicos que refor\u00e7ar\u00e3o as Unidades B\u00e1sicas e o Samu melhorando a capacidade de atendimento da sa\u00fade de Ilh\u00e9us.<\/p>\n<\/div>\n<p>&nbsp;<\/p>\n<p><!--more--><\/p>\n<div class=\"PostContent\">\n<p><strong>Novo olhar<\/strong>\u00a0\u2013 \u201cO m\u00e9dico da aten\u00e7\u00e3o b\u00e1sica \u00e9 voltado para a fam\u00edlia. Da crian\u00e7a ao idoso. Trabalhamos com o trip\u00e9 promo\u00e7\u00e3o, preven\u00e7\u00e3o e tratamento, diminuindo as filas dos hospitais, evitando, por exemplo, que os prontos socorros tem que fazer o papel de controle de press\u00e3o arterial ou da diabetes\u201d, explica a m\u00e9dica Beatriz Moraes, uma das contratadas.<\/p>\n<p>\u201cO PSF \u00e9 uma ideia maravilhosa em que servimos como base para a popula\u00e7\u00e3o n\u00e3o chegue \u00e0 m\u00e9dia e alta complexidade. Somos a base da triagem trabalhando com a medicina preventiva. O que estamos vendo hoje aqui \u00e9 um avan\u00e7o importante para a popula\u00e7\u00e3o\u201d, completou a colega Cl\u00edciaAdriana Maia, outra m\u00e9dica contratada.<\/p>\n<p>Al\u00e9m da contrata\u00e7\u00e3o dos profissionais, M\u00e1rio Alexandre anunciou a recupera\u00e7\u00e3o dos postos de sa\u00fade da Urbis, Policl\u00ednica HalilMedauar, Bas\u00edlio, Euler \u00c1zaro, Herval Soledade e Oliven\u00e7a. De acordo com o calend\u00e1rio que estabeleceu, todos dever\u00e3o estar conclu\u00eddos ainda no primeiro semestre deste ano.<\/p>\n<p><strong>Retomada de obras<\/strong>\u00a0\u2013 Sobre a retomada das obras de constru\u00e7\u00e3o do Programa Sa\u00fade da Fam\u00edlia, em conv\u00eanio com o governo federal, o prefeito explicou que vai complementar recursos e concluir os PSFs da Conquista, Oliven\u00e7a, S\u00e3o Jos\u00e9, Esperan\u00e7a, Princesa Isabel, Banco da Vit\u00f3ria e Vilela. Ser\u00e3o dois milh\u00f5es e 200 mil reais de recursos pr\u00f3prios para as obras serem conclu\u00eddas, evitando assim que o munic\u00edpio devolva recursos que n\u00e3o foram prestados contas na gest\u00e3o passada.<\/p>\n<p>\u201cN\u00e3o tenho d\u00favida de que vamos melhorar o atendimento e fazer a sa\u00fade avan\u00e7ar. Em um ano n\u00e3o deu para resolver todos os problemas da cidade. Mas fizemos muito. E faremos muito mais\u201d, disse o prefeito de Ilh\u00e9us. \u201cN\u00e3o s\u00e3o s\u00f3 m\u00e9dicos. S\u00e3o postos recuperados e um sistema de sa\u00fade funcionando. \u00c9 dever fazer isso e muitos n\u00e3o fizeram. Agora \u00e9 o momento poss\u00edvel, ap\u00f3s desmandos deixados por governos passados\u201d, disse a deputada estadual \u00c2ngela Sousa, presente ao ato.<\/p>\n<p><strong>Passo importante<\/strong>\u00a0\u2013 \u201cHoje damos um passo importante para combatermos um dos mais graves problemas da cidade\u201d, reconheceu o vice-prefeito Jos\u00e9 Nazal. A secret\u00e1ria Eliz\u00e2ngela Oliveira explica que os novos m\u00e9dicos atuar\u00e3o na Assist\u00eancia B\u00e1sica, em especial em distritos e povoados, que est\u00e3o sem profissional m\u00e9dico h\u00e1 muito tempo. Todos s\u00e3o cl\u00ednicos gerais, mas caso seja necess\u00e1ria a interven\u00e7\u00e3o de outra especialidade, os pacientes ser\u00e3o encaminhados para a Policl\u00ednica da Conquista.<\/p>\n<p>Diretora de Aten\u00e7\u00e3o B\u00e1sica da Sesau, Cl\u00e1udia Patr\u00edcia, afirma que estes profissionais comp\u00f5em estrat\u00e9gias do Programa de Sa\u00fade da Fam\u00edlia.\u201cHoje de 23 equipes de estrat\u00e9gia de Sa\u00fade da Fam\u00edlia j\u00e1 temos 20 equipes compostas, atendendo Vilela, Bas\u00edlio, Nelson Costa, Nossa Senhora da Vit\u00f3ria, Ilh\u00e9us II e Banco da Vit\u00f3ria. Em breve, ser\u00e3o compostas equipes nos trechos Inema\/Pimenteira, Banco Central e Ponta da Tulha\u201d, assegura. J\u00e1 Andrea Dickie, coordenadora de m\u00e9dia e alta complexidade do Samu, informa que, com as contrata\u00e7\u00f5es, a cidade passa a contar com um\u00a0m\u00e9dico regulador (que recebe a liga\u00e7\u00e3o do paciente, faz o atendimento e orienta at\u00e9 a ambul\u00e2ncia chegar) e outro intervencionista (m\u00e9dico que sai na ambul\u00e2ncia), melhorando o servi\u00e7o prestado \u00e0 popula\u00e7\u00e3o.<\/p>\n<\/div>\n","protected":false},"excerpt":{"rendered":"<p>Prefeito M\u00e1rio Alexandre anuncia investimentos na Sa\u00fade Reunido ontem (8) \u00e0 noite com vereadores, secret\u00e1rios municipais, profissionais da sa\u00fade e lideran\u00e7as da comunidade, no Centro Administrativo da Conquista, o prefeito de Ilh\u00e9us, M\u00e1rio Alexandre, anunciou a contrata\u00e7\u00e3o de uma equipe de 20 m\u00e9dicos que passam, de imediato, a atender a popula\u00e7\u00e3o da sede e do [&hellip;]<\/p>\n","protected":false},"author":2,"featured_media":0,"comment_status":"open","ping_status":"open","sticky":false,"template":"","format":"standard","meta":{"_links_to":"","_links_to_target":""},"categories":[7,9,8,1],"tags":[],"_links":{"self":[{"href":"https:\/\/www.ilheusnoticias.net.br\/v1\/wp-json\/wp\/v2\/posts\/12569"}],"collection":[{"href":"https:\/\/www.ilheusnoticias.net.br\/v1\/wp-json\/wp\/v2\/posts"}],"about":[{"href":"https:\/\/www.ilheusnoticias.net.br\/v1\/wp-json\/wp\/v2\/types\/post"}],"author":[{"embeddable":true,"href":"https:\/\/www.ilheusnoticias.net.br\/v1\/wp-json\/wp\/v2\/users\/2"}],"replies":[{"embeddable":true,"href":"https:\/\/www.ilheusnoticias.net.br\/v1\/wp-json\/wp\/v2\/comments?post=12569"}],"version-history":[{"count":1,"href":"https:\/\/www.ilheusnoticias.net.br\/v1\/wp-json\/wp\/v2\/posts\/12569\/revisions"}],"predecessor-version":[{"id":12570,"href":"https:\/\/www.ilheusnoticias.net.br\/v1\/wp-json\/wp\/v2\/posts\/12569\/revisions\/12570"}],"wp:attachment":[{"href":"https:\/\/www.ilheusnoticias.net.br\/v1\/wp-json\/wp\/v2\/media?parent=12569"}],"wp:term":[{"taxonomy":"category","embeddable":true,"href":"https:\/\/www.ilheusnoticias.net.br\/v1\/wp-json\/wp\/v2\/categories?post=12569"},{"taxonomy":"post_tag","embeddable":true,"href":"https:\/\/www.ilheusnoticias.net.br\/v1\/wp-json\/wp\/v2\/tags?post=12569"}],"curies":[{"name":"wp","href":"https:\/\/api.w.org\/{rel}","templated":true}]}}