{"id":12559,"date":"2018-02-09T10:30:24","date_gmt":"2018-02-09T13:30:24","guid":{"rendered":"http:\/\/www.ilheusnoticias.net.br\/v1\/?p=12559"},"modified":"2018-02-09T10:30:24","modified_gmt":"2018-02-09T13:30:24","slug":"foguetinhos-47","status":"publish","type":"post","link":"https:\/\/www.ilheusnoticias.net.br\/v1\/2018\/02\/09\/foguetinhos-47\/","title":{"rendered":"FOGUETINHOS"},"content":{"rendered":"<p><a href=\"http:\/\/www.ilheusnoticias.net.br\/v1\/wp-content\/uploads\/2017\/11\/zecarlos.jpg\" rel=\"attachment wp-att-9826\"><img loading=\"lazy\" class=\"aligncenter size-full wp-image-9826\" src=\"http:\/\/www.ilheusnoticias.net.br\/v1\/wp-content\/uploads\/2017\/11\/zecarlos.jpg\" alt=\"zecarlos\" width=\"300\" height=\"207\" \/><\/a><\/p>\n<p>CONTINUO SEM ENTENDER MUITAS E MUITAS COISAS DESSE NOSSO BRASIL VARONIL.<\/p>\n<p>QUANDO VAMOS TER UM GOVERNO QUE<span class=\"text_exposed_show\"><br \/>\nD\u00ca TERRA A QUEM N\u00c3O TEM TERRA,<br \/>\nD\u00ca TETO A QUEM N\u00c3O TEM TETO?<\/span><\/p>\n<div class=\"text_exposed_show\">\n<p>A TURMA QUE REIVINDICA TERRA E TETO EST\u00c1 FICANDO IDOSA, IMPLORA POR TERRA E TETO E OS GOVERNOS SEQUER OUVE OS SEUS CLAMORES.<\/p>\n<p>PORQUE N\u00c3O D\u00c1 TERRA E TETO A QUEM PRECISA?<\/p>\n<p>A TURMA N\u00c3O AGUENTA MAIS ANDAR POR ESSE BRASIL AFORA IMPLORANDO TERRA E TETO.<\/p>\n<p>PRECISAMOS RESOLVER ESTE PROBLEMA CR\u00d4NICO COM URG\u00caNCIA.<\/p>\n<p>OIA MENINO! DEIXA ESSE TRO\u00c7O PRA L\u00c1, J\u00c1 \u00c9 CARNAVAL&#8230; FUI&#8230;<\/p>\n<\/div>\n","protected":false},"excerpt":{"rendered":"<p>CONTINUO SEM ENTENDER MUITAS E MUITAS COISAS DESSE NOSSO BRASIL VARONIL. QUANDO VAMOS TER UM GOVERNO QUE D\u00ca TERRA A QUEM N\u00c3O TEM TERRA, D\u00ca TETO A QUEM N\u00c3O TEM TETO? A TURMA QUE REIVINDICA TERRA E TETO EST\u00c1 FICANDO IDOSA, IMPLORA POR TERRA E TETO E OS GOVERNOS SEQUER OUVE OS SEUS CLAMORES. PORQUE [&hellip;]<\/p>\n","protected":false},"author":2,"featured_media":0,"comment_status":"open","ping_status":"open","sticky":false,"template":"","format":"standard","meta":{"_links_to":"","_links_to_target":""},"categories":[7,9,8,1],"tags":[],"_links":{"self":[{"href":"https:\/\/www.ilheusnoticias.net.br\/v1\/wp-json\/wp\/v2\/posts\/12559"}],"collection":[{"href":"https:\/\/www.ilheusnoticias.net.br\/v1\/wp-json\/wp\/v2\/posts"}],"about":[{"href":"https:\/\/www.ilheusnoticias.net.br\/v1\/wp-json\/wp\/v2\/types\/post"}],"author":[{"embeddable":true,"href":"https:\/\/www.ilheusnoticias.net.br\/v1\/wp-json\/wp\/v2\/users\/2"}],"replies":[{"embeddable":true,"href":"https:\/\/www.ilheusnoticias.net.br\/v1\/wp-json\/wp\/v2\/comments?post=12559"}],"version-history":[{"count":1,"href":"https:\/\/www.ilheusnoticias.net.br\/v1\/wp-json\/wp\/v2\/posts\/12559\/revisions"}],"predecessor-version":[{"id":12560,"href":"https:\/\/www.ilheusnoticias.net.br\/v1\/wp-json\/wp\/v2\/posts\/12559\/revisions\/12560"}],"wp:attachment":[{"href":"https:\/\/www.ilheusnoticias.net.br\/v1\/wp-json\/wp\/v2\/media?parent=12559"}],"wp:term":[{"taxonomy":"category","embeddable":true,"href":"https:\/\/www.ilheusnoticias.net.br\/v1\/wp-json\/wp\/v2\/categories?post=12559"},{"taxonomy":"post_tag","embeddable":true,"href":"https:\/\/www.ilheusnoticias.net.br\/v1\/wp-json\/wp\/v2\/tags?post=12559"}],"curies":[{"name":"wp","href":"https:\/\/api.w.org\/{rel}","templated":true}]}}