{"id":12549,"date":"2018-02-09T10:18:43","date_gmt":"2018-02-09T13:18:43","guid":{"rendered":"http:\/\/www.ilheusnoticias.net.br\/v1\/?p=12549"},"modified":"2018-02-09T10:20:41","modified_gmt":"2018-02-09T13:20:41","slug":"em-trio-claudia-leitte-coloca-mascara-de-ivete-sangalo-no-pai-e-compara-barriga-dele-com-a-da-artista-gravida","status":"publish","type":"post","link":"https:\/\/www.ilheusnoticias.net.br\/v1\/2018\/02\/09\/em-trio-claudia-leitte-coloca-mascara-de-ivete-sangalo-no-pai-e-compara-barriga-dele-com-a-da-artista-gravida\/","title":{"rendered":"Em trio, Claudia Leitte coloca m\u00e1scara de Ivete Sangalo no pai e compara barriga dele com a da artista gr\u00e1vida"},"content":{"rendered":"<div id=\"header\" class=\"header\">\n<header id=\"header-produto\" class=\"header-navegacao header-editoria header-subeditoria menu-cdn\" data-analytics=\"T\">\n<div class=\"cube-container\">\n<div class=\"cube\">\n<div class=\"face front\">\n<div class=\"grid-12 clearfix menu-subeditoria\">\n<h2><\/h2>\n<\/div>\n<\/div>\n<\/div>\n<\/div>\n<\/header>\n<\/div>\n<div class=\"row content-head\">\n<div class=\"column medium-centered medium-17 large-14 xlarge-16\">\n<h2 class=\"content-head__subtitle\"><picture><img loading=\"lazy\" class=\"image content-media__image progressive-loaded\" title=\"Claudia Leitte colocou m\u00e1scara de Ivete no pai e comparou barriga dele com a da artista (Foto: Reprodu\u00e7\u00e3o\/Instagram)\" src=\"https:\/\/s2.glbimg.com\/7DBHGmbz9yMrKY_wGnlilRnFMpI=\/0x0:720x620\/1008x0\/smart\/filters:strip_icc()\/i.s3.glbimg.com\/v1\/AUTH_59edd422c0c84a879bd37670ae4f538a\/internal_photos\/bs\/2018\/W\/O\/voVYbUTgm2OvwBJ9kLdw\/claudio.jpg\" alt=\"Claudia Leitte colocou m\u00e1scara de Ivete no pai e comparou barriga dele com a da artista (Foto: Reprodu\u00e7\u00e3o\/Instagram)\" width=\"547\" height=\"471\" data-src=\"https:\/\/s2.glbimg.com\/7DBHGmbz9yMrKY_wGnlilRnFMpI=\/0x0:720x620\/1008x0\/smart\/filters:strip_icc()\/i.s3.glbimg.com\/v1\/AUTH_59edd422c0c84a879bd37670ae4f538a\/internal_photos\/bs\/2018\/W\/O\/voVYbUTgm2OvwBJ9kLdw\/claudio.jpg\" \/><\/picture><\/h2>\n<\/div>\n<\/div>\n<div class=\"mc-article-body\">\n<article>\n<div class=\" content-media content-media--normal content-media--featured content-photo\" data-block-type=\"backstage-photo\" data-block-id=\"0\">\n<div class=\"content-media__container\">\n<div class=\"content-media__image-centered\"><\/div>\n<div class=\"content-media__description-centered mc-column\">\n<p class=\"content-media__description\"><i class=\"content-media__description__icon theme-color-primary\"><\/i><span class=\"content-media__description__caption\">Claudia Leitte colocou m\u00e1scara de Ivete no pai e comparou barriga dele com a da artista (Foto: Reprodu\u00e7\u00e3o\/Instagram)]<\/span><\/p>\n<p class=\"content-media__description\">Durante apresenta\u00e7\u00e3o na abertura oficial do carnaval de Salvador, nesta quinta-feira (8), a cantora Claudia Leitte colocou uma m\u00e1scara de Ivete Sangalo no rosto do pai dela, que a acompaha em cima do trio sem cordas que desfila no circuito Dod\u00f4 (Barra\/Ondina). Ela ainda levantou a camisa do pai para mostrar a barriga dele e fazer uma compara\u00e7\u00e3o com a da artista baiana gr\u00e1vida.\u00a0<strong><em>[Confira no v\u00eddeo abaixo]<\/em><\/strong><\/p>\n<\/div>\n<\/div>\n<\/div>\n<div class=\"mc-column content-text active-extra-styles \" data-block-type=\"unstyled\" data-block-weight=\"35\" data-block-id=\"5\">\n<p class=\"content-text__container \" data-track-category=\"Link no Texto\" data-track-links=\"\">Cl\u00e1udia colocou a m\u00e1scara no pai, Claudio In\u00e1cio, enquanto cantava a m\u00fasica &#8220;Chupa Toda&#8221;, gravada por Ivete. Claudio curtiu a brincadeira e ainda postou uma foto da situa\u00e7\u00e3o em sua p\u00e1gina na rede social Instagram.<\/p>\n<\/div>\n<div class=\"mc-column content-media content-media--normal content-photo\" data-block-type=\"backstage-photo\" data-block-id=\"6\">\n<div class=\"content-media__container\">\n<div class=\"content-media__image-centered\">\n<div class=\"progressive-img can-open-lightbox\" data-min-size=\"1008x631\" data-min-size-url=\"https:\/\/s2.glbimg.com\/Qc8QdNUyIXHa5xYDoLZLiPw3Esw=\/0x0:1700x1065\/1008x0\/smart\/filters:strip_icc()\/i.s3.glbimg.com\/v1\/AUTH_59edd422c0c84a879bd37670ae4f538a\/internal_photos\/bs\/2018\/b\/M\/41hOmQTmA9cKUfhTI0bg\/ivete-mascara.jpg\" data-max-size=\"1600x1002\" data-max-size-url=\"https:\/\/s2.glbimg.com\/aBeryW7CLwPLORqojDa2_JjKFns=\/0x0:1700x1065\/1600x0\/smart\/filters:strip_icc()\/i.s3.glbimg.com\/v1\/AUTH_59edd422c0c84a879bd37670ae4f538a\/internal_photos\/bs\/2018\/b\/M\/41hOmQTmA9cKUfhTI0bg\/ivete-mascara.jpg\" data-media-index=\"1\">\n<div class=\"placeholder-container\"><\/div>\n<p><img class=\"progressive-draft\" title=\"M\u00e1scaras com o rosto de Ivete Sangalo s\u00e3o distribu\u00eddas no carnaval de Salvador. (Foto: Divulga\u00e7\u00e3o)\" src=\"data:image\/jpeg;base64,\/9j\/4AAQSkZJRgABAQAAAQABAAD\/2wBDAAMCAgMCAgMDAwMEAwMEBQgFBQQEBQoHBwYIDAoMDAsKCwsNDhIQDQ4RDgsLEBYQERMUFRUVDA8XGBYUGBIUFRT\/2wBDAQMEBAUEBQkFBQkUDQsNFBQUFBQUFBQUFBQUFBQUFBQUFBQUFBQUFBQUFBQUFBQUFBQUFBQUFBQUFBQUFBQUFBT\/wgARCAAQABkDASIAAhEBAxEB\/8QAFwAAAwEAAAAAAAAAAAAAAAAABQYHBP\/EABYBAQEBAAAAAAAAAAAAAAAAAAUDBP\/aAAwDAQACEAMQAAABuaSF1msPI2f1Omb\/xAAdEAABBAIDAAAAAAAAAAAAAAAEAQIDBQAGEhMV\/9oACAEBAAEFAiZWDxRUNUQEGjVE8QXNxOWEYGc3o1w563PLP\/\/EABkRAAIDAQAAAAAAAAAAAAAAAAIDAAEhEf\/aAAgBAwEBPwFC6sdjB4WT\/8QAGBEAAwEBAAAAAAAAAAAAAAAAAAECIUH\/2gAIAQIBAT8Bunwl4f\/EACIQAAEDAwMFAAAAAAAAAAAAAAIAARIDESEEMWEQEzNBkf\/aAAgBAQAGPwIicrIyOi51iy9XMrpqblOLWyvEPxacZOwk5XtvsqN3z2xjytVSc8yOQu\/Prp\/\/xAAhEAACAgECBwAAAAAAAAAAAAABEQAhMUFhEFGBkaGx0f\/aAAgBAQABPyEVRRRPOHmNSJ+oMB8JpmVvw0yN4Rsqe4cz7UIzvn7HLREMN6uoeY0\/\/9oADAMBAAIAAwAAABDIP\/\/EABkRAQADAQEAAAAAAAAAAAAAAAEAESExUf\/aAAgBAwEBPxAIoFt3wyFdw7P\/xAAXEQEBAQEAAAAAAAAAAAAAAAABABEx\/9oACAECAQE\/ECLMsPS\/\/8QAHRABAAIDAQADAAAAAAAAAAAAAREhADFRcUGB8f\/aAAgBAQABPxCc7MwLa3jB+tcRewF+Kq8BWR5bQtc0l8z8XjelT4DkePmY5GFYtHEjsCpBA1dGpyxSnQHDATCjHH1j\/9k=\" alt=\"M\u00e1scaras com o rosto de Ivete Sangalo s\u00e3o distribu\u00eddas no carnaval de Salvador. (Foto: Divulga\u00e7\u00e3o)\" \/><picture><source srcset=\"https:\/\/s2.glbimg.com\/r1p7XrGn5kiPzYz1Pa8FSe9jrx8=\/0x0:1700x1065\/600x0\/smart\/filters:strip_icc()\/i.s3.glbimg.com\/v1\/AUTH_59edd422c0c84a879bd37670ae4f538a\/internal_photos\/bs\/2018\/b\/M\/41hOmQTmA9cKUfhTI0bg\/ivete-mascara.jpg 1x, https:\/\/s2.glbimg.com\/EcPQKOyO2ReDvxzVtxnztNm0eh8=\/0x0:1700x1065\/1200x0\/smart\/filters:strip_icc()\/i.s3.glbimg.com\/v1\/AUTH_59edd422c0c84a879bd37670ae4f538a\/internal_photos\/bs\/2018\/b\/M\/41hOmQTmA9cKUfhTI0bg\/ivete-mascara.jpg 2x\" media=\"(max-width: 1024px)\" data-src=\"https:\/\/s2.glbimg.com\/r1p7XrGn5kiPzYz1Pa8FSe9jrx8=\/0x0:1700x1065\/600x0\/smart\/filters:strip_icc()\/i.s3.glbimg.com\/v1\/AUTH_59edd422c0c84a879bd37670ae4f538a\/internal_photos\/bs\/2018\/b\/M\/41hOmQTmA9cKUfhTI0bg\/ivete-mascara.jpg 1x, https:\/\/s2.glbimg.com\/EcPQKOyO2ReDvxzVtxnztNm0eh8=\/0x0:1700x1065\/1200x0\/smart\/filters:strip_icc()\/i.s3.glbimg.com\/v1\/AUTH_59edd422c0c84a879bd37670ae4f538a\/internal_photos\/bs\/2018\/b\/M\/41hOmQTmA9cKUfhTI0bg\/ivete-mascara.jpg 2x\" \/><source srcset=\"https:\/\/s2.glbimg.com\/cnV97W9R9TRMim1Jfq2TVp70RTg=\/0x0:1700x1065\/640x0\/smart\/filters:strip_icc()\/i.s3.glbimg.com\/v1\/AUTH_59edd422c0c84a879bd37670ae4f538a\/internal_photos\/bs\/2018\/b\/M\/41hOmQTmA9cKUfhTI0bg\/ivete-mascara.jpg 1x, https:\/\/s2.glbimg.com\/jwNWYA6evc3FsWUJ2lHvKNMkXZk=\/0x0:1700x1065\/1280x0\/smart\/filters:strip_icc()\/i.s3.glbimg.com\/v1\/AUTH_59edd422c0c84a879bd37670ae4f538a\/internal_photos\/bs\/2018\/b\/M\/41hOmQTmA9cKUfhTI0bg\/ivete-mascara.jpg 2x\" media=\"(max-width: 1280px)\" data-src=\"https:\/\/s2.glbimg.com\/cnV97W9R9TRMim1Jfq2TVp70RTg=\/0x0:1700x1065\/640x0\/smart\/filters:strip_icc()\/i.s3.glbimg.com\/v1\/AUTH_59edd422c0c84a879bd37670ae4f538a\/internal_photos\/bs\/2018\/b\/M\/41hOmQTmA9cKUfhTI0bg\/ivete-mascara.jpg 1x, https:\/\/s2.glbimg.com\/jwNWYA6evc3FsWUJ2lHvKNMkXZk=\/0x0:1700x1065\/1280x0\/smart\/filters:strip_icc()\/i.s3.glbimg.com\/v1\/AUTH_59edd422c0c84a879bd37670ae4f538a\/internal_photos\/bs\/2018\/b\/M\/41hOmQTmA9cKUfhTI0bg\/ivete-mascara.jpg 2x\" \/><source srcset=\"https:\/\/s2.glbimg.com\/5l4hpGeXDxkraRiTvcmNczEISC8=\/0x0:1700x1065\/984x0\/smart\/filters:strip_icc()\/i.s3.glbimg.com\/v1\/AUTH_59edd422c0c84a879bd37670ae4f538a\/internal_photos\/bs\/2018\/b\/M\/41hOmQTmA9cKUfhTI0bg\/ivete-mascara.jpg 1x, https:\/\/s2.glbimg.com\/EzVM-1tK65DvSkaZMdsbPFGEqx0=\/0x0:1700x1065\/1968x0\/smart\/filters:strip_icc()\/i.s3.glbimg.com\/v1\/AUTH_59edd422c0c84a879bd37670ae4f538a\/internal_photos\/bs\/2018\/b\/M\/41hOmQTmA9cKUfhTI0bg\/ivete-mascara.jpg 2x\" media=\"(max-width: 1360px)\" data-src=\"https:\/\/s2.glbimg.com\/5l4hpGeXDxkraRiTvcmNczEISC8=\/0x0:1700x1065\/984x0\/smart\/filters:strip_icc()\/i.s3.glbimg.com\/v1\/AUTH_59edd422c0c84a879bd37670ae4f538a\/internal_photos\/bs\/2018\/b\/M\/41hOmQTmA9cKUfhTI0bg\/ivete-mascara.jpg 1x, https:\/\/s2.glbimg.com\/EzVM-1tK65DvSkaZMdsbPFGEqx0=\/0x0:1700x1065\/1968x0\/smart\/filters:strip_icc()\/i.s3.glbimg.com\/v1\/AUTH_59edd422c0c84a879bd37670ae4f538a\/internal_photos\/bs\/2018\/b\/M\/41hOmQTmA9cKUfhTI0bg\/ivete-mascara.jpg 2x\" \/><source srcset=\"https:\/\/s2.glbimg.com\/7KBgZQ54Ktkz8Rkxz-Izm6hyWx8=\/0x0:1700x1065\/1000x0\/smart\/filters:strip_icc()\/i.s3.glbimg.com\/v1\/AUTH_59edd422c0c84a879bd37670ae4f538a\/internal_photos\/bs\/2018\/b\/M\/41hOmQTmA9cKUfhTI0bg\/ivete-mascara.jpg 1x, https:\/\/s2.glbimg.com\/TuxCB3GnG0sO4FfN-jjcSkRm6fk=\/0x0:1700x1065\/2000x0\/smart\/filters:strip_icc()\/i.s3.glbimg.com\/v1\/AUTH_59edd422c0c84a879bd37670ae4f538a\/internal_photos\/bs\/2018\/b\/M\/41hOmQTmA9cKUfhTI0bg\/ivete-mascara.jpg 2x\" media=\"(min-width: 1361px)\" data-src=\"https:\/\/s2.glbimg.com\/7KBgZQ54Ktkz8Rkxz-Izm6hyWx8=\/0x0:1700x1065\/1000x0\/smart\/filters:strip_icc()\/i.s3.glbimg.com\/v1\/AUTH_59edd422c0c84a879bd37670ae4f538a\/internal_photos\/bs\/2018\/b\/M\/41hOmQTmA9cKUfhTI0bg\/ivete-mascara.jpg 1x, https:\/\/s2.glbimg.com\/TuxCB3GnG0sO4FfN-jjcSkRm6fk=\/0x0:1700x1065\/2000x0\/smart\/filters:strip_icc()\/i.s3.glbimg.com\/v1\/AUTH_59edd422c0c84a879bd37670ae4f538a\/internal_photos\/bs\/2018\/b\/M\/41hOmQTmA9cKUfhTI0bg\/ivete-mascara.jpg 2x\" \/><source srcset=\"https:\/\/s2.glbimg.com\/5l4hpGeXDxkraRiTvcmNczEISC8=\/0x0:1700x1065\/984x0\/smart\/filters:strip_icc()\/i.s3.glbimg.com\/v1\/AUTH_59edd422c0c84a879bd37670ae4f538a\/internal_photos\/bs\/2018\/b\/M\/41hOmQTmA9cKUfhTI0bg\/ivete-mascara.jpg\" data-src=\"https:\/\/s2.glbimg.com\/5l4hpGeXDxkraRiTvcmNczEISC8=\/0x0:1700x1065\/984x0\/smart\/filters:strip_icc()\/i.s3.glbimg.com\/v1\/AUTH_59edd422c0c84a879bd37670ae4f538a\/internal_photos\/bs\/2018\/b\/M\/41hOmQTmA9cKUfhTI0bg\/ivete-mascara.jpg\" \/><img loading=\"lazy\" class=\"image content-media__image progressive-loaded\" title=\"M\u00e1scaras com o rosto de Ivete Sangalo s\u00e3o distribu\u00eddas no carnaval de Salvador. (Foto: Divulga\u00e7\u00e3o)\" src=\"https:\/\/s2.glbimg.com\/5l4hpGeXDxkraRiTvcmNczEISC8=\/0x0:1700x1065\/984x0\/smart\/filters:strip_icc()\/i.s3.glbimg.com\/v1\/AUTH_59edd422c0c84a879bd37670ae4f538a\/internal_photos\/bs\/2018\/b\/M\/41hOmQTmA9cKUfhTI0bg\/ivete-mascara.jpg\" alt=\"M\u00e1scaras com o rosto de Ivete Sangalo s\u00e3o distribu\u00eddas no carnaval de Salvador. (Foto: Divulga\u00e7\u00e3o)\" width=\"421\" height=\"264\" data-src=\"https:\/\/s2.glbimg.com\/5l4hpGeXDxkraRiTvcmNczEISC8=\/0x0:1700x1065\/984x0\/smart\/filters:strip_icc()\/i.s3.glbimg.com\/v1\/AUTH_59edd422c0c84a879bd37670ae4f538a\/internal_photos\/bs\/2018\/b\/M\/41hOmQTmA9cKUfhTI0bg\/ivete-mascara.jpg\" \/><\/picture>\n<\/div>\n<\/div>\n<div class=\"content-media__description-centered \">\n<p class=\"content-media__description\"><i class=\"content-media__description__icon theme-color-primary\"><\/i><span class=\"content-media__description__caption\">M\u00e1scaras com o rosto de Ivete Sangalo s\u00e3o distribu\u00eddas no carnaval de Salvador. (Foto: Divulga\u00e7\u00e3o)<\/span><\/p>\n<\/div>\n<\/div>\n<\/div>\n<div class=\"mc-column content-text active-extra-styles\" data-block-type=\"raw\" data-block-weight=\"4\" data-block-id=\"7\">\n<div class=\"content-intertitle\">\n<h2>Ivete fora da festa<\/h2>\n<\/div>\n<\/div>\n<div class=\"mc-column content-text active-extra-styles \" data-block-type=\"unstyled\" data-block-weight=\"41\" data-block-id=\"8\">\n<p class=\"content-text__container \" data-track-category=\"Link no Texto\" data-track-links=\"\">O\u00a0<a href=\"https:\/\/g1.globo.com\/bahia\/musica\/noticia\/apos-24-anos-carnaval-de-salvador-de-2018-sera-o-primeiro-sem-ivete-sangalo.ghtml\">carnaval de Salvador de 2018 \u00e9 o primeiro em 24 anos que n\u00e3o conta com apresenta\u00e7\u00f5es da cantora Ivete Sangalo<\/a>. Os blocos Coruja e Cerveja &amp; Cia, que s\u00e3o de propriedade da artista, tamb\u00e9m nao participam da festa esse ano.<\/p>\n<\/div>\n<div class=\"mc-column content-text active-extra-styles \" data-block-type=\"unstyled\" data-block-weight=\"53\" data-block-id=\"9\">\n<p class=\"content-text__container \" data-track-category=\"Link no Texto\" data-track-links=\"\">Ivete estreou no carnaval de Salvador em 1994, quando tinha apenas 21 anos, \u00e0 frente da Banda Eva. De l\u00e1 para c\u00e1, foram 24 anos seguidos agitando os circuitos da capital baiana. Com o grupo, Ivete conquistou o Brasil, com sucessos como \u201cArer\u00ea\u201d, \u201cLevada Louca\u201d, \u201cAl\u00f4 Paix\u00e3o\u201d, \u201cMe Abra\u00e7a\u201d, \u201cCarro Velho\u201d e outros.<\/p>\n<\/div>\n<\/article>\n<\/div>\n","protected":false},"excerpt":{"rendered":"<p>Claudia Leitte colocou m\u00e1scara de Ivete no pai e comparou barriga dele com a da artista (Foto: Reprodu\u00e7\u00e3o\/Instagram)] Durante apresenta\u00e7\u00e3o na abertura oficial do carnaval de Salvador, nesta quinta-feira (8), a cantora Claudia Leitte colocou uma m\u00e1scara de Ivete Sangalo no rosto do pai dela, que a acompaha em cima do trio sem cordas que [&hellip;]<\/p>\n","protected":false},"author":2,"featured_media":0,"comment_status":"open","ping_status":"open","sticky":false,"template":"","format":"standard","meta":{"_links_to":"","_links_to_target":""},"categories":[7,9,8,1],"tags":[],"_links":{"self":[{"href":"https:\/\/www.ilheusnoticias.net.br\/v1\/wp-json\/wp\/v2\/posts\/12549"}],"collection":[{"href":"https:\/\/www.ilheusnoticias.net.br\/v1\/wp-json\/wp\/v2\/posts"}],"about":[{"href":"https:\/\/www.ilheusnoticias.net.br\/v1\/wp-json\/wp\/v2\/types\/post"}],"author":[{"embeddable":true,"href":"https:\/\/www.ilheusnoticias.net.br\/v1\/wp-json\/wp\/v2\/users\/2"}],"replies":[{"embeddable":true,"href":"https:\/\/www.ilheusnoticias.net.br\/v1\/wp-json\/wp\/v2\/comments?post=12549"}],"version-history":[{"count":2,"href":"https:\/\/www.ilheusnoticias.net.br\/v1\/wp-json\/wp\/v2\/posts\/12549\/revisions"}],"predecessor-version":[{"id":12551,"href":"https:\/\/www.ilheusnoticias.net.br\/v1\/wp-json\/wp\/v2\/posts\/12549\/revisions\/12551"}],"wp:attachment":[{"href":"https:\/\/www.ilheusnoticias.net.br\/v1\/wp-json\/wp\/v2\/media?parent=12549"}],"wp:term":[{"taxonomy":"category","embeddable":true,"href":"https:\/\/www.ilheusnoticias.net.br\/v1\/wp-json\/wp\/v2\/categories?post=12549"},{"taxonomy":"post_tag","embeddable":true,"href":"https:\/\/www.ilheusnoticias.net.br\/v1\/wp-json\/wp\/v2\/tags?post=12549"}],"curies":[{"name":"wp","href":"https:\/\/api.w.org\/{rel}","templated":true}]}}