{"id":12543,"date":"2018-02-09T10:09:34","date_gmt":"2018-02-09T13:09:34","guid":{"rendered":"http:\/\/www.ilheusnoticias.net.br\/v1\/?p=12543"},"modified":"2018-02-09T10:09:34","modified_gmt":"2018-02-09T13:09:34","slug":"itabunense-de-15-anos-vai-dos-campos-amadores-a-selecao-brasileira","status":"publish","type":"post","link":"https:\/\/www.ilheusnoticias.net.br\/v1\/2018\/02\/09\/itabunense-de-15-anos-vai-dos-campos-amadores-a-selecao-brasileira\/","title":{"rendered":"Itabunense de 15 anos vai dos campos amadores \u00e0 Sele\u00e7\u00e3o Brasileira"},"content":{"rendered":"<h3 class=\"post-title entry-title\">\u00a0<b>Por\u00a0\u00a0Celina Santos\/Di\u00e1rio Bahia<\/b><\/h3>\n<div id=\"post-body-5062058985142434581\" class=\"post-body entry-content\">\n<div><img src=\"http:\/\/diariobahia.com.br\/wp-content\/uploads\/2018\/02\/Sandry-site.jpg\" alt=\"\" \/><\/div>\n<div>Uma goleada na rede da vida, com lances de absoluto talento. Assim podemos come\u00e7ar a narrar o jogo do volante itabunense Sandry Roberto Santos G\u00f3es, j\u00e1 escalado para a Sele\u00e7\u00e3o Brasileira Sub-15. O menino, vindo do bairro Calif\u00f3rnia, foi descoberto aos 10 anos e logo chamado para a base do Santos Futebol Clube.<\/div>\n<div><\/div>\n<div>Pelos mist\u00e9rios do tal destino, o mesmo time que projetou para o mundo Pel\u00e9 (at\u00e9 hoje o maior) e Neymar (um dos mais caros do momento). O Di\u00e1rio Bahia conheceu o ber\u00e7o dessa hist\u00f3ria e revela dribles inesquec\u00edveis do craque grapi\u00fana.<\/div>\n<div><\/div>\n<div>Filho do ex-jogador Carlos Alberto Oliveira G\u00f3es, conhecido como Nenenzinho, e da vendedora Adriana Gon\u00e7alves Santos, Sandry alcan\u00e7ou as primeiras vit\u00f3rias gra\u00e7as a um time invenc\u00edvel: fam\u00edlia e amigos.<\/div>\n<div><\/div>\n<div>Acompanhava o pai nos treinos, ainda crian\u00e7a, e ali aprendeu as primeiras li\u00e7\u00f5es na escola do futebol. Ap\u00f3s o aprendizado de casa, passou pelo Ciso, depois AABB de Itabuna e foi descoberto por um olheiro do Bahia. A idade, por\u00e9m, n\u00e3o permitia que ele fosse para o clube.<\/div>\n<\/div>\n<div><\/div>\n<p><!--more--><\/p>\n<div id=\"post-body-5062058985142434581\" class=\"post-body entry-content\">\n<div><\/div>\n<div>\u201cDesde cedo, eu via meu pai jogar e observava. Quando eu comecei a jogar, sempre quis buscar a bola. Desde cedo, acho que eu sempre tive atitude, sabe? Sempre jogava com os caras de categoria acima. Com 10, jogava com os de 15\u201d, recorda Sandry, na sala de casa, sob os olhares e sorrisos felizes dos pais, do av\u00f4 Valter Jos\u00e9 Cavalcante, da tia-av\u00f3 Marizete e da prima J\u00e9ssica.<\/div>\n<div><b>\u00a0<\/b><\/div>\n<div><b>Internet como vitrine<\/b><\/div>\n<div><img src=\"http:\/\/diariobahia.com.br\/wp-content\/uploads\/2018\/02\/Sandry-com-a-linda-fam%C3%ADlia.jpg\" alt=\"\" \/><\/div>\n<div>Um mutir\u00e3o se formou na fam\u00edlia, em nome do talento de Sandry. A m\u00e3e filmava o seu menino jogando; J\u00e9ssica cortava os lances e fez uma esp\u00e9cie de clipe dos melhores momentos dele. Jogou na imensid\u00e3o da internet, atrav\u00e9s do Youtube, e bingo: um telefonema foi recebido, com a proposta para o pequeno grande jogador ser avaliado no Santos.<\/div>\n<div><\/div>\n<div>\u201cFico feliz, porque era o sonho dele. Desde pequeno, a gente via que ele tinha muito talento. Ent\u00e3o, a gente tem que apoiar mesmo\u201d, afirma a prima. O av\u00f4, com o sorriso largo t\u00edpico naquela fam\u00edlia, completa: \u201cDesejo que ele tenha muito sucesso e suba mesmo, porque ele merece. Desde sempre, todo mundo abra\u00e7ou e est\u00e1 a\u00ed esperando o melhor\u201d.<\/div>\n<div><\/div>\n<div>Na sala de casa, onde estivemos no Calif\u00f3rnia, boas recorda\u00e7\u00f5es. Lembraram que at\u00e9 a sa\u00edda foi dif\u00edcil. Mas os amigos tamb\u00e9m abra\u00e7aram a causa. Entre esses parceiros, que tamb\u00e9m recebem agradecimentos, Eduardo e Vladstone Menezes Cunha e. Gra\u00e7as \u00e0 soma de esfor\u00e7os, pai e filho foram ao clube paulista, para um teste, em 2013. Quando ele foi aprovado, partiram pra l\u00e1 a m\u00e3e e a irm\u00e3 do jogador, Alice Kelly.<\/div>\n<div><\/div>\n<div>Nesses cinco anos, o brilho rege as jogadas do jovem volante. Venceu um campeonato nos Estados Unidos, representando a Sele\u00e7\u00e3o Brasileira Sub-15, e tamb\u00e9m representou o Santos na Copa S\u00e3o Paulo de Futebol J\u00fanior (sub-20) e Copa do Brasil Sub-17. Agora, s\u00f3 aguarda o chamado para uma pr\u00f3xima temporada.<\/div>\n<\/div>\n","protected":false},"excerpt":{"rendered":"<p>\u00a0Por\u00a0\u00a0Celina Santos\/Di\u00e1rio Bahia Uma goleada na rede da vida, com lances de absoluto talento. Assim podemos come\u00e7ar a narrar o jogo do volante itabunense Sandry Roberto Santos G\u00f3es, j\u00e1 escalado para a Sele\u00e7\u00e3o Brasileira Sub-15. O menino, vindo do bairro Calif\u00f3rnia, foi descoberto aos 10 anos e logo chamado para a base do Santos Futebol [&hellip;]<\/p>\n","protected":false},"author":2,"featured_media":0,"comment_status":"open","ping_status":"open","sticky":false,"template":"","format":"standard","meta":{"_links_to":"","_links_to_target":""},"categories":[7,6,9,8,1],"tags":[],"_links":{"self":[{"href":"https:\/\/www.ilheusnoticias.net.br\/v1\/wp-json\/wp\/v2\/posts\/12543"}],"collection":[{"href":"https:\/\/www.ilheusnoticias.net.br\/v1\/wp-json\/wp\/v2\/posts"}],"about":[{"href":"https:\/\/www.ilheusnoticias.net.br\/v1\/wp-json\/wp\/v2\/types\/post"}],"author":[{"embeddable":true,"href":"https:\/\/www.ilheusnoticias.net.br\/v1\/wp-json\/wp\/v2\/users\/2"}],"replies":[{"embeddable":true,"href":"https:\/\/www.ilheusnoticias.net.br\/v1\/wp-json\/wp\/v2\/comments?post=12543"}],"version-history":[{"count":1,"href":"https:\/\/www.ilheusnoticias.net.br\/v1\/wp-json\/wp\/v2\/posts\/12543\/revisions"}],"predecessor-version":[{"id":12544,"href":"https:\/\/www.ilheusnoticias.net.br\/v1\/wp-json\/wp\/v2\/posts\/12543\/revisions\/12544"}],"wp:attachment":[{"href":"https:\/\/www.ilheusnoticias.net.br\/v1\/wp-json\/wp\/v2\/media?parent=12543"}],"wp:term":[{"taxonomy":"category","embeddable":true,"href":"https:\/\/www.ilheusnoticias.net.br\/v1\/wp-json\/wp\/v2\/categories?post=12543"},{"taxonomy":"post_tag","embeddable":true,"href":"https:\/\/www.ilheusnoticias.net.br\/v1\/wp-json\/wp\/v2\/tags?post=12543"}],"curies":[{"name":"wp","href":"https:\/\/api.w.org\/{rel}","templated":true}]}}