{"id":12537,"date":"2018-02-09T10:03:29","date_gmt":"2018-02-09T13:03:29","guid":{"rendered":"http:\/\/www.ilheusnoticias.net.br\/v1\/?p=12537"},"modified":"2018-02-09T11:21:34","modified_gmt":"2018-02-09T14:21:34","slug":"prefeitura-e-bancos-de-ilheus-nao-abrem-na-segunda-e-so-voltam-a-funcionar-na-quarta-a-tarde","status":"publish","type":"post","link":"https:\/\/www.ilheusnoticias.net.br\/v1\/2018\/02\/09\/prefeitura-e-bancos-de-ilheus-nao-abrem-na-segunda-e-so-voltam-a-funcionar-na-quarta-a-tarde\/","title":{"rendered":"Prefeitura e Bancos  de Ilh\u00e9us n\u00e3o abrem na segunda  e s\u00f3 voltam a funcionar na quarta \u00e0 tarde"},"content":{"rendered":"<p><img loading=\"lazy\" class=\"\" src=\"https:\/\/attachment.outlook.office.net\/owa\/laudiceacarvalho62@hotmail.com\/service.svc\/s\/GetAttachmentThumbnail?id=AQMkADAwATYwMAItY2MANTgtODQxNC0wMAItMDAKAEYAAANqOYr2uMN4Qoz6pFp%2FhFoeBwAsxvM0hWqyT6EfSeQ8%2BPgA8AAAAgEMAAAALMbzNIVqsk%2BhH0nkPPj4APAAAWXg8ywAAAABEgAQAE8cebOgdVlIhg1Gx743XpI%3D&amp;thumbnailType=2&amp;X-OWA-CANARY=DjZLIY9z70aipvOv1tn6vtDnA--8b9UYyhm5EdbGtJiGbKyuqnb0eunJfFo39d6L-QyciDFc-Cw.&amp;token=eyJ0eXAiOiJKV1QiLCJhbGciOiJSUzI1NiIsIng1dCI6ImVuaDlCSnJWUFU1aWpWMXFqWmpWLWZMMmJjbyJ9.eyJ2ZXIiOiJFeGNoYW5nZS5DYWxsYmFjay5WMSIsImFwcGN0eHNlbmRlciI6Ik93YURvd25sb2FkQDg0ZGY5ZTdmLWU5ZjYtNDBhZi1iNDM1LWFhYWFhYWFhYWFhYSIsImFwcGN0eCI6IntcIm1zZXhjaHByb3RcIjpcIm93YVwiLFwicHJpbWFyeXNpZFwiOlwiUy0xLTI4MjctMzkzMjE2LTM0MjgzNTMwNDRcIixcInB1aWRcIjpcIjE2ODg4NTMyODg2MTY5ODBcIixcIm9pZFwiOlwiMDAwNjAwMDAtY2M1OC04NDE0LTAwMDAtMDAwMDAwMDAwMDAwXCIsXCJzY29wZVwiOlwiT3dhRG93bmxvYWRcIn0iLCJpc3MiOiIwMDAwMDAwMi0wMDAwLTBmZjEtY2UwMC0wMDAwMDAwMDAwMDBAODRkZjllN2YtZTlmNi00MGFmLWI0MzUtYWFhYWFhYWFhYWFhIiwiYXVkIjoiMDAwMDAwMDItMDAwMC0wZmYxLWNlMDAtMDAwMDAwMDAwMDAwL2F0dGFjaG1lbnQub3V0bG9vay5vZmZpY2UubmV0QDg0ZGY5ZTdmLWU5ZjYtNDBhZi1iNDM1LWFhYWFhYWFhYWFhYSIsImV4cCI6MTUxODE4MTcwMywibmJmIjoxNTE4MTgxMTAzfQ.W38kYtWPp1Fi_R9ZkSyyeraDb5YWiXZBrE_YU3BKdaV-uQxTXNQPVpeft0S0MPPkhAlj9diYG4C7G37TVeEz0TMJ20jlBYYc6uxLLpXjulNCStDERweq4QGVrACKzknD2YqHYoFe3lStn0BVbBoJhmgUTzYtUiv4Q2xUbIBQzFrRXGjr9Cm9h0NzvggEvGS2pfeDRsRQg6azOt0IkLWXqP_Vx8sv9iluFUaE_0e-cN4iPhDn0KHhs8TiX5i2Xv-Nhzb1njXYH18UNPYl5Nd4JispUCoAITSm62BJzY74UyA69tJOI5kkKJhO60_xeSUhSxVVboirkkCwWgJkMb-0OQ&amp;owa=outlook.live.com&amp;isc=1\" alt=\"\" width=\"523\" height=\"295\" \/><\/p>\n<p class=\"x_gmail-xgmail-msonospacing\">O prefeito de Ilh\u00e9us, M\u00e1rio Alexandre, assinou decreto n\u00famero que suspende o expediente no dia 12 deste m\u00eas (segunda-feira), nas reparti\u00e7\u00f5es p\u00fablicas municipais, em fun\u00e7\u00e3o das festas do carnaval.<\/p>\n<p class=\"x_gmail-xgmail-msonospacing\">Entretanto, os servi\u00e7os e as atividades considerados de natureza essencial, a exemplo das \u00e1reas da sa\u00fade, educa\u00e7\u00e3o, limpeza urbana, ilumina\u00e7\u00e3o e da seguran\u00e7a p\u00fablica ter\u00e3o expediente normal.<\/p>\n<p class=\"x_gmail-xgmail-msonospacing\">No decreto, publicado no Di\u00e1rio Oficial do munic\u00edpio, edi\u00e7\u00e3o de ontem (7), o prefeito M\u00e1rio Alexandre informou ainda que \u201cos servidores liberados dever\u00e3o compensar as horas n\u00e3o trabalhadas \u00e0 raz\u00e3o de uma hora di\u00e1ria, de 19 a 28 deste m\u00eas, observada a jornada de trabalho a que estiver sujeitos.<\/p>\n<p class=\"x_gmail-xgmail-msonospacing\">Ou seja, o expediente ao p\u00fablico, neste per\u00edodo, ser\u00e1 antecipado para as 11 horas da manh\u00e3, seguindo at\u00e9 as 18 horas.<\/p>\n<p class=\"x_gmail-xgmail-msonospacing\">Na quarta-feira (14), a Prefeitura volta a atender ao p\u00fablico \u00e0s 14 horas, de acordo com o secret\u00e1rio municipal de Administra\u00e7\u00e3o, Bento Lima.<\/p>\n<p class=\"x_gmail-xgmail-msonospacing\">J\u00e1 os Bancos de Ilh\u00e9us ir\u00e3o imterromper suas atividades hoje, e tomar\u00e3o na pr\u00f3xima quarta- feira, meio dia<\/p>\n","protected":false},"excerpt":{"rendered":"<p>O prefeito de Ilh\u00e9us, M\u00e1rio Alexandre, assinou decreto n\u00famero que suspende o expediente no dia 12 deste m\u00eas (segunda-feira), nas reparti\u00e7\u00f5es p\u00fablicas municipais, em fun\u00e7\u00e3o das festas do carnaval. Entretanto, os servi\u00e7os e as atividades considerados de natureza essencial, a exemplo das \u00e1reas da sa\u00fade, educa\u00e7\u00e3o, limpeza urbana, ilumina\u00e7\u00e3o e da seguran\u00e7a p\u00fablica ter\u00e3o expediente [&hellip;]<\/p>\n","protected":false},"author":2,"featured_media":0,"comment_status":"open","ping_status":"open","sticky":false,"template":"","format":"standard","meta":{"_links_to":"","_links_to_target":""},"categories":[7,9,8,1],"tags":[],"_links":{"self":[{"href":"https:\/\/www.ilheusnoticias.net.br\/v1\/wp-json\/wp\/v2\/posts\/12537"}],"collection":[{"href":"https:\/\/www.ilheusnoticias.net.br\/v1\/wp-json\/wp\/v2\/posts"}],"about":[{"href":"https:\/\/www.ilheusnoticias.net.br\/v1\/wp-json\/wp\/v2\/types\/post"}],"author":[{"embeddable":true,"href":"https:\/\/www.ilheusnoticias.net.br\/v1\/wp-json\/wp\/v2\/users\/2"}],"replies":[{"embeddable":true,"href":"https:\/\/www.ilheusnoticias.net.br\/v1\/wp-json\/wp\/v2\/comments?post=12537"}],"version-history":[{"count":3,"href":"https:\/\/www.ilheusnoticias.net.br\/v1\/wp-json\/wp\/v2\/posts\/12537\/revisions"}],"predecessor-version":[{"id":12562,"href":"https:\/\/www.ilheusnoticias.net.br\/v1\/wp-json\/wp\/v2\/posts\/12537\/revisions\/12562"}],"wp:attachment":[{"href":"https:\/\/www.ilheusnoticias.net.br\/v1\/wp-json\/wp\/v2\/media?parent=12537"}],"wp:term":[{"taxonomy":"category","embeddable":true,"href":"https:\/\/www.ilheusnoticias.net.br\/v1\/wp-json\/wp\/v2\/categories?post=12537"},{"taxonomy":"post_tag","embeddable":true,"href":"https:\/\/www.ilheusnoticias.net.br\/v1\/wp-json\/wp\/v2\/tags?post=12537"}],"curies":[{"name":"wp","href":"https:\/\/api.w.org\/{rel}","templated":true}]}}