{"id":12528,"date":"2018-02-09T09:47:28","date_gmt":"2018-02-09T12:47:28","guid":{"rendered":"http:\/\/www.ilheusnoticias.net.br\/v1\/?p=12528"},"modified":"2018-02-09T09:47:28","modified_gmt":"2018-02-09T12:47:28","slug":"acoes-do-governo-do-estado-combatem-racismo-intolerancias-e-violencia-no-carnaval","status":"publish","type":"post","link":"https:\/\/www.ilheusnoticias.net.br\/v1\/2018\/02\/09\/acoes-do-governo-do-estado-combatem-racismo-intolerancias-e-violencia-no-carnaval\/","title":{"rendered":"A\u00e7\u00f5es do Governo do Estado combatem   racismo, intoler\u00e2ncias e viol\u00eancia no Carnaval"},"content":{"rendered":"<p><img src=\"https:\/\/attachment.outlook.office.net\/owa\/laudiceacarvalho62@hotmail.com\/service.svc\/s\/GetAttachmentThumbnail?id=AQMkADAwATYwMAItY2MANTgtODQxNC0wMAItMDAKAEYAAANqOYr2uMN4Qoz6pFp%2FhFoeBwAsxvM0hWqyT6EfSeQ8%2BPgA8AAAAgEMAAAALMbzNIVqsk%2BhH0nkPPj4APAAAWXg80UAAAABEgAQAAG3Z3C1g1ZAlo0G%2BqEIJQM%3D&amp;thumbnailType=2&amp;X-OWA-CANARY=UzsPnTjzDkyd8YpXU2rgODBArRK7b9UYd5vnqMXM5sMgYIbaSwWi9Njz-GGC39Zs6lLZEM9q4II.&amp;token=eyJ0eXAiOiJKV1QiLCJhbGciOiJSUzI1NiIsIng1dCI6ImVuaDlCSnJWUFU1aWpWMXFqWmpWLWZMMmJjbyJ9.eyJ2ZXIiOiJFeGNoYW5nZS5DYWxsYmFjay5WMSIsImFwcGN0eHNlbmRlciI6Ik93YURvd25sb2FkQDg0ZGY5ZTdmLWU5ZjYtNDBhZi1iNDM1LWFhYWFhYWFhYWFhYSIsImFwcGN0eCI6IntcIm1zZXhjaHByb3RcIjpcIm93YVwiLFwicHJpbWFyeXNpZFwiOlwiUy0xLTI4MjctMzkzMjE2LTM0MjgzNTMwNDRcIixcInB1aWRcIjpcIjE2ODg4NTMyODg2MTY5ODBcIixcIm9pZFwiOlwiMDAwNjAwMDAtY2M1OC04NDE0LTAwMDAtMDAwMDAwMDAwMDAwXCIsXCJzY29wZVwiOlwiT3dhRG93bmxvYWRcIn0iLCJpc3MiOiIwMDAwMDAwMi0wMDAwLTBmZjEtY2UwMC0wMDAwMDAwMDAwMDBAODRkZjllN2YtZTlmNi00MGFmLWI0MzUtYWFhYWFhYWFhYWFhIiwiYXVkIjoiMDAwMDAwMDItMDAwMC0wZmYxLWNlMDAtMDAwMDAwMDAwMDAwL2F0dGFjaG1lbnQub3V0bG9vay5vZmZpY2UubmV0QDg0ZGY5ZTdmLWU5ZjYtNDBhZi1iNDM1LWFhYWFhYWFhYWFhYSIsImV4cCI6MTUxODE4MDgwMywibmJmIjoxNTE4MTgwMjAzfQ.sEam_ZmTiG51Hr3_vO8re92T2Mh2AgZUtg-C8U_1u6XBIHooYNXJr6VZVXJ57qyoUOxP-CwgVr9nuekgIEfXYq47SMw8yonBO3pFULqVOOs_nS4YeTOP-q96vhCDOifm_4T17J1_9-SwVm289Mqc3tmDo_5VM_67dxov8QLRrBII8bT2Qmw_ShrqwvsPyXgPs3aLtB0LaXfNyaAhOprqBGJDhykDEF0qwStRo7o_td_r6lAASs4PQUG0acbMAOjIsM9iBJPxLjBcx9ZzbogcKuA-BxyAyKGctvWQs6Va4TUDRm_rDTENQvE8u-bD2iDm91_i2dY3OibhaL5QHnPYHg&amp;owa=outlook.live.com&amp;isc=1\" alt=\"\" \/><\/p>\n<p>&nbsp;<\/p>\n<div id=\"x_Signature\">\n<div id=\"x_divtagdefaultwrapper\">\n<div><span class=\"x_Apple-style-span\"><span class=\"x_Apple-style-span\"><span class=\"x_Apple-style-span\" style=\"font-family: Times;\"><br \/>\n<\/span><\/span><\/span><\/p>\n<p class=\"x_xmsonormal\">Movimentos sociais e \u00f3rg\u00e3os estaduais atuar\u00e3o, pelo terceiro ano consecutivo, durante o Carnaval de Salvador para combater o preconceito e orientar foli\u00f5es e trabalhadores a denunciar crimes de racismo, explora\u00e7\u00e3o do trabalho infantil, viol\u00eancia contra a mulher, estupro, intoler\u00e2ncia religiosa e viola\u00e7\u00e3o dos direitos de l\u00e9sbicas, gays, bissexuais e transg\u00eaneros (LGBT). Aberto nesta quinta-feira (8), o posto de atendimento funciona na sede da Defesa do Consumidor (Procon-BA), na Avenida Carlos Gomes, centro da capital.<\/p>\n<p class=\"x_xmsonormal\">As a\u00e7\u00f5es de combate ao racismo ser\u00e3o realizadas pela Secretaria de Promo\u00e7\u00e3o da Igualdade Racial do Estado\u00a0(Sepromi). Em 2017, o \u00f3rg\u00e3o realizou 849 abordagens, por meio da unidade m\u00f3vel de atendimento, que continuar\u00e1 a executar abordagens nos bairros e nos circuitos em 2018. Este ano, o objetivo \u00e9 refor\u00e7ar a import\u00e2ncia da den\u00fancia e atrair mais v\u00edtimas para o posto.<\/p>\n<\/div>\n<\/div>\n<\/div>\n<p class=\"x_xmsonormal\">\n<p class=\"x_xmsonormal\"><!--more--><\/p>\n<div id=\"x_Signature\">\n<div id=\"x_divtagdefaultwrapper\">\n<div>\n<p class=\"x_xmsonormal\">\u201cN\u00f3s estamos com o servi\u00e7o do Centro de Refer\u00eancia de Combate ao Racismo e Intoler\u00e2ncia Religiosa Nelson Mandela, que atuar\u00e1 neste posto fixo,que \u00e9 um centro integrado, um conjunto de a\u00e7\u00f5es com outras secretarias parceiras da rede de combate ao racismo\u201d, explica a secret\u00e1ria Fabya Reis.<\/p>\n<p class=\"x_xmsonormal\">\u00a0A estudante de Direito, Lorena Pacheco, \u00e9 tamb\u00e9m coordenadora regional do Coletivo Quilombo, que luta pelos direitos do povo negro. Constantemente, apesar da milit\u00e2ncia, a jovem enfrenta o preconceito racial e o sexismo disfar\u00e7ados de elogios. Para ela, a\u00e7\u00f5es que conscientizem e estimulem a den\u00fancia s\u00e3o fundamentais.<\/p>\n<p class=\"x_xmsonormal\">\u201cEu sempre falo com meus amigos, principalmente os brancos que n\u00e3o conhecem a nossa realidade, que se voc\u00ea andar comigo no Carnaval por 15 minutos e eu n\u00e3o sofrer nenhum racismo, eu posso entrar para o livro dos recordes porque a quantidade de pessoas que pedem para tirar foto comigo dizendo que eu sou ex\u00f3tica, pedindo para tocar no meu cabelo, puxando meu cabelo ou dizendo que eu tenho o corpo sensual, voc\u00ea ficaria chocado\u201d, relata a jovem.<\/p>\n<p class=\"x_xmsonormal\">O posto funciona em conjunto com as secretarias estaduais de Pol\u00edticas Para as Mulheres (SPM) e de Justi\u00e7a, Direitos Humanos e Desenvolvimento Social (SJDHDS). A Defensoria e o Minist\u00e9rio P\u00fablico estaduais tamb\u00e9m acolher\u00e3o den\u00fancias no local. \u201cN\u00f3s estamos inaugurando aqui o plant\u00e3o integrado, para justamente ter um espa\u00e7o de den\u00fancia, n\u00e3o s\u00f3 do racismo, mas tamb\u00e9m da explora\u00e7\u00e3o sexual e do trabalho infantil\u201d,\u00a0 afirma o titular da SJDHDS, Carlos Martins.<\/p>\n<p class=\"x_xmsonormal\">Segundo ele, \u201ca partir da den\u00fancia, a gente coloca claramente que as pessoas t\u00eam que denunciar. Todas as medidas s\u00e3o tomadas, de acolhimento \u00e0s pessoas que sofreram a viol\u00eancia e de puni\u00e7\u00e3o exemplar para aquele que cometeu\u201d. Por telefone, as den\u00fancias podem ser feitas pelo Disque 100.<\/p>\n<p class=\"x_xmsonormal\"><b>Respeita as Minas<\/b><\/p>\n<p class=\"x_xmsonormal\">A Campanha Respeita as Mina, da SPM, contar\u00e1 tamb\u00e9m com duas unidades m\u00f3veis, no bairro de Ondina e na Pra\u00e7a Municipal, para prestar orienta\u00e7\u00f5es \u00e0s mulheres e ajud\u00e1-las a identificar o que \u00e9 ass\u00e9dio. Queixas poder\u00e3o ser prestadas nas Delegacias Especializadas no Atendimento \u00e0 Mulher (Deam), em Brotas, e Periperi, no Sub\u00farbio Ferrovi\u00e1rio de Salvador,\u00a0e o atendimento m\u00e9dico a casos de estupro poder\u00e1 ser feito no Hospital da Mulher, no bairro de Roma.<\/p>\n<p class=\"x_xmsonormal\">\u201cAl\u00e9m da campanha publicit\u00e1ria com foco no ass\u00e9dio, a gente vai ter uma s\u00e9rie de a\u00e7\u00f5es nos receptivos da cidade &#8211;\u00a0aeroporto, rodovi\u00e1ria e porto n\u00e1utico, e, este ano, nos hot\u00e9is, para orientar e estimular, incentivar a den\u00fancia em caso de evid\u00eancia de viol\u00eancia contra as mulheres e agress\u00f5es sexuais\u201d, informa a secret\u00e1ria Julieta Palmeira.<\/p>\n<p class=\"x_xmsonormal\">\u00a0O posto da Avenida Carlos Gomes funcionar\u00e1 todos os dias da folia, das 14 \u00e0s 22h. Den\u00fancias e orienta\u00e7\u00f5es sobre o racismo tamb\u00e9m poder\u00e3o ser feitas pelo telefone 71 3117-7448 e da Ouvidoria Geral do Estado (OGE) 0800 284 0011.<\/p>\n<p class=\"x_xmsonormal\">\n<\/div>\n<\/div>\n<\/div>\n","protected":false},"excerpt":{"rendered":"<p>&nbsp; Movimentos sociais e \u00f3rg\u00e3os estaduais atuar\u00e3o, pelo terceiro ano consecutivo, durante o Carnaval de Salvador para combater o preconceito e orientar foli\u00f5es e trabalhadores a denunciar crimes de racismo, explora\u00e7\u00e3o do trabalho infantil, viol\u00eancia contra a mulher, estupro, intoler\u00e2ncia religiosa e viola\u00e7\u00e3o dos direitos de l\u00e9sbicas, gays, bissexuais e transg\u00eaneros (LGBT). Aberto nesta quinta-feira [&hellip;]<\/p>\n","protected":false},"author":2,"featured_media":0,"comment_status":"open","ping_status":"open","sticky":false,"template":"","format":"standard","meta":{"_links_to":"","_links_to_target":""},"categories":[7,9,8,1],"tags":[],"_links":{"self":[{"href":"https:\/\/www.ilheusnoticias.net.br\/v1\/wp-json\/wp\/v2\/posts\/12528"}],"collection":[{"href":"https:\/\/www.ilheusnoticias.net.br\/v1\/wp-json\/wp\/v2\/posts"}],"about":[{"href":"https:\/\/www.ilheusnoticias.net.br\/v1\/wp-json\/wp\/v2\/types\/post"}],"author":[{"embeddable":true,"href":"https:\/\/www.ilheusnoticias.net.br\/v1\/wp-json\/wp\/v2\/users\/2"}],"replies":[{"embeddable":true,"href":"https:\/\/www.ilheusnoticias.net.br\/v1\/wp-json\/wp\/v2\/comments?post=12528"}],"version-history":[{"count":1,"href":"https:\/\/www.ilheusnoticias.net.br\/v1\/wp-json\/wp\/v2\/posts\/12528\/revisions"}],"predecessor-version":[{"id":12529,"href":"https:\/\/www.ilheusnoticias.net.br\/v1\/wp-json\/wp\/v2\/posts\/12528\/revisions\/12529"}],"wp:attachment":[{"href":"https:\/\/www.ilheusnoticias.net.br\/v1\/wp-json\/wp\/v2\/media?parent=12528"}],"wp:term":[{"taxonomy":"category","embeddable":true,"href":"https:\/\/www.ilheusnoticias.net.br\/v1\/wp-json\/wp\/v2\/categories?post=12528"},{"taxonomy":"post_tag","embeddable":true,"href":"https:\/\/www.ilheusnoticias.net.br\/v1\/wp-json\/wp\/v2\/tags?post=12528"}],"curies":[{"name":"wp","href":"https:\/\/api.w.org\/{rel}","templated":true}]}}