{"id":12524,"date":"2018-02-09T09:35:16","date_gmt":"2018-02-09T12:35:16","guid":{"rendered":"http:\/\/www.ilheusnoticias.net.br\/v1\/?p=12524"},"modified":"2018-02-09T09:35:16","modified_gmt":"2018-02-09T12:35:16","slug":"programa-primeira-infancia-no-suas-realiza-formacao-continuada-com-equipe","status":"publish","type":"post","link":"https:\/\/www.ilheusnoticias.net.br\/v1\/2018\/02\/09\/programa-primeira-infancia-no-suas-realiza-formacao-continuada-com-equipe\/","title":{"rendered":"Programa Primeira Inf\u00e2ncia no Suas  realiza forma\u00e7\u00e3o continuada com equipe"},"content":{"rendered":"<p><img loading=\"lazy\" class=\"\" src=\"https:\/\/attachment.outlook.office.net\/owa\/laudiceacarvalho62@hotmail.com\/service.svc\/s\/GetAttachmentThumbnail?id=AQMkADAwATYwMAItY2MANTgtODQxNC0wMAItMDAKAEYAAANqOYr2uMN4Qoz6pFp%2FhFoeBwAsxvM0hWqyT6EfSeQ8%2BPgA8AAAAgEMAAAALMbzNIVqsk%2BhH0nkPPj4APAAAWXg80oAAAABEgAQADhJ6XKTqbVMsHI3zlKQQnc%3D&amp;thumbnailType=2&amp;X-OWA-CANARY=NoKpT3rM_EqNd53dyuQtbDA91V-5b9UYiGJmYHRHxF803J4lyYNcLJP53lgTFCbAxb2oY-W1nTg.&amp;token=eyJ0eXAiOiJKV1QiLCJhbGciOiJSUzI1NiIsIng1dCI6ImVuaDlCSnJWUFU1aWpWMXFqWmpWLWZMMmJjbyJ9.eyJ2ZXIiOiJFeGNoYW5nZS5DYWxsYmFjay5WMSIsImFwcGN0eHNlbmRlciI6Ik93YURvd25sb2FkQDg0ZGY5ZTdmLWU5ZjYtNDBhZi1iNDM1LWFhYWFhYWFhYWFhYSIsImFwcGN0eCI6IntcIm1zZXhjaHByb3RcIjpcIm93YVwiLFwicHJpbWFyeXNpZFwiOlwiUy0xLTI4MjctMzkzMjE2LTM0MjgzNTMwNDRcIixcInB1aWRcIjpcIjE2ODg4NTMyODg2MTY5ODBcIixcIm9pZFwiOlwiMDAwNjAwMDAtY2M1OC04NDE0LTAwMDAtMDAwMDAwMDAwMDAwXCIsXCJzY29wZVwiOlwiT3dhRG93bmxvYWRcIn0iLCJpc3MiOiIwMDAwMDAwMi0wMDAwLTBmZjEtY2UwMC0wMDAwMDAwMDAwMDBAODRkZjllN2YtZTlmNi00MGFmLWI0MzUtYWFhYWFhYWFhYWFhIiwiYXVkIjoiMDAwMDAwMDItMDAwMC0wZmYxLWNlMDAtMDAwMDAwMDAwMDAwL2F0dGFjaG1lbnQub3V0bG9vay5vZmZpY2UubmV0QDg0ZGY5ZTdmLWU5ZjYtNDBhZi1iNDM1LWFhYWFhYWFhYWFhYSIsImV4cCI6MTUxODE4MDIwMiwibmJmIjoxNTE4MTc5NjAyfQ.mUo4pM0HyNg9Y25uquKv4Jw4s9RRIT1qjDKAHayMG3hEh-6_zUq96vGJuJ3VAM6nZiCzTSJiK-bN9QbsW37Sy2vyNW3DySHmp72zFBPVE_k9HpEfnXHpMiThjrhH1BWAc8SN5zz77mynXtyj8SV9VurKaPWa3uEDY3e2XsIESItcp4g9FMOMsLWdAI-2lIzE21EV4oHVntWc00rq7Pg4AF8cmi6g-JbGszxHyHlYggL8hbwVNHClVII0wAu_JGF6D25KMH3aAdvndpXIYdpedMv8IUJn22sWGYl6YwW-DQDBEyHnhoPP3-F41hYr3QiTtjPpafSSUlUTxhGzGkcp-A&amp;owa=outlook.live.com&amp;isc=1\" alt=\"\" width=\"420\" height=\"236\" \/><\/p>\n<p class=\"x_MsoNormal\" align=\"center\">\n<p class=\"x_MsoNormal\">\n<p class=\"x_MsoNormal\">Aconteceu na manh\u00e3 desta quinta-feira (8), no audit\u00f3rio da sede da Prefeitura de Ilh\u00e9us, no bairro Conquista, a segunda etapa da forma\u00e7\u00e3o continuada para os visitadores do programa Primeira Inf\u00e2ncia no Suas &#8211; Crian\u00e7a Feliz &#8211; realizada pela secretaria de Desenvolvimento Social do munic\u00edpio.<\/p>\n<p class=\"x_MsoNormal\">Foram abordados os temas &#8220;Conhecendo o CRAS e seus Servi\u00e7os&#8221;, ministrado por Rafael Oliveira, estudante\u00a0de Servi\u00e7o\u00a0Social, e &#8220;\u00c9tica no Trabalho&#8221;,\u00a0 ministrado pelo advogado e especialista em direito do trabalho,\u00a0 Geovane Prazeres.<\/p>\n<p class=\"x_MsoNormal\"><!--more--><\/p>\n<p class=\"x_MsoNormal\">O primeiro trouxe todo o conhecimento de como o equipamento funciona, dos direitos do cidad\u00e3o, da intersetorialidade, da diferen\u00e7a entre assistencialismo e servi\u00e7os socioassistenciais. O segundo palestrante abordou a import\u00e2ncia da \u00e9tica no trabalho, rela\u00e7\u00f5es, honestidade, assiduidade, presteza em prol do cidad\u00e3o, pontualidade, entre outros.<\/p>\n<p class=\"x_MsoNormal\">Os supervisores do programa relatam que essa \u00e9 uma das exig\u00eancias do Minist\u00e9rio de Desenvolvimento Social (MDS)\u00a0para melhor qualifica\u00e7\u00e3o dos servidores. \u201cNossa equipe precisa estar sempre atualizada, sabendo orientar e encaminhar nossos assistidos para\u00a0assegurar o acesso aos direitos. Saber quem se encaixa no perfil dos programas e servi\u00e7os que s\u00e3o oferecidos pelo Cras, bem como sobre a import\u00e2ncia que a \u00e9tica no trabalho tem para n\u00f3s, que lidamos diretamente com vidas&#8221;, finaliza a coordenadora Alana Antunes.<\/p>\n<p class=\"x_MsoNormal\">\n<p class=\"x_MsoNormal\">\n","protected":false},"excerpt":{"rendered":"<p>Aconteceu na manh\u00e3 desta quinta-feira (8), no audit\u00f3rio da sede da Prefeitura de Ilh\u00e9us, no bairro Conquista, a segunda etapa da forma\u00e7\u00e3o continuada para os visitadores do programa Primeira Inf\u00e2ncia no Suas &#8211; Crian\u00e7a Feliz &#8211; realizada pela secretaria de Desenvolvimento Social do munic\u00edpio. Foram abordados os temas &#8220;Conhecendo o CRAS e seus Servi\u00e7os&#8221;, ministrado [&hellip;]<\/p>\n","protected":false},"author":2,"featured_media":0,"comment_status":"open","ping_status":"open","sticky":false,"template":"","format":"standard","meta":{"_links_to":"","_links_to_target":""},"categories":[7,9,8,1],"tags":[],"_links":{"self":[{"href":"https:\/\/www.ilheusnoticias.net.br\/v1\/wp-json\/wp\/v2\/posts\/12524"}],"collection":[{"href":"https:\/\/www.ilheusnoticias.net.br\/v1\/wp-json\/wp\/v2\/posts"}],"about":[{"href":"https:\/\/www.ilheusnoticias.net.br\/v1\/wp-json\/wp\/v2\/types\/post"}],"author":[{"embeddable":true,"href":"https:\/\/www.ilheusnoticias.net.br\/v1\/wp-json\/wp\/v2\/users\/2"}],"replies":[{"embeddable":true,"href":"https:\/\/www.ilheusnoticias.net.br\/v1\/wp-json\/wp\/v2\/comments?post=12524"}],"version-history":[{"count":1,"href":"https:\/\/www.ilheusnoticias.net.br\/v1\/wp-json\/wp\/v2\/posts\/12524\/revisions"}],"predecessor-version":[{"id":12525,"href":"https:\/\/www.ilheusnoticias.net.br\/v1\/wp-json\/wp\/v2\/posts\/12524\/revisions\/12525"}],"wp:attachment":[{"href":"https:\/\/www.ilheusnoticias.net.br\/v1\/wp-json\/wp\/v2\/media?parent=12524"}],"wp:term":[{"taxonomy":"category","embeddable":true,"href":"https:\/\/www.ilheusnoticias.net.br\/v1\/wp-json\/wp\/v2\/categories?post=12524"},{"taxonomy":"post_tag","embeddable":true,"href":"https:\/\/www.ilheusnoticias.net.br\/v1\/wp-json\/wp\/v2\/tags?post=12524"}],"curies":[{"name":"wp","href":"https:\/\/api.w.org\/{rel}","templated":true}]}}