{"id":12522,"date":"2018-02-09T09:30:30","date_gmt":"2018-02-09T12:30:30","guid":{"rendered":"http:\/\/www.ilheusnoticias.net.br\/v1\/?p=12522"},"modified":"2018-02-09T09:30:30","modified_gmt":"2018-02-09T12:30:30","slug":"anitta-e-luiz-caldas-cantam-para-a-pipoca-nesta-sexta-feira-do-carnaval-da-bahia-promovido-pelo-governo","status":"publish","type":"post","link":"https:\/\/www.ilheusnoticias.net.br\/v1\/2018\/02\/09\/anitta-e-luiz-caldas-cantam-para-a-pipoca-nesta-sexta-feira-do-carnaval-da-bahia-promovido-pelo-governo\/","title":{"rendered":"Anitta e Luiz Caldas cantam para a &#8216;pipoca&#8217; nesta sexta-feira do Carnaval da Bahia promovido pelo Governo"},"content":{"rendered":"<p><img src=\"https:\/\/attachment.outlook.office.net\/owa\/laudiceacarvalho62@hotmail.com\/service.svc\/s\/GetAttachmentThumbnail?id=AQMkADAwATYwMAItY2MANTgtODQxNC0wMAItMDAKAEYAAANqOYr2uMN4Qoz6pFp%2FhFoeBwAsxvM0hWqyT6EfSeQ8%2BPgA8AAAAgEMAAAALMbzNIVqsk%2BhH0nkPPj4APAAAWXg87MAAAABEgAQAKcDkZK7OltAr4jPlNLKgLI%3D&amp;thumbnailType=2&amp;X-OWA-CANARY=rEW9MpCklESowHNJZonz6DDeRqC4b9UYdXGNeeiOcv0NYp4mLzPvDUkPHzfAjFvZthBsSSVWp34.&amp;token=eyJ0eXAiOiJKV1QiLCJhbGciOiJSUzI1NiIsIng1dCI6ImVuaDlCSnJWUFU1aWpWMXFqWmpWLWZMMmJjbyJ9.eyJ2ZXIiOiJFeGNoYW5nZS5DYWxsYmFjay5WMSIsImFwcGN0eHNlbmRlciI6Ik93YURvd25sb2FkQDg0ZGY5ZTdmLWU5ZjYtNDBhZi1iNDM1LWFhYWFhYWFhYWFhYSIsImFwcGN0eCI6IntcIm1zZXhjaHByb3RcIjpcIm93YVwiLFwicHJpbWFyeXNpZFwiOlwiUy0xLTI4MjctMzkzMjE2LTM0MjgzNTMwNDRcIixcInB1aWRcIjpcIjE2ODg4NTMyODg2MTY5ODBcIixcIm9pZFwiOlwiMDAwNjAwMDAtY2M1OC04NDE0LTAwMDAtMDAwMDAwMDAwMDAwXCIsXCJzY29wZVwiOlwiT3dhRG93bmxvYWRcIn0iLCJpc3MiOiIwMDAwMDAwMi0wMDAwLTBmZjEtY2UwMC0wMDAwMDAwMDAwMDBAODRkZjllN2YtZTlmNi00MGFmLWI0MzUtYWFhYWFhYWFhYWFhIiwiYXVkIjoiMDAwMDAwMDItMDAwMC0wZmYxLWNlMDAtMDAwMDAwMDAwMDAwL2F0dGFjaG1lbnQub3V0bG9vay5vZmZpY2UubmV0QDg0ZGY5ZTdmLWU5ZjYtNDBhZi1iNDM1LWFhYWFhYWFhYWFhYSIsImV4cCI6MTUxODE3OTkwMSwibmJmIjoxNTE4MTc5MzAxfQ.suddFAqPpTCzfoTXJM4CBUJ2pKL3G13ExxOUMIdTeepWB63tHTYvCi9c6E-H6M_Shptv9jV-tXYdRDmjnmOFbkEg3O0feQcoaFQBoS0Iv3P_gnRjujQjf5qjQdLkjAU-ggRmNy3opKDuJ3yzOqZthyu0qmsqi3aLhZSsS0z04hRR8JzWMQDZABqY-DcXl1lXUn3Rh7vmMNfBE4fdhAPFGfxqJJVAlCz1QZvSA7wcnbo2P9QkOI-ZJHHdLTiJ4AF0TVq3cb__rwLdTsAlspvBvgXHMBsxO9V_DN1V0fS9REwa3cPxNrBw_uutViF4pmyETq5C-EGvaaaN_Jf22OOZXw&amp;owa=outlook.live.com&amp;isc=1\" alt=\"\" \/><\/p>\n<h1 id=\"x_story_title\"><\/h1>\n<div id=\"x_story_text\">Os tr\u00eas circuitos do Carnaval promovido pelo Governo da Bahia, especialmente para o foli\u00e3o pipoca, ser\u00e3o animados por grandes atra\u00e7\u00f5es da m\u00fasica nacional e baiana, nesta sexta-feira (9). Anitta \u00e9 uma das principais. A cantora desfila a partir das 20h, na Barra (Dod\u00f4), seguida de Parangol\u00e9, \u00e0s 20h30, Luiz Caldas (20h45), Margareth Menezes (21h45) o Trio da Huana (23h30).<\/p>\n<p>No Circuito Osmar (Campo grande), quem agita a galera \u00e9 a banda Babado Novo (18h30), Sarajane (19h) e Dilsinho. O foli\u00e3o que optar por brincar a festa no Pelourinho (Circuito Batatinha) ter\u00e1 atra\u00e7\u00f5es em todos os largos. O cantor Lazzo Matumbi abre o Carnaval no Centro Hist\u00f3rico de Salvador, no Largo do Pelourinho, \u00e0s 19h, seguido por Amanda Santiago, que anima o foli\u00e3o de 21h30 a meia noite. No Largo Pedro Arcanjo, se apresentam Zelito Miranda (17h \u00e0s 18h30), Orquestra Compasso (19h30 \u00e0s 22h) e Banda Ruy Tapaj\u00f3s (22h a 00h).<\/p><\/div>\n<div><\/div>\n<div>\nO Largo Tereza Batista recebe Val Macambira, com seu Carnaval Sinf\u00f4nico, das 14 \u00e0s 17h. Em seguida se apresenta as bandas Africana ( 19 \u00e0s 21h), A Unidade (21h \u00e0s 23h30) e cantor Jorge Zarath (00h a 1h30). No Largo Quincas Berro D\u2019\u00c1gua quem comanda a noite s\u00e3o as bandas Plano Inclinado (19 \u00e0s 21hh), Batuque de Negro (21h30 \u00e0s 23h30) e Barca Folia do Pel\u00f4 (00h a 1h30). A programa\u00e7\u00e3o completa pode ser acessada pelo site do\u00a0<a href=\"http:\/\/carnaval.bahia.com.br\/\" target=\"_blank\" rel=\"noopener noreferrer\">Carnaval da Bahi<\/a>a.<\/p>\n<p>No Carnaval 2018, o Governo da Bahia homenageia os 220 anos da Revolta dos B\u00fazios. Na capital, a divers\u00e3o est\u00e1 assegurada com a contrata\u00e7\u00e3o de 203 atra\u00e7\u00f5es, sendo 112 somente para o foli\u00e3o pipoca. Comemorando dez anos, o Carnaval Ouro Negro mant\u00e9m a tradi\u00e7\u00e3o dos blocos afro e afox\u00e9s, com o apoio a 91 entidades. Al\u00e9m da capital, a festa \u00e9 patrocinada pelo Governo em 22 cidades do interior baiano.<\/p><\/div>\n<p><!--more--><\/p>\n","protected":false},"excerpt":{"rendered":"<p>Os tr\u00eas circuitos do Carnaval promovido pelo Governo da Bahia, especialmente para o foli\u00e3o pipoca, ser\u00e3o animados por grandes atra\u00e7\u00f5es da m\u00fasica nacional e baiana, nesta sexta-feira (9). Anitta \u00e9 uma das principais. A cantora desfila a partir das 20h, na Barra (Dod\u00f4), seguida de Parangol\u00e9, \u00e0s 20h30, Luiz Caldas (20h45), Margareth Menezes (21h45) o [&hellip;]<\/p>\n","protected":false},"author":2,"featured_media":0,"comment_status":"open","ping_status":"open","sticky":false,"template":"","format":"standard","meta":{"_links_to":"","_links_to_target":""},"categories":[7,9,8,1],"tags":[],"_links":{"self":[{"href":"https:\/\/www.ilheusnoticias.net.br\/v1\/wp-json\/wp\/v2\/posts\/12522"}],"collection":[{"href":"https:\/\/www.ilheusnoticias.net.br\/v1\/wp-json\/wp\/v2\/posts"}],"about":[{"href":"https:\/\/www.ilheusnoticias.net.br\/v1\/wp-json\/wp\/v2\/types\/post"}],"author":[{"embeddable":true,"href":"https:\/\/www.ilheusnoticias.net.br\/v1\/wp-json\/wp\/v2\/users\/2"}],"replies":[{"embeddable":true,"href":"https:\/\/www.ilheusnoticias.net.br\/v1\/wp-json\/wp\/v2\/comments?post=12522"}],"version-history":[{"count":1,"href":"https:\/\/www.ilheusnoticias.net.br\/v1\/wp-json\/wp\/v2\/posts\/12522\/revisions"}],"predecessor-version":[{"id":12523,"href":"https:\/\/www.ilheusnoticias.net.br\/v1\/wp-json\/wp\/v2\/posts\/12522\/revisions\/12523"}],"wp:attachment":[{"href":"https:\/\/www.ilheusnoticias.net.br\/v1\/wp-json\/wp\/v2\/media?parent=12522"}],"wp:term":[{"taxonomy":"category","embeddable":true,"href":"https:\/\/www.ilheusnoticias.net.br\/v1\/wp-json\/wp\/v2\/categories?post=12522"},{"taxonomy":"post_tag","embeddable":true,"href":"https:\/\/www.ilheusnoticias.net.br\/v1\/wp-json\/wp\/v2\/tags?post=12522"}],"curies":[{"name":"wp","href":"https:\/\/api.w.org\/{rel}","templated":true}]}}