{"id":12518,"date":"2018-02-08T13:04:44","date_gmt":"2018-02-08T16:04:44","guid":{"rendered":"http:\/\/www.ilheusnoticias.net.br\/v1\/?p=12518"},"modified":"2018-02-08T13:04:44","modified_gmt":"2018-02-08T16:04:44","slug":"menina-de-7-anos-morre-ao-participar-do-desafio-do-desodorante","status":"publish","type":"post","link":"https:\/\/www.ilheusnoticias.net.br\/v1\/2018\/02\/08\/menina-de-7-anos-morre-ao-participar-do-desafio-do-desodorante\/","title":{"rendered":"Menina de 7 anos morre ao participar do &#8216;desafio do desodorante&#8217;"},"content":{"rendered":"<h3 class=\"post-title entry-title\"><\/h3>\n<div id=\"post-body-8362818988601694143\" class=\"post-body entry-content\">\n<div><b>Parentes da crian\u00e7a de S\u00e3o Bernardo do Campo fazem alerta sobre riscos da web<\/b><\/div>\n<div><img loading=\"lazy\" src=\"http:\/\/cdn2.correio.cworks.cloud\/fileadmin\/_processed_\/5\/3\/csm_07022018._crianca_morre_desafio.jpg2_967db6cf58.jpg\" alt=\"\" width=\"640\" height=\"320\" \/><\/div>\n<div>Uma menina de 7 anos morreu ap\u00f3s inalar desodorante aerosol depois de assistir a um v\u00eddeo do &#8216;desafio do desodorante&#8217;. Adrielly Gon\u00e7alves tentava imitar um v\u00eddeo que circula pela internet disseminando o desafio. A menina morreu no s\u00e1bado (3), em S\u00e3o Bernardo do Campo, S\u00e3o Paulo. A fam\u00edlia da crian\u00e7a chegou a lev\u00e1-la para uma Unidade de Pronto Atendimento (UPA), onde os m\u00e9dicos tentaram reanim\u00e1-la, mas ela j\u00e1 estava morta.<\/div>\n<div><\/div>\n<div>Os parentes de Adrielly fazem campanha nas redes sociais para alertar sobre o perigo de menores de idade repetirem a\u00e7\u00f5es irrespons\u00e1veis divulgadas na web.<\/div>\n<div><\/div>\n<div>&#8220;O que n\u00e3o pude fazer por minha filha vou fazer por outras pessoas, para que essa trag\u00e9dia n\u00e3o aconte\u00e7a novamente&#8221;, disse M\u00e1rcia Gon\u00e7alves, m\u00e3e da crian\u00e7a, por telefone, ao jornal O Globo.<\/div>\n<div><\/div>\n<div>O &#8220;desafio do desodorante&#8221; incentiva pessoas a se filmarem enquanto inalam o produto pelo maior tempo que a pessoa conseguir suportar. No domingo, mesmo dia do vel\u00f3rio de Adrielly, a fam\u00edlia divulgou um texto no Facebook para alertar sobre os perigos da pr\u00e1tica: &#8220;Ela, crian\u00e7a inocente, colocou o desodorante direto na boca e desmaiou, tendo parada card\u00edaca em sequ\u00eancia&#8221;, diz o texto.<\/div>\n<\/div>\n","protected":false},"excerpt":{"rendered":"<p>Parentes da crian\u00e7a de S\u00e3o Bernardo do Campo fazem alerta sobre riscos da web Uma menina de 7 anos morreu ap\u00f3s inalar desodorante aerosol depois de assistir a um v\u00eddeo do &#8216;desafio do desodorante&#8217;. Adrielly Gon\u00e7alves tentava imitar um v\u00eddeo que circula pela internet disseminando o desafio. A menina morreu no s\u00e1bado (3), em S\u00e3o [&hellip;]<\/p>\n","protected":false},"author":2,"featured_media":0,"comment_status":"open","ping_status":"open","sticky":false,"template":"","format":"standard","meta":{"_links_to":"","_links_to_target":""},"categories":[7,9,8,1],"tags":[],"_links":{"self":[{"href":"https:\/\/www.ilheusnoticias.net.br\/v1\/wp-json\/wp\/v2\/posts\/12518"}],"collection":[{"href":"https:\/\/www.ilheusnoticias.net.br\/v1\/wp-json\/wp\/v2\/posts"}],"about":[{"href":"https:\/\/www.ilheusnoticias.net.br\/v1\/wp-json\/wp\/v2\/types\/post"}],"author":[{"embeddable":true,"href":"https:\/\/www.ilheusnoticias.net.br\/v1\/wp-json\/wp\/v2\/users\/2"}],"replies":[{"embeddable":true,"href":"https:\/\/www.ilheusnoticias.net.br\/v1\/wp-json\/wp\/v2\/comments?post=12518"}],"version-history":[{"count":1,"href":"https:\/\/www.ilheusnoticias.net.br\/v1\/wp-json\/wp\/v2\/posts\/12518\/revisions"}],"predecessor-version":[{"id":12519,"href":"https:\/\/www.ilheusnoticias.net.br\/v1\/wp-json\/wp\/v2\/posts\/12518\/revisions\/12519"}],"wp:attachment":[{"href":"https:\/\/www.ilheusnoticias.net.br\/v1\/wp-json\/wp\/v2\/media?parent=12518"}],"wp:term":[{"taxonomy":"category","embeddable":true,"href":"https:\/\/www.ilheusnoticias.net.br\/v1\/wp-json\/wp\/v2\/categories?post=12518"},{"taxonomy":"post_tag","embeddable":true,"href":"https:\/\/www.ilheusnoticias.net.br\/v1\/wp-json\/wp\/v2\/tags?post=12518"}],"curies":[{"name":"wp","href":"https:\/\/api.w.org\/{rel}","templated":true}]}}