{"id":12514,"date":"2018-02-08T12:59:16","date_gmt":"2018-02-08T15:59:16","guid":{"rendered":"http:\/\/www.ilheusnoticias.net.br\/v1\/?p=12514"},"modified":"2018-02-08T12:59:16","modified_gmt":"2018-02-08T15:59:16","slug":"ilheus-sedia-em-julho-etapa-do-campeonato-baiano-de-canoagem","status":"publish","type":"post","link":"https:\/\/www.ilheusnoticias.net.br\/v1\/2018\/02\/08\/ilheus-sedia-em-julho-etapa-do-campeonato-baiano-de-canoagem\/","title":{"rendered":"Ilh\u00e9us sedia em julho etapa do  Campeonato Baiano de Canoagem"},"content":{"rendered":"<p><img loading=\"lazy\" class=\"\" src=\"https:\/\/attachment.outlook.office.net\/owa\/laudiceacarvalho62@hotmail.com\/service.svc\/s\/GetAttachmentThumbnail?id=AQMkADAwATYwMAItY2MANTgtODQxNC0wMAItMDAKAEYAAANqOYr2uMN4Qoz6pFp%2FhFoeBwAsxvM0hWqyT6EfSeQ8%2BPgA8AAAAgEMAAAALMbzNIVqsk%2BhH0nkPPj4APAAAWSAqzIAAAABEgAQAK%2F9GIsr3qtGoSO27prg0%2BM%3D&amp;thumbnailType=2&amp;X-OWA-CANARY=kebV0u8de0ewHfoVxh_t-9BE-rAMb9UYyxhVYcppeehwxpODubRaixnU6DJJKdSjv4oHxjQg_DY.&amp;token=eyJ0eXAiOiJKV1QiLCJhbGciOiJSUzI1NiIsIng1dCI6ImVuaDlCSnJWUFU1aWpWMXFqWmpWLWZMMmJjbyJ9.eyJ2ZXIiOiJFeGNoYW5nZS5DYWxsYmFjay5WMSIsImFwcGN0eHNlbmRlciI6Ik93YURvd25sb2FkQDg0ZGY5ZTdmLWU5ZjYtNDBhZi1iNDM1LWFhYWFhYWFhYWFhYSIsImFwcGN0eCI6IntcIm1zZXhjaHByb3RcIjpcIm93YVwiLFwicHJpbWFyeXNpZFwiOlwiUy0xLTI4MjctMzkzMjE2LTM0MjgzNTMwNDRcIixcInB1aWRcIjpcIjE2ODg4NTMyODg2MTY5ODBcIixcIm9pZFwiOlwiMDAwNjAwMDAtY2M1OC04NDE0LTAwMDAtMDAwMDAwMDAwMDAwXCIsXCJzY29wZVwiOlwiT3dhRG93bmxvYWRcIn0iLCJpc3MiOiIwMDAwMDAwMi0wMDAwLTBmZjEtY2UwMC0wMDAwMDAwMDAwMDBAODRkZjllN2YtZTlmNi00MGFmLWI0MzUtYWFhYWFhYWFhYWFhIiwiYXVkIjoiMDAwMDAwMDItMDAwMC0wZmYxLWNlMDAtMDAwMDAwMDAwMDAwL2F0dGFjaG1lbnQub3V0bG9vay5vZmZpY2UubmV0QDg0ZGY5ZTdmLWU5ZjYtNDBhZi1iNDM1LWFhYWFhYWFhYWFhYSIsImV4cCI6MTUxODEwNTk1NSwibmJmIjoxNTE4MTA1MzU1fQ.eVUJKKkx9ENFRoSWDtrRu2CLyhQ2WlVGc_wwVFTjl8A2DZqv6hP4-qG9aZuo_zGN1OmE6PNASAzYHJ-6RSke0uvVYeKOZQOCDn1fVkV2Kh6duO2ttya1s2VUV_CwI5vOG9tVIM3BMS9eFOuyxSsvv3CIso9b9lOboY8tQ1PnR8tCU4TxLiyakgjaZZYtkVU12U6NwF0o09CDw4SJH5ZfXeDUw7XlPoVk9yccX8rCLjzYKPq5EtAN7mJgw-8r2dMXNtnxLYNk7xYWDOQmhR8YNgP8iV4MuR7G5PPZbt9nbX7_u5FmZLkQ-VqkcBXa6OyqpaGUZDy_Lwr6OmN4Brl3jQ&amp;owa=outlook.live.com&amp;isc=1\" alt=\"\" width=\"325\" height=\"183\" \/><\/p>\n<p class=\"x_gmail-xgmail-msonospacing\" align=\"center\">\n<p class=\"x_gmail-xgmail-msonospacing\">\n<p class=\"x_gmail-xgmail-msonospacing\">Ilh\u00e9us vai sediar no m\u00eas de julho, uma etapa do Campeonato Baiano Canoagem v\u00e1lida para a seletiva da competi\u00e7\u00e3o de car\u00e1ter nacional. Antes, por\u00e9m, o munic\u00edpio ir\u00e1 realizar no dia 18 de mar\u00e7o, um evento-teste com a participa\u00e7\u00e3o de atletas locais e das cidades de Itacar\u00e9 e Ubaitaba. Um dos objetivos \u00e9 aprimorar ainda mais o desempenho dos competidores, revelar novos talentos e promover o interc\u00e2mbio com cano\u00edstas baianos.<\/p>\n<p class=\"x_gmail-xgmail-msonospacing\">\n<p class=\"x_gmail-xgmail-msonospacing\">De acordo com Danillo Rabat, diretor de Esportes da Prefeitura de Ilh\u00e9us, para este evento o atleta que tiver o maior resultado de pontua\u00e7\u00e3o estar\u00e1 qualificado para participar da etapa brasileira de canoagem. O Campeonato Baiano Canoagem tamb\u00e9m faz parte da programa\u00e7\u00e3o do anivers\u00e1rio de 484 anos de funda\u00e7\u00e3o da capitania de Ilh\u00e9us e de 137 de eleva\u00e7\u00e3o \u00e0 categoria de cidade.<\/p>\n<p class=\"x_gmail-xgmail-msonospacing\">\n<p class=\"x_gmail-xgmail-msonospacing\">\n","protected":false},"excerpt":{"rendered":"<p>Ilh\u00e9us vai sediar no m\u00eas de julho, uma etapa do Campeonato Baiano Canoagem v\u00e1lida para a seletiva da competi\u00e7\u00e3o de car\u00e1ter nacional. Antes, por\u00e9m, o munic\u00edpio ir\u00e1 realizar no dia 18 de mar\u00e7o, um evento-teste com a participa\u00e7\u00e3o de atletas locais e das cidades de Itacar\u00e9 e Ubaitaba. Um dos objetivos \u00e9 aprimorar ainda mais [&hellip;]<\/p>\n","protected":false},"author":2,"featured_media":0,"comment_status":"open","ping_status":"open","sticky":false,"template":"","format":"standard","meta":{"_links_to":"","_links_to_target":""},"categories":[7,6,9,8,1],"tags":[],"_links":{"self":[{"href":"https:\/\/www.ilheusnoticias.net.br\/v1\/wp-json\/wp\/v2\/posts\/12514"}],"collection":[{"href":"https:\/\/www.ilheusnoticias.net.br\/v1\/wp-json\/wp\/v2\/posts"}],"about":[{"href":"https:\/\/www.ilheusnoticias.net.br\/v1\/wp-json\/wp\/v2\/types\/post"}],"author":[{"embeddable":true,"href":"https:\/\/www.ilheusnoticias.net.br\/v1\/wp-json\/wp\/v2\/users\/2"}],"replies":[{"embeddable":true,"href":"https:\/\/www.ilheusnoticias.net.br\/v1\/wp-json\/wp\/v2\/comments?post=12514"}],"version-history":[{"count":1,"href":"https:\/\/www.ilheusnoticias.net.br\/v1\/wp-json\/wp\/v2\/posts\/12514\/revisions"}],"predecessor-version":[{"id":12515,"href":"https:\/\/www.ilheusnoticias.net.br\/v1\/wp-json\/wp\/v2\/posts\/12514\/revisions\/12515"}],"wp:attachment":[{"href":"https:\/\/www.ilheusnoticias.net.br\/v1\/wp-json\/wp\/v2\/media?parent=12514"}],"wp:term":[{"taxonomy":"category","embeddable":true,"href":"https:\/\/www.ilheusnoticias.net.br\/v1\/wp-json\/wp\/v2\/categories?post=12514"},{"taxonomy":"post_tag","embeddable":true,"href":"https:\/\/www.ilheusnoticias.net.br\/v1\/wp-json\/wp\/v2\/tags?post=12514"}],"curies":[{"name":"wp","href":"https:\/\/api.w.org\/{rel}","templated":true}]}}