{"id":12512,"date":"2018-02-08T12:57:24","date_gmt":"2018-02-08T15:57:24","guid":{"rendered":"http:\/\/www.ilheusnoticias.net.br\/v1\/?p=12512"},"modified":"2018-02-08T12:57:24","modified_gmt":"2018-02-08T15:57:24","slug":"vereador-paulo-anunciacao-participa-de-mutirao-em-bairros-da-zona-sul-de-ilheus","status":"publish","type":"post","link":"https:\/\/www.ilheusnoticias.net.br\/v1\/2018\/02\/08\/vereador-paulo-anunciacao-participa-de-mutirao-em-bairros-da-zona-sul-de-ilheus\/","title":{"rendered":"Vereador Paulo Anuncia\u00e7\u00e3o participa de mutir\u00e3o em bairros da Zona Sul de Ilh\u00e9us."},"content":{"rendered":"<p><img loading=\"lazy\" class=\"\" src=\"https:\/\/attachment.outlook.office.net\/owa\/laudiceacarvalho62@hotmail.com\/service.svc\/s\/GetAttachmentThumbnail?id=AQMkADAwATYwMAItY2MANTgtODQxNC0wMAItMDAKAEYAAANqOYr2uMN4Qoz6pFp%2FhFoeBwAsxvM0hWqyT6EfSeQ8%2BPgA8AAAAgEMAAAALMbzNIVqsk%2BhH0nkPPj4APAAAWSAqy8AAAABEgAQAEyQuIDUJA9KvQN7XgQk0rA%3D&amp;thumbnailType=2&amp;X-OWA-CANARY=XMvLGRi9z0SpocyW4PG9akAHlHoMb9UYsxRlyGrh7-6F2im-IQDsI6WvHGQqFHbq0G_VLJZksrE.&amp;token=eyJ0eXAiOiJKV1QiLCJhbGciOiJSUzI1NiIsIng1dCI6ImVuaDlCSnJWUFU1aWpWMXFqWmpWLWZMMmJjbyJ9.eyJ2ZXIiOiJFeGNoYW5nZS5DYWxsYmFjay5WMSIsImFwcGN0eHNlbmRlciI6Ik93YURvd25sb2FkQDg0ZGY5ZTdmLWU5ZjYtNDBhZi1iNDM1LWFhYWFhYWFhYWFhYSIsImFwcGN0eCI6IntcIm1zZXhjaHByb3RcIjpcIm93YVwiLFwicHJpbWFyeXNpZFwiOlwiUy0xLTI4MjctMzkzMjE2LTM0MjgzNTMwNDRcIixcInB1aWRcIjpcIjE2ODg4NTMyODg2MTY5ODBcIixcIm9pZFwiOlwiMDAwNjAwMDAtY2M1OC04NDE0LTAwMDAtMDAwMDAwMDAwMDAwXCIsXCJzY29wZVwiOlwiT3dhRG93bmxvYWRcIn0iLCJpc3MiOiIwMDAwMDAwMi0wMDAwLTBmZjEtY2UwMC0wMDAwMDAwMDAwMDBAODRkZjllN2YtZTlmNi00MGFmLWI0MzUtYWFhYWFhYWFhYWFhIiwiYXVkIjoiMDAwMDAwMDItMDAwMC0wZmYxLWNlMDAtMDAwMDAwMDAwMDAwL2F0dGFjaG1lbnQub3V0bG9vay5vZmZpY2UubmV0QDg0ZGY5ZTdmLWU5ZjYtNDBhZi1iNDM1LWFhYWFhYWFhYWFhYSIsImV4cCI6MTUxODEwNTk1NSwibmJmIjoxNTE4MTA1MzU1fQ.eVUJKKkx9ENFRoSWDtrRu2CLyhQ2WlVGc_wwVFTjl8A2DZqv6hP4-qG9aZuo_zGN1OmE6PNASAzYHJ-6RSke0uvVYeKOZQOCDn1fVkV2Kh6duO2ttya1s2VUV_CwI5vOG9tVIM3BMS9eFOuyxSsvv3CIso9b9lOboY8tQ1PnR8tCU4TxLiyakgjaZZYtkVU12U6NwF0o09CDw4SJH5ZfXeDUw7XlPoVk9yccX8rCLjzYKPq5EtAN7mJgw-8r2dMXNtnxLYNk7xYWDOQmhR8YNgP8iV4MuR7G5PPZbt9nbX7_u5FmZLkQ-VqkcBXa6OyqpaGUZDy_Lwr6OmN4Brl3jQ&amp;owa=outlook.live.com&amp;isc=1\" alt=\"\" width=\"383\" height=\"287\" \/><\/p>\n<div tabindex=\"-1\">\n<div tabindex=\"-1\">\n<div tabindex=\"0\">\n<div class=\"_rp_o5\" tabindex=\"-1\">\n<div class=\"_rp_05 ms-border-color-neutralLight ShowConsesusSchedulingLink ShowReferenceAttachmentsLinks\" tabindex=\"-1\">\n<div class=\"_rp_d5 _rp_c5\">\n<div>\n<div id=\"Item.MessagePartBody\" class=\"_rp_25\">\n<div id=\"Item.MessageUniqueBody\" class=\"_rp_35 ms-font-weight-regular ms-font-color-neutralDark rpHighlightAllClass rpHighlightBodyClass\">\n<div class=\"rps_50b3\">\n<p>&nbsp;<\/p>\n<p>O vereador Paulo Anuncia\u00e7\u00e3o realizou, em parceria com a comunidade de Santo Ant\u00f4nio, distrito da zona Sul de Ilh\u00e9us, um mutir\u00e3o que beneficiou mais uma escola do local. Foram realizadas a poda das \u00e1rvores bem como ro\u00e7agem e limpeza da sede escolar, com o objetivo de proporcionar um ambiente mais prop\u00edcio para os alunos.<\/p>\n<p>O mutir\u00e3o tamb\u00e9m atendeu o bairro Nossa Senhora da Vit\u00f3ria atrav\u00e9s da limpeza, ilumina\u00e7\u00e3o pintura, poda de \u00e1rvores, a escola Dom Valfredo Tepe est\u00e1 pronta para receber os estudantes.<\/p>\n<p>O vereador Paulo Anuncia\u00e7\u00e3o acredita que a educa\u00e7\u00e3o \u00e9 o caminho para mudar o futuro dessas crian\u00e7as e adolescentes, e zelar pelos espa\u00e7os educacionais \u00e9 um dever de todos.<\/p>\n<\/div>\n<\/div>\n<\/div>\n<div class=\"_pe_d _pe_92\" tabindex=\"-1\"><\/div>\n<\/div>\n<div class=\"_rp_85\"><\/div>\n<\/div>\n<\/div>\n<\/div>\n<\/div>\n<\/div>\n<div class=\"_rp_o\" tabindex=\"-1\">\n<div class=\"_qc_F ms-bg-color-white _qc_G\">\n<hr class=\"_qc_B\" \/>\n<div class=\"_qc_y ms-border-color-neutralLight _qc_z\" tabindex=\"-1\"><\/div>\n<\/div>\n<\/div>\n<\/div>\n","protected":false},"excerpt":{"rendered":"<p>&nbsp; O vereador Paulo Anuncia\u00e7\u00e3o realizou, em parceria com a comunidade de Santo Ant\u00f4nio, distrito da zona Sul de Ilh\u00e9us, um mutir\u00e3o que beneficiou mais uma escola do local. Foram realizadas a poda das \u00e1rvores bem como ro\u00e7agem e limpeza da sede escolar, com o objetivo de proporcionar um ambiente mais prop\u00edcio para os alunos. [&hellip;]<\/p>\n","protected":false},"author":2,"featured_media":0,"comment_status":"open","ping_status":"open","sticky":false,"template":"","format":"standard","meta":{"_links_to":"","_links_to_target":""},"categories":[7,9,8,1],"tags":[],"_links":{"self":[{"href":"https:\/\/www.ilheusnoticias.net.br\/v1\/wp-json\/wp\/v2\/posts\/12512"}],"collection":[{"href":"https:\/\/www.ilheusnoticias.net.br\/v1\/wp-json\/wp\/v2\/posts"}],"about":[{"href":"https:\/\/www.ilheusnoticias.net.br\/v1\/wp-json\/wp\/v2\/types\/post"}],"author":[{"embeddable":true,"href":"https:\/\/www.ilheusnoticias.net.br\/v1\/wp-json\/wp\/v2\/users\/2"}],"replies":[{"embeddable":true,"href":"https:\/\/www.ilheusnoticias.net.br\/v1\/wp-json\/wp\/v2\/comments?post=12512"}],"version-history":[{"count":1,"href":"https:\/\/www.ilheusnoticias.net.br\/v1\/wp-json\/wp\/v2\/posts\/12512\/revisions"}],"predecessor-version":[{"id":12513,"href":"https:\/\/www.ilheusnoticias.net.br\/v1\/wp-json\/wp\/v2\/posts\/12512\/revisions\/12513"}],"wp:attachment":[{"href":"https:\/\/www.ilheusnoticias.net.br\/v1\/wp-json\/wp\/v2\/media?parent=12512"}],"wp:term":[{"taxonomy":"category","embeddable":true,"href":"https:\/\/www.ilheusnoticias.net.br\/v1\/wp-json\/wp\/v2\/categories?post=12512"},{"taxonomy":"post_tag","embeddable":true,"href":"https:\/\/www.ilheusnoticias.net.br\/v1\/wp-json\/wp\/v2\/tags?post=12512"}],"curies":[{"name":"wp","href":"https:\/\/api.w.org\/{rel}","templated":true}]}}