{"id":12510,"date":"2018-02-08T12:55:20","date_gmt":"2018-02-08T15:55:20","guid":{"rendered":"http:\/\/www.ilheusnoticias.net.br\/v1\/?p=12510"},"modified":"2018-02-08T12:55:20","modified_gmt":"2018-02-08T15:55:20","slug":"exposicao-de-guido-lima-na-galeria-do-tmi-recebe-alunos-do-vila-verde","status":"publish","type":"post","link":"https:\/\/www.ilheusnoticias.net.br\/v1\/2018\/02\/08\/exposicao-de-guido-lima-na-galeria-do-tmi-recebe-alunos-do-vila-verde\/","title":{"rendered":"Exposi\u00e7\u00e3o de Guido Lima na galeria do TMI recebe alunos do Vila Verde"},"content":{"rendered":"<p><img loading=\"lazy\" class=\"\" src=\"https:\/\/attachment.outlook.office.net\/owa\/laudiceacarvalho62@hotmail.com\/service.svc\/s\/GetAttachmentThumbnail?id=AQMkADAwATYwMAItY2MANTgtODQxNC0wMAItMDAKAEYAAANqOYr2uMN4Qoz6pFp%2FhFoeBwAsxvM0hWqyT6EfSeQ8%2BPgA8AAAAgEMAAAALMbzNIVqsk%2BhH0nkPPj4APAAAWSAqzoAAAABEgAQAPYoippvJr1Mn%2Bo5kr%2F0sc8%3D&amp;thumbnailType=2&amp;X-OWA-CANARY=xqmAKgYzYUypPFdm3L4-sFCZKC8Mb9UYTukyVfO11g-touE4DfiTS72ZwUvNK2cCa6MLscekH0E.&amp;token=eyJ0eXAiOiJKV1QiLCJhbGciOiJSUzI1NiIsIng1dCI6ImVuaDlCSnJWUFU1aWpWMXFqWmpWLWZMMmJjbyJ9.eyJ2ZXIiOiJFeGNoYW5nZS5DYWxsYmFjay5WMSIsImFwcGN0eHNlbmRlciI6Ik93YURvd25sb2FkQDg0ZGY5ZTdmLWU5ZjYtNDBhZi1iNDM1LWFhYWFhYWFhYWFhYSIsImFwcGN0eCI6IntcIm1zZXhjaHByb3RcIjpcIm93YVwiLFwicHJpbWFyeXNpZFwiOlwiUy0xLTI4MjctMzkzMjE2LTM0MjgzNTMwNDRcIixcInB1aWRcIjpcIjE2ODg4NTMyODg2MTY5ODBcIixcIm9pZFwiOlwiMDAwNjAwMDAtY2M1OC04NDE0LTAwMDAtMDAwMDAwMDAwMDAwXCIsXCJzY29wZVwiOlwiT3dhRG93bmxvYWRcIn0iLCJpc3MiOiIwMDAwMDAwMi0wMDAwLTBmZjEtY2UwMC0wMDAwMDAwMDAwMDBAODRkZjllN2YtZTlmNi00MGFmLWI0MzUtYWFhYWFhYWFhYWFhIiwiYXVkIjoiMDAwMDAwMDItMDAwMC0wZmYxLWNlMDAtMDAwMDAwMDAwMDAwL2F0dGFjaG1lbnQub3V0bG9vay5vZmZpY2UubmV0QDg0ZGY5ZTdmLWU5ZjYtNDBhZi1iNDM1LWFhYWFhYWFhYWFhYSIsImV4cCI6MTUxODEwNTY1NSwibmJmIjoxNTE4MTA1MDU1fQ.FfLKnuL5OodIN_fCwwOXyCv1vi1CZ6dZaOMgSyVRlMV41MVYgqrkz1jYK80tQhoaQTmUlGi0EZscLZDdB2eLbnlIuiS3RNd0oAX_0ZOJKcla_-wfSEgGDG5-kpNKE8BfVyc7pj47XLhyhDqxrkvSYS5BjNf0F1SfNfxrDZpeWBE-o0fD2DC5zQda1Am5wcPRfue-qVQo-1rY1aJi04TM7hPuuyDwVYStOqP9bIl_swD1ocrMOH9FOlnWoab_SL5dl2omhEzaVWYpF2Y4TWiRKCYa1JhvlgpwnE053r0PrQcMMZBPpvmruMQeDQNw5_U3Srs0urtzakj7yCUJ1SBf3Q&amp;owa=outlook.live.com&amp;isc=1\" alt=\"\" width=\"439\" height=\"247\" \/><\/p>\n<p class=\"x_gmail-xmsonormal\" align=\"center\">\n<p class=\"x_gmail-xmsonormal\">\n<p class=\"x_gmail-xmsonormal\">A observa\u00e7\u00e3o das obras ficou por conta de pequeninos olhos, atentos a tudo o que o artista explicava. \u201cEu senti uma liga\u00e7\u00e3o muito boa. Os quadros s\u00e3o maravilhosos, a gente sente uma energia e tamb\u00e9m dentro do quadro que \u00e9 cheio de detalhes. Adorei\u201d, opinou a aluna do 5\u00ba ano do Ensino Fundamental, Marina Palafoz, de 10 anos. Marina e outras 19 crian\u00e7as fizeram parte do grupo de estudantes do Centro Educacional Vila Verde, que visitaram na manh\u00e3 de hoje (7), a \u201cExpo Guido Lima\u201d, na Galeria do Teatro Municipal de Ilh\u00e9us. O evento tem o apoio da Secretaria Municipal de Cultura (Secult). Os alunos estavam acompanhados da coordenadora pedag\u00f3gica do Vila Verde, V\u00e2nia Loretz, tamb\u00e9m da consultora pedag\u00f3gica, Jorsinai Argolo e da colaboradora, Olga Amaral.<\/p>\n<p class=\"x_gmail-xmsonormal\"><!--more--><\/p>\n<p class=\"x_gmail-xmsonormal\">Guido Lima, que durante uma roda de conversa falou sobre seu estilo e voca\u00e7\u00e3o, tirou d\u00favidas e ouviu dos pequenos as suas impress\u00f5es sobre o que eles viram. \u201cAlguns n\u00e3o percebem, mas eles est\u00e3o aprendendo a contemplar um novo universo: o Universo das Artes\u201d, observou Guido Lima. Ele ressalta que \u201co povo nordestino tem muito a contribuir com a arte, mas infelizmente, n\u00e3o consegue ocupar seu espa\u00e7o, ainda. As crian\u00e7as de hoje precisam conhecer e pensar \u201cfora da caixa\u201d, percebendo outras manifesta\u00e7\u00f5es da arte, al\u00e9m do que andam ofertando por a\u00ed\u201d, desabafou.<\/p>\n<p class=\"x_gmail-xmsonormal\"><b>Novas viv\u00eancias<\/b>\u00a0\u2013 Uma manh\u00e3 diferente e divertida. Resumiu o aluno Andr\u00e9 Dumar Guanaes, de 10 anos. Para ele, vir a exposi\u00e7\u00e3o foi bastante especial, principalmente por gostar de desenhar e pintar. \u201cOs meus desenhos sempre s\u00e3o frutos de minhas experi\u00eancias pessoais e poder vir aqui me inspira ainda mais\u201d, relatou Andr\u00e9. J\u00e1 a coordenadora pedag\u00f3gica, Olga Amaral, disse que os atuais modelos de educa\u00e7\u00e3o no Brasil ainda precisam se modernizar. Segundo ela, \u201co Vila Verde modernizou e a proposta construtivista da escola p\u00f4de proporcionar essas viv\u00eancias na busca da constru\u00e7\u00e3o do pensamento cr\u00edtico de cada aluno e aluna que s\u00e3o sujeitos participantes e conectados com uma dimens\u00e3o da vida\u201d, pontuou.<\/p>\n<p class=\"x_gmail-xmsonormal\">Guido Lima \u00e9 natural de Salvador e iniciou sua carreira em 1969 expondo na Galeria Le Dome, em Salvador. Durante todos esses anos participou de diversas exposi\u00e7\u00f5es e sal\u00f5es de arte. Exp\u00f4s recentemente no Palacete das Artes em Salvador; na Animapop, em Vit\u00f3ria da Conquista; Centro de Cultura Adonias Filho em Itabuna. J\u00e1 em Ilh\u00e9us, Guido exp\u00f4s no TMI com \u201cCaminho das Cores\u201d e no evento Aleluia Ilh\u00e9us, al\u00e9m de ter participado da 1\u00aa Bienal Latino Americana.<\/p>\n<p class=\"x_gmail-xmsonormal\">A mostra apresenta 17 obras in\u00e9ditas no estilo surrealista em forma de poesia que representam formas de homens, mulheres e animais pintados em \u00f3leo sobre telas. A exposi\u00e7\u00e3o vai at\u00e9 o dia 15 de mar\u00e7o e podem ser visitadas durante a semana das 9 \u00e0s 22 horas, e, aos s\u00e1bados, das 9 \u00e0s 23 horas. No domingo, das 9 \u00e0s 11 e das 17 \u00e0s 20 horas.<\/p>\n","protected":false},"excerpt":{"rendered":"<p>A observa\u00e7\u00e3o das obras ficou por conta de pequeninos olhos, atentos a tudo o que o artista explicava. \u201cEu senti uma liga\u00e7\u00e3o muito boa. Os quadros s\u00e3o maravilhosos, a gente sente uma energia e tamb\u00e9m dentro do quadro que \u00e9 cheio de detalhes. Adorei\u201d, opinou a aluna do 5\u00ba ano do Ensino Fundamental, Marina Palafoz, [&hellip;]<\/p>\n","protected":false},"author":2,"featured_media":0,"comment_status":"open","ping_status":"open","sticky":false,"template":"","format":"standard","meta":{"_links_to":"","_links_to_target":""},"categories":[7,9,8,1],"tags":[],"_links":{"self":[{"href":"https:\/\/www.ilheusnoticias.net.br\/v1\/wp-json\/wp\/v2\/posts\/12510"}],"collection":[{"href":"https:\/\/www.ilheusnoticias.net.br\/v1\/wp-json\/wp\/v2\/posts"}],"about":[{"href":"https:\/\/www.ilheusnoticias.net.br\/v1\/wp-json\/wp\/v2\/types\/post"}],"author":[{"embeddable":true,"href":"https:\/\/www.ilheusnoticias.net.br\/v1\/wp-json\/wp\/v2\/users\/2"}],"replies":[{"embeddable":true,"href":"https:\/\/www.ilheusnoticias.net.br\/v1\/wp-json\/wp\/v2\/comments?post=12510"}],"version-history":[{"count":1,"href":"https:\/\/www.ilheusnoticias.net.br\/v1\/wp-json\/wp\/v2\/posts\/12510\/revisions"}],"predecessor-version":[{"id":12511,"href":"https:\/\/www.ilheusnoticias.net.br\/v1\/wp-json\/wp\/v2\/posts\/12510\/revisions\/12511"}],"wp:attachment":[{"href":"https:\/\/www.ilheusnoticias.net.br\/v1\/wp-json\/wp\/v2\/media?parent=12510"}],"wp:term":[{"taxonomy":"category","embeddable":true,"href":"https:\/\/www.ilheusnoticias.net.br\/v1\/wp-json\/wp\/v2\/categories?post=12510"},{"taxonomy":"post_tag","embeddable":true,"href":"https:\/\/www.ilheusnoticias.net.br\/v1\/wp-json\/wp\/v2\/tags?post=12510"}],"curies":[{"name":"wp","href":"https:\/\/api.w.org\/{rel}","templated":true}]}}