{"id":12470,"date":"2018-02-07T15:31:38","date_gmt":"2018-02-07T18:31:38","guid":{"rendered":"http:\/\/www.ilheusnoticias.net.br\/v1\/?p=12470"},"modified":"2018-02-08T10:05:52","modified_gmt":"2018-02-08T13:05:52","slug":"rui-inaugura-sexta-feira-9-obras-de-estrada-e-abastecimento-de-agua-em-olindina","status":"publish","type":"post","link":"https:\/\/www.ilheusnoticias.net.br\/v1\/2018\/02\/07\/rui-inaugura-sexta-feira-9-obras-de-estrada-e-abastecimento-de-agua-em-olindina\/","title":{"rendered":"Rui inaugura sexta-feira (9) obras de estrada e abastecimento de \u00e1gua em Olindina"},"content":{"rendered":"<p><a href=\"http:\/\/www.ilheusnoticias.net.br\/v1\/wp-content\/uploads\/2017\/12\/thumbnail_Foto-Mateus-Pereira_GOVBA-2.jpg\" rel=\"attachment wp-att-11220\"><img loading=\"lazy\" class=\"aligncenter  wp-image-11220\" src=\"http:\/\/www.ilheusnoticias.net.br\/v1\/wp-content\/uploads\/2017\/12\/thumbnail_Foto-Mateus-Pereira_GOVBA-2.jpg\" alt=\"thumbnail_Foto Mateus Pereira_GOVBA (2)\" width=\"501\" height=\"334\" srcset=\"https:\/\/www.ilheusnoticias.net.br\/v1\/wp-content\/uploads\/2017\/12\/thumbnail_Foto-Mateus-Pereira_GOVBA-2.jpg 1280w, https:\/\/www.ilheusnoticias.net.br\/v1\/wp-content\/uploads\/2017\/12\/thumbnail_Foto-Mateus-Pereira_GOVBA-2-300x200.jpg 300w, https:\/\/www.ilheusnoticias.net.br\/v1\/wp-content\/uploads\/2017\/12\/thumbnail_Foto-Mateus-Pereira_GOVBA-2-1024x682.jpg 1024w\" sizes=\"(max-width: 501px) 100vw, 501px\" \/><\/a><\/p>\n<p>O governador estar\u00e1, nesta sexta-feira (9), a partir das 9h, em Olindina, norte do estado, onde far\u00e1 a entrega da obra de restaura\u00e7\u00e3o da rodovia BR-349, no trecho que liga o munic\u00edpio a Itapicuru &#8211; divisa entre Bahia e Sergipe. Rui tamb\u00e9m vai autorizar a Secretaria de Desenvolvimento Rural (SDR) a celebrar quatro conv\u00eanios no \u00e2mbito do Programa Bahia Produtiva, nas \u00e1reas de mandiocultura e fruticultura.<\/p>\n<p>O governador far\u00e1 ainda a inaugura\u00e7\u00e3o do sistema simplificado de abastecimento de \u00e1gua das localidades de Barra, Baixa Funda, KM 67, Mina\u00e7\u00e3o e Retiro. Ele participa ainda da entrega da recupera\u00e7\u00e3o de pra\u00e7a no povoado Canabrava (13 quil\u00f4metros da sede), e pavimenta\u00e7\u00e3o de ruas do munic\u00edpio.<\/p>\n","protected":false},"excerpt":{"rendered":"<p>O governador estar\u00e1, nesta sexta-feira (9), a partir das 9h, em Olindina, norte do estado, onde far\u00e1 a entrega da obra de restaura\u00e7\u00e3o da rodovia BR-349, no trecho que liga o munic\u00edpio a Itapicuru &#8211; divisa entre Bahia e Sergipe. Rui tamb\u00e9m vai autorizar a Secretaria de Desenvolvimento Rural (SDR) a celebrar quatro conv\u00eanios no [&hellip;]<\/p>\n","protected":false},"author":2,"featured_media":0,"comment_status":"open","ping_status":"open","sticky":false,"template":"","format":"standard","meta":{"_links_to":"","_links_to_target":""},"categories":[7,8,1],"tags":[],"_links":{"self":[{"href":"https:\/\/www.ilheusnoticias.net.br\/v1\/wp-json\/wp\/v2\/posts\/12470"}],"collection":[{"href":"https:\/\/www.ilheusnoticias.net.br\/v1\/wp-json\/wp\/v2\/posts"}],"about":[{"href":"https:\/\/www.ilheusnoticias.net.br\/v1\/wp-json\/wp\/v2\/types\/post"}],"author":[{"embeddable":true,"href":"https:\/\/www.ilheusnoticias.net.br\/v1\/wp-json\/wp\/v2\/users\/2"}],"replies":[{"embeddable":true,"href":"https:\/\/www.ilheusnoticias.net.br\/v1\/wp-json\/wp\/v2\/comments?post=12470"}],"version-history":[{"count":3,"href":"https:\/\/www.ilheusnoticias.net.br\/v1\/wp-json\/wp\/v2\/posts\/12470\/revisions"}],"predecessor-version":[{"id":12489,"href":"https:\/\/www.ilheusnoticias.net.br\/v1\/wp-json\/wp\/v2\/posts\/12470\/revisions\/12489"}],"wp:attachment":[{"href":"https:\/\/www.ilheusnoticias.net.br\/v1\/wp-json\/wp\/v2\/media?parent=12470"}],"wp:term":[{"taxonomy":"category","embeddable":true,"href":"https:\/\/www.ilheusnoticias.net.br\/v1\/wp-json\/wp\/v2\/categories?post=12470"},{"taxonomy":"post_tag","embeddable":true,"href":"https:\/\/www.ilheusnoticias.net.br\/v1\/wp-json\/wp\/v2\/tags?post=12470"}],"curies":[{"name":"wp","href":"https:\/\/api.w.org\/{rel}","templated":true}]}}