{"id":12434,"date":"2018-02-07T10:03:44","date_gmt":"2018-02-07T13:03:44","guid":{"rendered":"http:\/\/www.ilheusnoticias.net.br\/v1\/?p=12434"},"modified":"2018-02-07T10:03:44","modified_gmt":"2018-02-07T13:03:44","slug":"avenida-tera-miniestrutura-para-carnaval-espontaneo-em-ilheus","status":"publish","type":"post","link":"https:\/\/www.ilheusnoticias.net.br\/v1\/2018\/02\/07\/avenida-tera-miniestrutura-para-carnaval-espontaneo-em-ilheus\/","title":{"rendered":"Avenida ter\u00e1 miniestrutura para  Carnaval espont\u00e2neo em Ilh\u00e9us"},"content":{"rendered":"<p><img loading=\"lazy\" class=\"\" src=\"https:\/\/attachment.outlook.office.net\/owa\/laudiceacarvalho62@hotmail.com\/service.svc\/s\/GetAttachmentThumbnail?id=AQMkADAwATYwMAItY2MANTgtODQxNC0wMAItMDAKAEYAAANqOYr2uMN4Qoz6pFp%2FhFoeBwAsxvM0hWqyT6EfSeQ8%2BPgA8AAAAgEMAAAALMbzNIVqsk%2BhH0nkPPj4APAAAWSAqrwAAAABEgAQAElQGaMWWQFMpQp1uBgZDrQ%3D&amp;thumbnailType=2&amp;X-OWA-CANARY=xwHv26iy-UK-xRp8v-JwaTDeRAUrbtUYdhmevdq6DXCgawiDDp3Mn4ras4JInjcx6dfq-35mYW0.&amp;token=eyJ0eXAiOiJKV1QiLCJhbGciOiJSUzI1NiIsIng1dCI6ImVuaDlCSnJWUFU1aWpWMXFqWmpWLWZMMmJjbyJ9.eyJ2ZXIiOiJFeGNoYW5nZS5DYWxsYmFjay5WMSIsImFwcGN0eHNlbmRlciI6Ik93YURvd25sb2FkQDg0ZGY5ZTdmLWU5ZjYtNDBhZi1iNDM1LWFhYWFhYWFhYWFhYSIsImFwcGN0eCI6IntcIm1zZXhjaHByb3RcIjpcIm93YVwiLFwicHJpbWFyeXNpZFwiOlwiUy0xLTI4MjctMzkzMjE2LTM0MjgzNTMwNDRcIixcInB1aWRcIjpcIjE2ODg4NTMyODg2MTY5ODBcIixcIm9pZFwiOlwiMDAwNjAwMDAtY2M1OC04NDE0LTAwMDAtMDAwMDAwMDAwMDAwXCIsXCJzY29wZVwiOlwiT3dhRG93bmxvYWRcIn0iLCJpc3MiOiIwMDAwMDAwMi0wMDAwLTBmZjEtY2UwMC0wMDAwMDAwMDAwMDBAODRkZjllN2YtZTlmNi00MGFmLWI0MzUtYWFhYWFhYWFhYWFhIiwiYXVkIjoiMDAwMDAwMDItMDAwMC0wZmYxLWNlMDAtMDAwMDAwMDAwMDAwL2F0dGFjaG1lbnQub3V0bG9vay5vZmZpY2UubmV0QDg0ZGY5ZTdmLWU5ZjYtNDBhZi1iNDM1LWFhYWFhYWFhYWFhYSIsImV4cCI6MTUxODAwOTEyNSwibmJmIjoxNTE4MDA4NTI1fQ.KCcMpZkb9aWd0olq9-tnVeiFMa9ihSdflkFNafot6k-dahjMdVckSzLTwguIITlh_x8nC-NWI3a54IB4NQOYB3SMvf5437PPW62TW5tRmnB8JuhyP92hPYdfJ74Gs4cgTYnOdJF0_iMpgUSZQ3sYKcpPhK9FqYgRw3C2tDyJeSYwNukVj1wp3nEkSNhA256e_0M-ajlA3UdpfoG8PlRvbVSJPukAlHi1cVN4tbS7cvoukXR6lP3tCexWogHTGzG2H1mfDMU_CrQozy1hRyW4WLD5WjTq25tJJqd6r5OY4AJ8zHu096trdFdq7xcke3kPmr3JiW5bwGsLAPzCuUP_og&amp;owa=outlook.live.com&amp;isc=1\" alt=\"\" width=\"503\" height=\"270\" \/><\/p>\n<p class=\"x_MsoNormal\" align=\"center\">\n<p class=\"x_MsoNormal\">\n<p class=\"x_MsoNormal\">Apesar do cancelamento do carnaval oficial de Ilh\u00e9us, o prefeito M\u00e1rio Alexandre determinou a disponibilidade de servi\u00e7os p\u00fablicos na Avenida Soares Lopes a fim de garantir uma estrutura m\u00ednima para as manifesta\u00e7\u00f5es populares espont\u00e2neas durante o per\u00edodo momesco. O prefeito anunciou a suspens\u00e3o da festa de carnaval, ao final do m\u00eas passado, considerando as dificuldades financeiras do munic\u00edpio, agravadas pelo sequestro de recursos por parte da Receita Federal.<\/p>\n<p class=\"x_MsoNormal\">De acordo com o secret\u00e1rio interino de Turismo e Esportes, H\u00e9lio Ricardo, a Prefeitura vai instalar banheiros qu\u00edmicos na Avenida Soares Lopes, al\u00e9m de refor\u00e7ar a ilumina\u00e7\u00e3o p\u00fablica na \u00e1rea, controlar as a\u00e7\u00f5es do tr\u00e2nsito, disponibilizar atendimento emergencial de sa\u00fade, servi\u00e7o de limpeza p\u00fablica e de seguran\u00e7a p\u00fablica, atrav\u00e9s das pol\u00edcias Militar e Civil e da Guarda Civil Municipal.<\/p>\n<p class=\"x_MsoNormal\">Segundo o superintendente de Tr\u00e2nsito e Transportes do Munic\u00edpio, Gilson Nascimento, o tr\u00e1fego ser\u00e1 parcialmente interrompido na Avenida Soares Lopes nos dias 10, 11, 12 e 13 de fevereiro, no per\u00edodo das 15 \u00e0s 21 horas, com o objetivo de garantir pista livre para as manifesta\u00e7\u00f5es populares do carnaval.<\/p>\n<p class=\"x_MsoNormal\"><b>AMBULANTES<\/b>\u00a0\u2013 O gerente de Fomento da secretaria municipal de Ind\u00fastria e Com\u00e9rcio (Sedic), J\u00falio Melo, informa que n\u00e3o haver\u00e1 cadastramento formal emitido para servi\u00e7os ambulantes por prepostos da Prefeitura, mas alerta aos interessados que as barracas ou outros equipamentos de vendas para ambulantes somente dever\u00e3o ser organizados nos espa\u00e7os de estacionamento ao longo da Avenida Soares Lopes.<\/p>\n<p class=\"x_MsoNormal\">Por sua vez, o chefe do Servi\u00e7o Fiscaliza\u00e7\u00e3o de Posturas da Prefeitura, Murilo Alves, avisa que n\u00e3o ser\u00e1 permitida a atividade de com\u00e9rcio ambulante nos canteiros e nas pra\u00e7as da Avenida. E enfatiza que, por medida de seguran\u00e7a, fica proibida a comercializa\u00e7\u00e3o de comidas e bebidas em garrafas de vidro, objetos pontiagudos, fogareiros ou similares que ofere\u00e7am riscos aos foli\u00f5es.<\/p>\n<p class=\"x_MsoNormal\">\n","protected":false},"excerpt":{"rendered":"<p>Apesar do cancelamento do carnaval oficial de Ilh\u00e9us, o prefeito M\u00e1rio Alexandre determinou a disponibilidade de servi\u00e7os p\u00fablicos na Avenida Soares Lopes a fim de garantir uma estrutura m\u00ednima para as manifesta\u00e7\u00f5es populares espont\u00e2neas durante o per\u00edodo momesco. O prefeito anunciou a suspens\u00e3o da festa de carnaval, ao final do m\u00eas passado, considerando as dificuldades [&hellip;]<\/p>\n","protected":false},"author":2,"featured_media":0,"comment_status":"open","ping_status":"open","sticky":false,"template":"","format":"standard","meta":{"_links_to":"","_links_to_target":""},"categories":[7,9,8,1],"tags":[],"_links":{"self":[{"href":"https:\/\/www.ilheusnoticias.net.br\/v1\/wp-json\/wp\/v2\/posts\/12434"}],"collection":[{"href":"https:\/\/www.ilheusnoticias.net.br\/v1\/wp-json\/wp\/v2\/posts"}],"about":[{"href":"https:\/\/www.ilheusnoticias.net.br\/v1\/wp-json\/wp\/v2\/types\/post"}],"author":[{"embeddable":true,"href":"https:\/\/www.ilheusnoticias.net.br\/v1\/wp-json\/wp\/v2\/users\/2"}],"replies":[{"embeddable":true,"href":"https:\/\/www.ilheusnoticias.net.br\/v1\/wp-json\/wp\/v2\/comments?post=12434"}],"version-history":[{"count":1,"href":"https:\/\/www.ilheusnoticias.net.br\/v1\/wp-json\/wp\/v2\/posts\/12434\/revisions"}],"predecessor-version":[{"id":12435,"href":"https:\/\/www.ilheusnoticias.net.br\/v1\/wp-json\/wp\/v2\/posts\/12434\/revisions\/12435"}],"wp:attachment":[{"href":"https:\/\/www.ilheusnoticias.net.br\/v1\/wp-json\/wp\/v2\/media?parent=12434"}],"wp:term":[{"taxonomy":"category","embeddable":true,"href":"https:\/\/www.ilheusnoticias.net.br\/v1\/wp-json\/wp\/v2\/categories?post=12434"},{"taxonomy":"post_tag","embeddable":true,"href":"https:\/\/www.ilheusnoticias.net.br\/v1\/wp-json\/wp\/v2\/tags?post=12434"}],"curies":[{"name":"wp","href":"https:\/\/api.w.org\/{rel}","templated":true}]}}