{"id":12430,"date":"2018-02-07T09:52:01","date_gmt":"2018-02-07T12:52:01","guid":{"rendered":"http:\/\/www.ilheusnoticias.net.br\/v1\/?p=12430"},"modified":"2018-02-07T09:52:01","modified_gmt":"2018-02-07T12:52:01","slug":"tve-sera-unica-emissora-a-transmitir-os-tres-circuitos-do-carnaval","status":"publish","type":"post","link":"https:\/\/www.ilheusnoticias.net.br\/v1\/2018\/02\/07\/tve-sera-unica-emissora-a-transmitir-os-tres-circuitos-do-carnaval\/","title":{"rendered":"TVE ser\u00e1 \u00fanica emissora a transmitir os tr\u00eas circuitos do Carnaval"},"content":{"rendered":"<h1 id=\"x_story_title\"><\/h1>\n<div id=\"x_story_text\">Reconhecida por ser a emissora que mais dedica espa\u00e7o na programa\u00e7\u00e3o ao Carnaval da Bahia, com mais de 65 horas ao vivo, a TVE saiu na frente, e este ano ser\u00e1 a \u00fanica TV a transmitir, ao vivo, a festa dos tr\u00eas principais circuitos &#8211; Barra Ondina, Campo Grande e Pelourinho. Durante os seis dias de festa, a emissora exibir\u00e1 toda a diversidade do Carnaval de Salvador e conte\u00fados das cidades do interior do estado.<\/p>\n<p>Por meio das emissoras p\u00fablicas parceiras, o Carnaval ser\u00e1 exibido para todo Pa\u00eds, via a Rede P\u00fablica de Televis\u00e3o, atingindo um p\u00fablico potencial de 100 milh\u00f5es de telespectadores. Outra novidade \u00e9 que os apresentadores Rita Batista, Jhonat\u00e3 Gabriel, Pamela Lucciola, Ayana Sim\u00f5es e V\u00e2nia Dias, no comando das transmiss\u00f5es, ganhar\u00e3o a companhia da jornalista Wanda Chase e de James Martins no time de comentaristas da emissora. Al\u00e9m desses, a Drag Valerie O&#8217;hara ser\u00e1 rep\u00f3rter mostrando aspectos da diversidade da festa.<\/p>\n<p class=\"x_MsoNormal\">Todo o conte\u00fado poder\u00e1 ser acompanhado pelo site O Canal do Carnaval (www.ocanaldocarnaval.com.br), pelo facebook oficial da emissora (\/tvebahia), pelo Portal www.tve.ba.gov.br\/tveonline. A emissora est\u00e1 preparando ainda uma cobertura colaborativa via twitter e do instagram. Al\u00e9m da TVE, a r\u00e1dio Educadora FM ter\u00e1 conte\u00fados e programa\u00e7\u00e3o especial para o Carnaval, com a transmiss\u00e3o dos shows do Pelourinho.<\/p>\n<p><b>Confira os hor\u00e1rios da transmiss\u00e3o<\/b><\/p>\n<p><u><b>Quinta-feira (8)<\/b><\/u>\u00a0&#8211; In\u00edcio \u00e0s 17h30<br \/>\n<u><b>Sexta (9)<\/b><\/u>\u00a0&#8211; in\u00edcio \u00e0s 15h30<br \/>\n<u><b>S\u00e1bado (10)<\/b>\u00a0&#8211;<\/u>\u00a0In\u00edcio \u00e0s 16h<br \/>\n<u><b>Domingo (11) &#8211; segunda (12) e ter\u00e7a (13)<\/b><\/u>\u00a0&#8211; In\u00edcio \u00e0s 12h<\/div>\n","protected":false},"excerpt":{"rendered":"<p>Reconhecida por ser a emissora que mais dedica espa\u00e7o na programa\u00e7\u00e3o ao Carnaval da Bahia, com mais de 65 horas ao vivo, a TVE saiu na frente, e este ano ser\u00e1 a \u00fanica TV a transmitir, ao vivo, a festa dos tr\u00eas principais circuitos &#8211; Barra Ondina, Campo Grande e Pelourinho. Durante os seis dias [&hellip;]<\/p>\n","protected":false},"author":2,"featured_media":0,"comment_status":"open","ping_status":"open","sticky":false,"template":"","format":"standard","meta":{"_links_to":"","_links_to_target":""},"categories":[7,9,8,1],"tags":[],"_links":{"self":[{"href":"https:\/\/www.ilheusnoticias.net.br\/v1\/wp-json\/wp\/v2\/posts\/12430"}],"collection":[{"href":"https:\/\/www.ilheusnoticias.net.br\/v1\/wp-json\/wp\/v2\/posts"}],"about":[{"href":"https:\/\/www.ilheusnoticias.net.br\/v1\/wp-json\/wp\/v2\/types\/post"}],"author":[{"embeddable":true,"href":"https:\/\/www.ilheusnoticias.net.br\/v1\/wp-json\/wp\/v2\/users\/2"}],"replies":[{"embeddable":true,"href":"https:\/\/www.ilheusnoticias.net.br\/v1\/wp-json\/wp\/v2\/comments?post=12430"}],"version-history":[{"count":1,"href":"https:\/\/www.ilheusnoticias.net.br\/v1\/wp-json\/wp\/v2\/posts\/12430\/revisions"}],"predecessor-version":[{"id":12431,"href":"https:\/\/www.ilheusnoticias.net.br\/v1\/wp-json\/wp\/v2\/posts\/12430\/revisions\/12431"}],"wp:attachment":[{"href":"https:\/\/www.ilheusnoticias.net.br\/v1\/wp-json\/wp\/v2\/media?parent=12430"}],"wp:term":[{"taxonomy":"category","embeddable":true,"href":"https:\/\/www.ilheusnoticias.net.br\/v1\/wp-json\/wp\/v2\/categories?post=12430"},{"taxonomy":"post_tag","embeddable":true,"href":"https:\/\/www.ilheusnoticias.net.br\/v1\/wp-json\/wp\/v2\/tags?post=12430"}],"curies":[{"name":"wp","href":"https:\/\/api.w.org\/{rel}","templated":true}]}}