{"id":12428,"date":"2018-02-07T09:50:51","date_gmt":"2018-02-07T12:50:51","guid":{"rendered":"http:\/\/www.ilheusnoticias.net.br\/v1\/?p=12428"},"modified":"2018-02-07T09:50:51","modified_gmt":"2018-02-07T12:50:51","slug":"azul-vai-se-reunir-com-governador-e-prefeito-de-ilheus-para-tentar-evitar-cancelamento-de-voos","status":"publish","type":"post","link":"https:\/\/www.ilheusnoticias.net.br\/v1\/2018\/02\/07\/azul-vai-se-reunir-com-governador-e-prefeito-de-ilheus-para-tentar-evitar-cancelamento-de-voos\/","title":{"rendered":"Azul vai se reunir com governador e prefeito de  Ilh\u00e9us para tentar evitar cancelamento de voos"},"content":{"rendered":"<p><img loading=\"lazy\" class=\"\" src=\"https:\/\/attachment.outlook.office.net\/owa\/laudiceacarvalho62@hotmail.com\/service.svc\/s\/GetAttachmentThumbnail?id=AQMkADAwATYwMAItY2MANTgtODQxNC0wMAItMDAKAEYAAANqOYr2uMN4Qoz6pFp%2FhFoeBwAsxvM0hWqyT6EfSeQ8%2BPgA8AAAAgEMAAAALMbzNIVqsk%2BhH0nkPPj4APAAAWSAqw8AAAABEgAQAHmfI2X53SlAsYENMtdsado%3D&amp;thumbnailType=2&amp;X-OWA-CANARY=GOlRR-_4aky1N3DsISobnjDaTycpbtUYhm4VRvNdS8axZXmviTNW2LeXDVG3MND4aGB1ndY1QUQ.&amp;token=eyJ0eXAiOiJKV1QiLCJhbGciOiJSUzI1NiIsIng1dCI6ImVuaDlCSnJWUFU1aWpWMXFqWmpWLWZMMmJjbyJ9.eyJ2ZXIiOiJFeGNoYW5nZS5DYWxsYmFjay5WMSIsImFwcGN0eHNlbmRlciI6Ik93YURvd25sb2FkQDg0ZGY5ZTdmLWU5ZjYtNDBhZi1iNDM1LWFhYWFhYWFhYWFhYSIsImFwcGN0eCI6IntcIm1zZXhjaHByb3RcIjpcIm93YVwiLFwicHJpbWFyeXNpZFwiOlwiUy0xLTI4MjctMzkzMjE2LTM0MjgzNTMwNDRcIixcInB1aWRcIjpcIjE2ODg4NTMyODg2MTY5ODBcIixcIm9pZFwiOlwiMDAwNjAwMDAtY2M1OC04NDE0LTAwMDAtMDAwMDAwMDAwMDAwXCIsXCJzY29wZVwiOlwiT3dhRG93bmxvYWRcIn0iLCJpc3MiOiIwMDAwMDAwMi0wMDAwLTBmZjEtY2UwMC0wMDAwMDAwMDAwMDBAODRkZjllN2YtZTlmNi00MGFmLWI0MzUtYWFhYWFhYWFhYWFhIiwiYXVkIjoiMDAwMDAwMDItMDAwMC0wZmYxLWNlMDAtMDAwMDAwMDAwMDAwL2F0dGFjaG1lbnQub3V0bG9vay5vZmZpY2UubmV0QDg0ZGY5ZTdmLWU5ZjYtNDBhZi1iNDM1LWFhYWFhYWFhYWFhYSIsImV4cCI6MTUxODAwODIyMiwibmJmIjoxNTE4MDA3NjIyfQ.CFpsWR_h4r6dM1EPNxwVPwMdq7wuJsN1p5eF1EKzYZJftHQ0uVt_S1Lj2q7nMv-1CUzIUAnSQ9sjPQO78mIm06YxBjPq31hQqqFi5_4k5S26Zvo6w4AEB5uo-B8R4Hg3i4R3SR25h0ZH9yfn3dH2kL5UeeAeQAFEwHbRPfRF3MnWDRBbsqpW1C-N54HqY8Rb-xgiGcj2pNMXG2ccf5sfTBlrJgI--zfnf3zX_lEWuh5uvyzMmxrZPGOKWh3lurN6yuK0eG9t7LvjT4QGf359MBeJCrKMpyjE-6Nq49lXeaE_rMIyZbhdCnxbt5KUpbh3R5gKIcUeyr7Lyqw69hxIFw&amp;owa=outlook.live.com&amp;isc=1\" alt=\"\" width=\"425\" height=\"239\" \/><\/p>\n<p class=\"x_MsoNormal\">\n<p class=\"x_MsoNormal\">\n<p class=\"x_MsoNormal\"><span style=\"font-family: tahoma, sans-serif; font-size: large;\">Uma reuni\u00e3o com a dire\u00e7\u00e3o da companhia a\u00e9rea Azul est\u00e1 sendo agendada com o governador da Bahia, Rui Costa e o prefeito de Ilh\u00e9us, M\u00e1rio Alexandre, para apresentar alternativas \u00e0 extin\u00e7\u00e3o da rota Ilh\u00e9us-Salvador, anunciada recentemente pela empresa, com suspens\u00e3o prevista para acontecer a partir do pr\u00f3ximo dia 19. Ap\u00f3s uma reuni\u00e3o ontem em Bras\u00edlia, que contou com a presen\u00e7a de representantes da Prefeitura, a companhia se comprometeu a apresentar at\u00e9 a pr\u00f3xima sexta-feira (9), uma proposta de manuten\u00e7\u00e3o dos voos.<\/span><\/p>\n<p class=\"x_MsoNormal\"><!--more--><\/p>\n<p class=\"x_MsoNormal\"><span style=\"font-family: tahoma, sans-serif; font-size: large;\">A rota amea\u00e7ada de extin\u00e7\u00e3o sob a justificativa de readequa\u00e7\u00e3o da malha, atende a todo o sul da Bahia, com partidas do Aeroporto Jorge Amado, de segunda a sexta, \u00e0s 13h40, e s\u00e1bados e domingos, \u00e0s 10h05. \u201cS\u00e3o voos importantes para a regi\u00e3o. A extin\u00e7\u00e3o desta rota p\u00f5e a empresa na contram\u00e3o das boas perspectivas de neg\u00f3cios previstas para acontecer a partir dos grandes investimentos que est\u00e3o aportando na regi\u00e3o, tal como o Porto Sul, Ferrovia de Integra\u00e7\u00e3o Oeste-Leste, Zona de Processamento de Exporta\u00e7\u00e3o e o pr\u00f3prio turismo\u201d, disse o prefeito.<\/span><\/p>\n<p class=\"x_MsoNormal\"><span style=\"font-family: tahoma, sans-serif; font-size: large;\">Dentre os termas que ser\u00e3o debatidos entre a empresa e os representantes do Estado e do Munic\u00edpio, est\u00e1 uma viabilidade tarif\u00e1ria mais atraente para pousos e decolagens no Aeroporto Jorge Amado. M\u00e1rio lembra que o governador Rui Costa j\u00e1 assinou o contrato de delega\u00e7\u00e3o do Aeroporto Jorge Amado, em Ilh\u00e9us, para o Governo da Bahia. Boa parte dos turistas que visitam a Bahia chega por Ilh\u00e9us, onde fica um dos mais antigos aeroportos do estado e o terceiro maior em n\u00famero de passageiros. Em 2016, o Jorge Amado recebeu mais de 550 mil pessoas. At\u00e9 abril de 2017, 190 mil viajantes passaram pelo equipamento.<\/span><\/p>\n<p class=\"x_MsoNormal\"><span style=\"font-family: tahoma, sans-serif; font-size: large;\">Com a responsabilidade nas m\u00e3os do Estado, a programa\u00e7\u00e3o \u00e9 lan\u00e7ar licita\u00e7\u00e3o para que empresas de avia\u00e7\u00e3o civil disputem a gest\u00e3o. De acordo com o secret\u00e1rio Marcus Cavalcanti, quem ganhar a licita\u00e7\u00e3o, al\u00e9m de ampliar o terminal de passageiros, realizar obra de recupera\u00e7\u00e3o da pista e a obra de tr\u00e1fego a\u00e9reo, ter\u00e1 como obriga\u00e7\u00e3o fazer o estudo de localiza\u00e7\u00e3o, o projeto e o licenciamento ambiental para o novo aeroporto de Ilh\u00e9us. &#8220;N\u00f3s estamos dando o primeiro passo e estamos tendo condi\u00e7\u00e3o de fazer um investimento pelo setor privado na melhoria de condi\u00e7\u00e3o daquele aeroporto para atrair mais voos&#8221;, enfatizou Cavalcanti, com quem M\u00e1rio Alexandre esteve ontem em Salvador, debatendo o tema.<\/span><\/p>\n<p class=\"x_MsoNormal\">\n","protected":false},"excerpt":{"rendered":"<p>Uma reuni\u00e3o com a dire\u00e7\u00e3o da companhia a\u00e9rea Azul est\u00e1 sendo agendada com o governador da Bahia, Rui Costa e o prefeito de Ilh\u00e9us, M\u00e1rio Alexandre, para apresentar alternativas \u00e0 extin\u00e7\u00e3o da rota Ilh\u00e9us-Salvador, anunciada recentemente pela empresa, com suspens\u00e3o prevista para acontecer a partir do pr\u00f3ximo dia 19. Ap\u00f3s uma reuni\u00e3o ontem em Bras\u00edlia, [&hellip;]<\/p>\n","protected":false},"author":2,"featured_media":0,"comment_status":"open","ping_status":"open","sticky":false,"template":"","format":"standard","meta":{"_links_to":"","_links_to_target":""},"categories":[7,9,8,1],"tags":[],"_links":{"self":[{"href":"https:\/\/www.ilheusnoticias.net.br\/v1\/wp-json\/wp\/v2\/posts\/12428"}],"collection":[{"href":"https:\/\/www.ilheusnoticias.net.br\/v1\/wp-json\/wp\/v2\/posts"}],"about":[{"href":"https:\/\/www.ilheusnoticias.net.br\/v1\/wp-json\/wp\/v2\/types\/post"}],"author":[{"embeddable":true,"href":"https:\/\/www.ilheusnoticias.net.br\/v1\/wp-json\/wp\/v2\/users\/2"}],"replies":[{"embeddable":true,"href":"https:\/\/www.ilheusnoticias.net.br\/v1\/wp-json\/wp\/v2\/comments?post=12428"}],"version-history":[{"count":1,"href":"https:\/\/www.ilheusnoticias.net.br\/v1\/wp-json\/wp\/v2\/posts\/12428\/revisions"}],"predecessor-version":[{"id":12429,"href":"https:\/\/www.ilheusnoticias.net.br\/v1\/wp-json\/wp\/v2\/posts\/12428\/revisions\/12429"}],"wp:attachment":[{"href":"https:\/\/www.ilheusnoticias.net.br\/v1\/wp-json\/wp\/v2\/media?parent=12428"}],"wp:term":[{"taxonomy":"category","embeddable":true,"href":"https:\/\/www.ilheusnoticias.net.br\/v1\/wp-json\/wp\/v2\/categories?post=12428"},{"taxonomy":"post_tag","embeddable":true,"href":"https:\/\/www.ilheusnoticias.net.br\/v1\/wp-json\/wp\/v2\/tags?post=12428"}],"curies":[{"name":"wp","href":"https:\/\/api.w.org\/{rel}","templated":true}]}}