{"id":12426,"date":"2018-02-07T09:48:36","date_gmt":"2018-02-07T12:48:36","guid":{"rendered":"http:\/\/www.ilheusnoticias.net.br\/v1\/?p=12426"},"modified":"2018-02-07T09:48:36","modified_gmt":"2018-02-07T12:48:36","slug":"hospital-regional-da-chapada-ja-realizou-mais-de-25-mil-procedimentos-em-dois-meses-de-funcionamento","status":"publish","type":"post","link":"https:\/\/www.ilheusnoticias.net.br\/v1\/2018\/02\/07\/hospital-regional-da-chapada-ja-realizou-mais-de-25-mil-procedimentos-em-dois-meses-de-funcionamento\/","title":{"rendered":"Hospital Regional da Chapada j\u00e1 realizou mais de 25 mil procedimentos em dois meses de funcionamento"},"content":{"rendered":"<p><img src=\"https:\/\/attachment.outlook.office.net\/owa\/laudiceacarvalho62@hotmail.com\/service.svc\/s\/GetAttachmentThumbnail?id=AQMkADAwATYwMAItY2MANTgtODQxNC0wMAItMDAKAEYAAANqOYr2uMN4Qoz6pFp%2FhFoeBwAsxvM0hWqyT6EfSeQ8%2BPgA8AAAAgEMAAAALMbzNIVqsk%2BhH0nkPPj4APAAAWSAqxAAAAABEgAQAD6fT%2B76R15PjXnBtIptRUs%3D&amp;thumbnailType=2&amp;X-OWA-CANARY=Yq6sKbYgME2TdwAqoWMqtqAkjOYobtUYM8tqc2vk7PHNXnl9z0sr6mXEOaHsdLvNFSj_n4hubF4.&amp;token=eyJ0eXAiOiJKV1QiLCJhbGciOiJSUzI1NiIsIng1dCI6ImVuaDlCSnJWUFU1aWpWMXFqWmpWLWZMMmJjbyJ9.eyJ2ZXIiOiJFeGNoYW5nZS5DYWxsYmFjay5WMSIsImFwcGN0eHNlbmRlciI6Ik93YURvd25sb2FkQDg0ZGY5ZTdmLWU5ZjYtNDBhZi1iNDM1LWFhYWFhYWFhYWFhYSIsImFwcGN0eCI6IntcIm1zZXhjaHByb3RcIjpcIm93YVwiLFwicHJpbWFyeXNpZFwiOlwiUy0xLTI4MjctMzkzMjE2LTM0MjgzNTMwNDRcIixcInB1aWRcIjpcIjE2ODg4NTMyODg2MTY5ODBcIixcIm9pZFwiOlwiMDAwNjAwMDAtY2M1OC04NDE0LTAwMDAtMDAwMDAwMDAwMDAwXCIsXCJzY29wZVwiOlwiT3dhRG93bmxvYWRcIn0iLCJpc3MiOiIwMDAwMDAwMi0wMDAwLTBmZjEtY2UwMC0wMDAwMDAwMDAwMDBAODRkZjllN2YtZTlmNi00MGFmLWI0MzUtYWFhYWFhYWFhYWFhIiwiYXVkIjoiMDAwMDAwMDItMDAwMC0wZmYxLWNlMDAtMDAwMDAwMDAwMDAwL2F0dGFjaG1lbnQub3V0bG9vay5vZmZpY2UubmV0QDg0ZGY5ZTdmLWU5ZjYtNDBhZi1iNDM1LWFhYWFhYWFhYWFhYSIsImV4cCI6MTUxODAwODIyMiwibmJmIjoxNTE4MDA3NjIyfQ.CFpsWR_h4r6dM1EPNxwVPwMdq7wuJsN1p5eF1EKzYZJftHQ0uVt_S1Lj2q7nMv-1CUzIUAnSQ9sjPQO78mIm06YxBjPq31hQqqFi5_4k5S26Zvo6w4AEB5uo-B8R4Hg3i4R3SR25h0ZH9yfn3dH2kL5UeeAeQAFEwHbRPfRF3MnWDRBbsqpW1C-N54HqY8Rb-xgiGcj2pNMXG2ccf5sfTBlrJgI--zfnf3zX_lEWuh5uvyzMmxrZPGOKWh3lurN6yuK0eG9t7LvjT4QGf359MBeJCrKMpyjE-6Nq49lXeaE_rMIyZbhdCnxbt5KUpbh3R5gKIcUeyr7Lyqw69hxIFw&amp;owa=outlook.live.com&amp;isc=1\" alt=\"\" \/><\/p>\n<p>&nbsp;<\/p>\n<p>&nbsp;<\/p>\n<div id=\"x_Signature\">\n<div id=\"x_divtagdefaultwrapper\">\n<div>\n<h1 id=\"x_story_title\"><\/h1>\n<div id=\"x_story_text\">O Hospital Regional da Chapada, inaugurado pelo Governo do Estado no dia 2 de dezembro de 2017, no munic\u00edpio de Seabra, na Chapada Diamantina, \u00a0realizou, at\u00e9 o final do m\u00eas de janeiro deste ano, 25.600 procedimentos. A unidade atende 11 munic\u00edpios da regi\u00e3o e j\u00e1 registrou 1.054 interna\u00e7\u00f5es distribu\u00eddas para cl\u00ednica m\u00e9dica e pedi\u00e1trica, al\u00e9m de cirurgia geral e ortop\u00e9dica.<\/p>\n<p>O HRC contou com investimento de R$ 58 milh\u00f5es e disp\u00f5e de 101 leitos, sendo 10 de UTI, atendimento de urg\u00eancia e emerg\u00eancia 24 horas, centro de bioimagem e cir\u00fargico, al\u00e9m de ambulat\u00f3rio. O diretor operacional do Hospital Regional da Chapada, Julio Eloy Passos, afirma que a procura pelos servi\u00e7os da unidade tem aumento gradativo. \u201cA unidade j\u00e1 est\u00e1 com todos os servi\u00e7os implantados e a demanda vem aumentando conforme a popula\u00e7\u00e3o toma conhecimento do atendimento oferecido. No primeiro m\u00eas de funcionamento, ultrapassamos a meta prevista de 8.500 atendimentos. Nesse per\u00edodo, foram realizados mais de 10.500 atendimentos\u201d.<\/p>\n<\/div>\n<\/div>\n<\/div>\n<\/div>\n<div><\/div>\n<p><!--more--><\/p>\n<div id=\"x_Signature\">\n<div id=\"x_divtagdefaultwrapper\">\n<div>\n<div id=\"x_story_text\">Ainda de acordo com o diretor, o atendimento de emerg\u00eancia funciona de porta aberta, ou seja, a popula\u00e7\u00e3o pode procurar a unidade e ser\u00e1 atendida. Para os demais procedimentos, como ultrassonografias, endoscopia, cirurgias, tomografias, entre outros, os pacientes precisam de regula\u00e7\u00e3o. \u201cPara os casos que n\u00e3o s\u00e3o considerados de emerg\u00eancia \u00e9 necess\u00e1rio que a popula\u00e7\u00e3o procure os servi\u00e7os de sa\u00fade do seu munic\u00edpio e, por meio da Secret\u00e1ria Municipal de Sa\u00fade, eles ser\u00e3o regulados e encaminhados para atendimento no HRC\u201d.<\/p>\n<p><b>Mutir\u00e3o\u00a0<\/b><\/p>\n<div align=\"center\"><\/div>\n<p>O atendimento no HRC foi iniciado com a realiza\u00e7\u00e3o do mutir\u00e3o de cirurgias eletivas, que resultou em mais de 300 procedimentos no primeiro final de semana do m\u00eas de dezembro. Ainda de acordo com o diretor, pequenos mutir\u00f5es continuam sendo realizados para atender \u00e0 demanda da popula\u00e7\u00e3o. \u201cDecidimos manter a realiza\u00e7\u00e3o do mutir\u00e3o de cirurgias em menor escala e estamos realizando cerca de 20 cirurgias por dia, sendo que costumamos oferecer este atendimento durante tr\u00eas dias na semana\u201d.<\/p>\n<p>Para saber a data exata da realiza\u00e7\u00e3o dos mutir\u00f5es, a popula\u00e7\u00e3o deve procurar a Secretaria de Sa\u00fade do seu munic\u00edpio e agendar o atendimento. Al\u00e9m disso, tamb\u00e9m est\u00e3o sendo realizados mutir\u00f5es para atender \u00e0 demanda da popula\u00e7\u00e3o por outros servi\u00e7os de sa\u00fade, como exames de tomografia e endoscopia. Os munic\u00edpios atendidos pelo HRC s\u00e3o Aba\u00edra, Boninal, Ibitiara, Iraquara, Len\u00e7\u00f3is, Mucug\u00ea, Novo Horizonte, Palmeiras Piat\u00e3, Seabra e Souto Soares.<\/p><\/div>\n<\/div>\n<\/div>\n<\/div>\n","protected":false},"excerpt":{"rendered":"<p>&nbsp; &nbsp; O Hospital Regional da Chapada, inaugurado pelo Governo do Estado no dia 2 de dezembro de 2017, no munic\u00edpio de Seabra, na Chapada Diamantina, \u00a0realizou, at\u00e9 o final do m\u00eas de janeiro deste ano, 25.600 procedimentos. A unidade atende 11 munic\u00edpios da regi\u00e3o e j\u00e1 registrou 1.054 interna\u00e7\u00f5es distribu\u00eddas para cl\u00ednica m\u00e9dica e [&hellip;]<\/p>\n","protected":false},"author":2,"featured_media":0,"comment_status":"open","ping_status":"open","sticky":false,"template":"","format":"standard","meta":{"_links_to":"","_links_to_target":""},"categories":[7,9,8,1],"tags":[],"_links":{"self":[{"href":"https:\/\/www.ilheusnoticias.net.br\/v1\/wp-json\/wp\/v2\/posts\/12426"}],"collection":[{"href":"https:\/\/www.ilheusnoticias.net.br\/v1\/wp-json\/wp\/v2\/posts"}],"about":[{"href":"https:\/\/www.ilheusnoticias.net.br\/v1\/wp-json\/wp\/v2\/types\/post"}],"author":[{"embeddable":true,"href":"https:\/\/www.ilheusnoticias.net.br\/v1\/wp-json\/wp\/v2\/users\/2"}],"replies":[{"embeddable":true,"href":"https:\/\/www.ilheusnoticias.net.br\/v1\/wp-json\/wp\/v2\/comments?post=12426"}],"version-history":[{"count":1,"href":"https:\/\/www.ilheusnoticias.net.br\/v1\/wp-json\/wp\/v2\/posts\/12426\/revisions"}],"predecessor-version":[{"id":12427,"href":"https:\/\/www.ilheusnoticias.net.br\/v1\/wp-json\/wp\/v2\/posts\/12426\/revisions\/12427"}],"wp:attachment":[{"href":"https:\/\/www.ilheusnoticias.net.br\/v1\/wp-json\/wp\/v2\/media?parent=12426"}],"wp:term":[{"taxonomy":"category","embeddable":true,"href":"https:\/\/www.ilheusnoticias.net.br\/v1\/wp-json\/wp\/v2\/categories?post=12426"},{"taxonomy":"post_tag","embeddable":true,"href":"https:\/\/www.ilheusnoticias.net.br\/v1\/wp-json\/wp\/v2\/tags?post=12426"}],"curies":[{"name":"wp","href":"https:\/\/api.w.org\/{rel}","templated":true}]}}