{"id":12423,"date":"2018-02-07T08:11:54","date_gmt":"2018-02-07T11:11:54","guid":{"rendered":"http:\/\/www.ilheusnoticias.net.br\/v1\/?p=12423"},"modified":"2018-02-07T08:11:54","modified_gmt":"2018-02-07T11:11:54","slug":"preco-de-ingressos-para-o-jogo-de-estreia-do-colo-colo-de-ilheus-sera-r-500","status":"publish","type":"post","link":"https:\/\/www.ilheusnoticias.net.br\/v1\/2018\/02\/07\/preco-de-ingressos-para-o-jogo-de-estreia-do-colo-colo-de-ilheus-sera-r-500\/","title":{"rendered":"Pre\u00e7o de Ingressos para o Jogo de Estr\u00e9ia do Colo-Colo de Ilh\u00e9us ser\u00e1 R$ 5,00"},"content":{"rendered":"<div class=\"image-post\" style=\"box-sizing: border-box; margin-bottom: 20px; color: rgb(68, 68, 68); font-family: \" roboto slab\", sans-serif; font-size: 16px; font-style: normal; font-variant-ligatures: font-variant-caps: font-weight: 400; letter-spacing: orphans: 2; text-align: start; text-indent: 0px; text-transform: none; white-space: widows: word-spacing: -webkit-text-stroke-width: background-color: rgb(255, 255, 255); text-decoration-style: initial; text-decoration-color: initial;\"><img src=\"http:\/\/jornaldoradialista.com.br\/wp-content\/uploads\/2017\/12\/jornaldoradialista2017-colo-colo-campeao-baiano-2-divisao-2014-01-1728x800_c.jpg\" alt=\"JOGO DO COLO COLO DE FUTEBOL E REGATAS DIA 04\/03, TER\u00c1 PRE\u00c7O POPULAR A R$ 5,00. Um presente aos torcedores do tigr\u00e3o.\" title=\"JOGO DO COLO COLO DE FUTEBOL E REGATAS DIA 04\/03, TER\u00c1 PRE\u00c7O POPULAR A R$ 5,00. Um presente aos torcedores do tigr\u00e3o.\" scale=\"0\" style=\"box-sizing: border-box; border: 3px solid rgb(255, 255, 255); vertical-align: middle; max-width: 100%; height: auto; box-shadow: rgba(34, 34, 34, 0.1) 0px 0px 5px 1px; width: 320px;\"><\/div>\n<p style=\"box-sizing: border-box; margin: 0px 0px 10px;\">\n<div class=\"post-content\" style=\"box-sizing: border-box; border-bottom: 1px solid rgb(240, 240, 240); padding-bottom: 5px; margin-bottom: 20px; color: rgb(68, 68, 68); font-family: \" roboto slab\", sans-serif; font-size: 16px; font-style: normal; font-variant-ligatures: font-variant-caps: font-weight: 400; letter-spacing: orphans: 2; text-align: start; text-indent: 0px; text-transform: none; white-space: widows: word-spacing: -webkit-text-stroke-width: background-color: rgb(255, 255, 255); text-decoration-style: initial; text-decoration-color: initial;\">O jogo de estreia do Colo Colo (Ilh\u00e9us) X Gal\u00edcia (Salvador) marcado para o dia 04 de mar\u00e7o, \u00e0s 15 horas no est\u00e1dio M\u00e1rio Pessoa ter\u00e1 pre\u00e7o popular de R$ 5,00 (cinco reais) nas gerais. <\/p>\n<p style=\"box-sizing: border-box; margin: 0px 0px 10px;\">A Arezza\/Adilis, empresa gestora do empres\u00e1rio e parceiro Weliton Nascimento,  em respeito aos torcedores colocolense disponibilizar\u00e1 cota necess\u00e1ria de ingressos para atender a demanda. \u201cA Arezza\/Adilis custear\u00e1 qualquer despesas extras de ingressos caso aconte\u00e7a\u201d. adianta Weliton Nascimento, que afirma ainda: \u201cQueremos transformar a Arena M\u00e1rio Pessoa num caldeir\u00e3o\u201d.<\/p>\n<p style=\"box-sizing: border-box; margin: 0px 0px 10px;\">Muitas pessoas e empresas come\u00e7am a ligar pra saber aonde comprar os ingressos antecipadamente.  Segundo orienta\u00e7\u00e3o da ArezzaAdilis \u00e9 que at\u00e9 o dia 25 de fevereiro ser\u00e1 disponibilizado os locais de vendas.<\/p>\n<p style=\"box-sizing: border-box; margin: 0px 0px 10px;\">Para as arquibancadas cobertas o pre\u00e7o do ingresso ser\u00e1 definido posteriormente. Mas,  devem ter um custo bem barato, em torno de R$ 10 a R$ 15.<\/p>\n<p style=\"box-sizing: border-box; margin: 0px 0px 10px;\">Segundo ainda a Arezza\/Adilis, at\u00e9 o dia do jogo dever\u00e1 ser pedido a FBF capacidade m\u00e1xima de ingressos, pois a movimenta\u00e7\u00e3o da torcida \u00e9 muito grande e com valores populares \u00e9 natural que mais pessoas tenham mais condi\u00e7\u00f5es de comprar e torcer. \u201cE, nesse momento nosso objetivo \u00e9 trazer o torcedor para o est\u00e1dio para incentivar e provar que o tigr\u00e3o \u00e9 de fato a maior torcida da Bahia\u201d, afirmou o empres\u00e1rio Weliton Nascimento ao jornalista Elias Reis.<\/p>\n<p style=\"box-sizing: border-box; margin: 0px 0px 10px;\"><b style=\"box-sizing: border-box; font-weight: bold;\">Com informa\u00e7\u00f5es: www.jornaldoradialista.com.br<\/b><\/p>\n<\/div>\n","protected":false},"excerpt":{"rendered":"<p>O jogo de estreia do Colo Colo (Ilh\u00e9us) X Gal\u00edcia (Salvador) marcado para o dia 04 de mar\u00e7o, \u00e0s 15 horas no est\u00e1dio M\u00e1rio Pessoa ter\u00e1 pre\u00e7o popular de R$ 5,00 (cinco reais) nas gerais. A Arezza\/Adilis, empresa gestora do empres\u00e1rio e parceiro Weliton Nascimento, em respeito aos torcedores colocolense disponibilizar\u00e1 cota necess\u00e1ria de ingressos [&hellip;]<\/p>\n","protected":false},"author":2,"featured_media":0,"comment_status":"open","ping_status":"open","sticky":false,"template":"","format":"standard","meta":{"_links_to":"","_links_to_target":""},"categories":[1],"tags":[],"_links":{"self":[{"href":"https:\/\/www.ilheusnoticias.net.br\/v1\/wp-json\/wp\/v2\/posts\/12423"}],"collection":[{"href":"https:\/\/www.ilheusnoticias.net.br\/v1\/wp-json\/wp\/v2\/posts"}],"about":[{"href":"https:\/\/www.ilheusnoticias.net.br\/v1\/wp-json\/wp\/v2\/types\/post"}],"author":[{"embeddable":true,"href":"https:\/\/www.ilheusnoticias.net.br\/v1\/wp-json\/wp\/v2\/users\/2"}],"replies":[{"embeddable":true,"href":"https:\/\/www.ilheusnoticias.net.br\/v1\/wp-json\/wp\/v2\/comments?post=12423"}],"version-history":[{"count":1,"href":"https:\/\/www.ilheusnoticias.net.br\/v1\/wp-json\/wp\/v2\/posts\/12423\/revisions"}],"predecessor-version":[{"id":12424,"href":"https:\/\/www.ilheusnoticias.net.br\/v1\/wp-json\/wp\/v2\/posts\/12423\/revisions\/12424"}],"wp:attachment":[{"href":"https:\/\/www.ilheusnoticias.net.br\/v1\/wp-json\/wp\/v2\/media?parent=12423"}],"wp:term":[{"taxonomy":"category","embeddable":true,"href":"https:\/\/www.ilheusnoticias.net.br\/v1\/wp-json\/wp\/v2\/categories?post=12423"},{"taxonomy":"post_tag","embeddable":true,"href":"https:\/\/www.ilheusnoticias.net.br\/v1\/wp-json\/wp\/v2\/tags?post=12423"}],"curies":[{"name":"wp","href":"https:\/\/api.w.org\/{rel}","templated":true}]}}