{"id":12399,"date":"2018-02-06T10:28:00","date_gmt":"2018-02-06T13:28:00","guid":{"rendered":"http:\/\/www.ilheusnoticias.net.br\/v1\/?p=12399"},"modified":"2018-02-06T10:52:25","modified_gmt":"2018-02-06T13:52:25","slug":"sacf-ilheus-tem-novo-coordenador","status":"publish","type":"post","link":"https:\/\/www.ilheusnoticias.net.br\/v1\/2018\/02\/06\/sacf-ilheus-tem-novo-coordenador\/","title":{"rendered":"SAC Ilh\u00e9us tem novo coordenador"},"content":{"rendered":"<h2 class=\"title\">\u00a0<a href=\"http:\/\/www.ilheusnoticias.net.br\/v1\/wp-content\/uploads\/2018\/02\/IMG-20180206-WA0013.jpg\" rel=\"attachment wp-att-12374\"><img loading=\"lazy\" class=\"aligncenter wp-image-12374\" src=\"http:\/\/www.ilheusnoticias.net.br\/v1\/wp-content\/uploads\/2018\/02\/IMG-20180206-WA0013.jpg\" alt=\"IMG-20180206-WA0013.jpg\" width=\"573\" height=\"322\" srcset=\"https:\/\/www.ilheusnoticias.net.br\/v1\/wp-content\/uploads\/2018\/02\/IMG-20180206-WA0013.jpg 1280w, https:\/\/www.ilheusnoticias.net.br\/v1\/wp-content\/uploads\/2018\/02\/IMG-20180206-WA0013-300x169.jpg 300w, https:\/\/www.ilheusnoticias.net.br\/v1\/wp-content\/uploads\/2018\/02\/IMG-20180206-WA0013-1024x576.jpg 1024w\" sizes=\"(max-width: 573px) 100vw, 573px\" \/><\/a><\/h2>\n<p>Thiago Borges, ex-coordenador<\/p>\n<div class=\"entry-content clearfix single-post-content\">\n<div class=\"entry-content clearfix single-post-content\">\n<p>Foi publicado esta semana no Di\u00e1rio Oficial do Estado a nomea\u00e7\u00e3o de Jos\u00e9 Roberto Oliveira Garcia Santos para o cargo de coordenador do Posto de Servi\u00e7o de Atendimento ao Consumidor \u2013 SAC, em Ilh\u00e9us.<\/p>\n<p>Ele assume no lugar de Thiago Viana Borges, que foi exonerado na mesma data.\u00a0Jos\u00e9 Roberto foi secret\u00e1rio de ind\u00fastria e com\u00e9rcio no governo Jabes Ribeiro.<\/p>\n<p>Gostar\u00edamos aqui de ressaltar o prof\u00edcuo trabalho de Thiago \u00e0 frente do SAC de Ilh\u00e9us. Cabe salientar que a sa\u00edda de Thiago deu-se por defer\u00eancia pr\u00f3pria, em fun\u00e7\u00e3o do seu estado de Sa\u00fade . Desejamos\u00a0 \u00eaxito ao novo Coordenador.<\/p>\n<\/div>\n<\/div>\n","protected":false},"excerpt":{"rendered":"<p>\u00a0 Thiago Borges, ex-coordenador Foi publicado esta semana no Di\u00e1rio Oficial do Estado a nomea\u00e7\u00e3o de Jos\u00e9 Roberto Oliveira Garcia Santos para o cargo de coordenador do Posto de Servi\u00e7o de Atendimento ao Consumidor \u2013 SAC, em Ilh\u00e9us. Ele assume no lugar de Thiago Viana Borges, que foi exonerado na mesma data.\u00a0Jos\u00e9 Roberto foi secret\u00e1rio [&hellip;]<\/p>\n","protected":false},"author":2,"featured_media":0,"comment_status":"open","ping_status":"open","sticky":false,"template":"","format":"standard","meta":{"_links_to":"","_links_to_target":""},"categories":[7,9,8,1],"tags":[],"_links":{"self":[{"href":"https:\/\/www.ilheusnoticias.net.br\/v1\/wp-json\/wp\/v2\/posts\/12399"}],"collection":[{"href":"https:\/\/www.ilheusnoticias.net.br\/v1\/wp-json\/wp\/v2\/posts"}],"about":[{"href":"https:\/\/www.ilheusnoticias.net.br\/v1\/wp-json\/wp\/v2\/types\/post"}],"author":[{"embeddable":true,"href":"https:\/\/www.ilheusnoticias.net.br\/v1\/wp-json\/wp\/v2\/users\/2"}],"replies":[{"embeddable":true,"href":"https:\/\/www.ilheusnoticias.net.br\/v1\/wp-json\/wp\/v2\/comments?post=12399"}],"version-history":[{"count":5,"href":"https:\/\/www.ilheusnoticias.net.br\/v1\/wp-json\/wp\/v2\/posts\/12399\/revisions"}],"predecessor-version":[{"id":12414,"href":"https:\/\/www.ilheusnoticias.net.br\/v1\/wp-json\/wp\/v2\/posts\/12399\/revisions\/12414"}],"wp:attachment":[{"href":"https:\/\/www.ilheusnoticias.net.br\/v1\/wp-json\/wp\/v2\/media?parent=12399"}],"wp:term":[{"taxonomy":"category","embeddable":true,"href":"https:\/\/www.ilheusnoticias.net.br\/v1\/wp-json\/wp\/v2\/categories?post=12399"},{"taxonomy":"post_tag","embeddable":true,"href":"https:\/\/www.ilheusnoticias.net.br\/v1\/wp-json\/wp\/v2\/tags?post=12399"}],"curies":[{"name":"wp","href":"https:\/\/api.w.org\/{rel}","templated":true}]}}