{"id":12395,"date":"2018-02-06T10:23:04","date_gmt":"2018-02-06T13:23:04","guid":{"rendered":"http:\/\/www.ilheusnoticias.net.br\/v1\/?p=12395"},"modified":"2018-02-06T10:23:04","modified_gmt":"2018-02-06T13:23:04","slug":"mais-tres-macacos-sao-achados-mortos-em-salvador-suspeita-de-febre-amarela-e-investigada","status":"publish","type":"post","link":"https:\/\/www.ilheusnoticias.net.br\/v1\/2018\/02\/06\/mais-tres-macacos-sao-achados-mortos-em-salvador-suspeita-de-febre-amarela-e-investigada\/","title":{"rendered":"Mais tr\u00eas macacos s\u00e3o achados mortos em Salvador; suspeita de febre amarela \u00e9 investigada"},"content":{"rendered":"<h3 class=\"post-title entry-title\">\u00a0<a href=\"https:\/\/2.bp.blogspot.com\/-SpddjfVS6w4\/Wnj68Yr5n6I\/AAAAAAAASaA\/MRATXUOWD-kZUYr678r4nPgpnsyMLmldgCLcBGAs\/s1600\/macaco.jpg\"><img loading=\"lazy\" src=\"https:\/\/2.bp.blogspot.com\/-SpddjfVS6w4\/Wnj68Yr5n6I\/AAAAAAAASaA\/MRATXUOWD-kZUYr678r4nPgpnsyMLmldgCLcBGAs\/s640\/macaco.jpg\" alt=\"\" width=\"640\" height=\"354\" border=\"0\" data-original-height=\"562\" data-original-width=\"1000\" \/><\/a><\/h3>\n<div id=\"post-body-4164833592655331555\" class=\"post-body entry-content\">\n<div>Mais tr\u00eas macacos foram achados mortos em Salvador, no domingo (4), de acordo com a Secretaria Municipal de Sa\u00fade (SMS).<\/div>\n<div><\/div>\n<div>Os animais foram localizados nos bairros de Barragem (Sub\u00farbio Ferrovi\u00e1rio), Stella Maris e Rio Vermelho. Com isso, sobe para 64 o n\u00famero de animais encontrados mortos com suspeita de febre amarela na cidade. Outros oito animais doentes foram encontrados com suspeita da febre amarela.<\/div>\n<div><\/div>\n<div>Todos os 72 casos s\u00e3o analisados pelo Laborat\u00f3rio da Funda\u00e7\u00e3o Oswaldo Cruz (Fiocruz), no Rio de Janeiro, para onde foram enviadas amostras de sangue dos macacos mortos e dos adoentados. Ainda n\u00e3o h\u00e1 previs\u00e3o de quando os resultados ser\u00e3o obtidos.<\/div>\n<\/div>\n<div><\/div>\n<p><!--more--><\/p>\n<div id=\"post-body-4164833592655331555\" class=\"post-body entry-content\">\n<div><\/div>\n<div>O \u00faltimo balan\u00e7o havia sido divulgado pela secretaria na sexta-feira (2), quando dois macacos foram encontrados mortos no bairro de Baixa de Quintas.<\/div>\n<div><\/div>\n<div>Entre os bairros em que houve registro est\u00e3o Ondina, Castelo Branco, Garcia, Sussuarana, Val\u00e9ria e Pau da Lima, onde foi achado o primeiro animal morto com suspeita da doen\u00e7a na cidade<\/div>\n<\/div>\n","protected":false},"excerpt":{"rendered":"<p>\u00a0 Mais tr\u00eas macacos foram achados mortos em Salvador, no domingo (4), de acordo com a Secretaria Municipal de Sa\u00fade (SMS). Os animais foram localizados nos bairros de Barragem (Sub\u00farbio Ferrovi\u00e1rio), Stella Maris e Rio Vermelho. Com isso, sobe para 64 o n\u00famero de animais encontrados mortos com suspeita de febre amarela na cidade. Outros [&hellip;]<\/p>\n","protected":false},"author":2,"featured_media":0,"comment_status":"open","ping_status":"open","sticky":false,"template":"","format":"standard","meta":{"_links_to":"","_links_to_target":""},"categories":[7,9,8,1],"tags":[],"_links":{"self":[{"href":"https:\/\/www.ilheusnoticias.net.br\/v1\/wp-json\/wp\/v2\/posts\/12395"}],"collection":[{"href":"https:\/\/www.ilheusnoticias.net.br\/v1\/wp-json\/wp\/v2\/posts"}],"about":[{"href":"https:\/\/www.ilheusnoticias.net.br\/v1\/wp-json\/wp\/v2\/types\/post"}],"author":[{"embeddable":true,"href":"https:\/\/www.ilheusnoticias.net.br\/v1\/wp-json\/wp\/v2\/users\/2"}],"replies":[{"embeddable":true,"href":"https:\/\/www.ilheusnoticias.net.br\/v1\/wp-json\/wp\/v2\/comments?post=12395"}],"version-history":[{"count":1,"href":"https:\/\/www.ilheusnoticias.net.br\/v1\/wp-json\/wp\/v2\/posts\/12395\/revisions"}],"predecessor-version":[{"id":12396,"href":"https:\/\/www.ilheusnoticias.net.br\/v1\/wp-json\/wp\/v2\/posts\/12395\/revisions\/12396"}],"wp:attachment":[{"href":"https:\/\/www.ilheusnoticias.net.br\/v1\/wp-json\/wp\/v2\/media?parent=12395"}],"wp:term":[{"taxonomy":"category","embeddable":true,"href":"https:\/\/www.ilheusnoticias.net.br\/v1\/wp-json\/wp\/v2\/categories?post=12395"},{"taxonomy":"post_tag","embeddable":true,"href":"https:\/\/www.ilheusnoticias.net.br\/v1\/wp-json\/wp\/v2\/tags?post=12395"}],"curies":[{"name":"wp","href":"https:\/\/api.w.org\/{rel}","templated":true}]}}