{"id":12381,"date":"2018-02-06T10:09:04","date_gmt":"2018-02-06T13:09:04","guid":{"rendered":"http:\/\/www.ilheusnoticias.net.br\/v1\/?p=12381"},"modified":"2018-02-06T10:09:04","modified_gmt":"2018-02-06T13:09:04","slug":"a-educacao-avancou-e-comeca-2018-planejada-assegura-secretaria","status":"publish","type":"post","link":"https:\/\/www.ilheusnoticias.net.br\/v1\/2018\/02\/06\/a-educacao-avancou-e-comeca-2018-planejada-assegura-secretaria\/","title":{"rendered":"\u201cA educa\u00e7\u00e3o avan\u00e7ou e come\u00e7a 2018 planejada\u201d, assegura secret\u00e1ria"},"content":{"rendered":"<p><img loading=\"lazy\" class=\"\" src=\"https:\/\/attachment.outlook.office.net\/owa\/laudiceacarvalho62@hotmail.com\/service.svc\/s\/GetAttachmentThumbnail?id=AQMkADAwATYwMAItY2MANTgtODQxNC0wMAItMDAKAEYAAANqOYr2uMN4Qoz6pFp%2FhFoeBwAsxvM0hWqyT6EfSeQ8%2BPgA8AAAAgEMAAAALMbzNIVqsk%2BhH0nkPPj4APAAAWMIrK4AAAABEgAQAODivSp%2FIhJHn58AsDoeHgBQrg%3D%3D&amp;thumbnailType=2&amp;X-OWA-CANARY=qOMdYUrWZU-u69dnowC3QlDlpIhibdUYy2ooM7aeNERt6dCaRsZi-l2J8f6p--nut7gnpCjTPis.&amp;token=eyJ0eXAiOiJKV1QiLCJhbGciOiJSUzI1NiIsIng1dCI6ImVuaDlCSnJWUFU1aWpWMXFqWmpWLWZMMmJjbyJ9.eyJ2ZXIiOiJFeGNoYW5nZS5DYWxsYmFjay5WMSIsImFwcGN0eHNlbmRlciI6Ik93YURvd25sb2FkQDg0ZGY5ZTdmLWU5ZjYtNDBhZi1iNDM1LWFhYWFhYWFhYWFhYSIsImFwcGN0eCI6IntcIm1zZXhjaHByb3RcIjpcIm93YVwiLFwicHJpbWFyeXNpZFwiOlwiUy0xLTI4MjctMzkzMjE2LTM0MjgzNTMwNDRcIixcInB1aWRcIjpcIjE2ODg4NTMyODg2MTY5ODBcIixcIm9pZFwiOlwiMDAwNjAwMDAtY2M1OC04NDE0LTAwMDAtMDAwMDAwMDAwMDAwXCIsXCJzY29wZVwiOlwiT3dhRG93bmxvYWRcIn0iLCJpc3MiOiIwMDAwMDAwMi0wMDAwLTBmZjEtY2UwMC0wMDAwMDAwMDAwMDBAODRkZjllN2YtZTlmNi00MGFmLWI0MzUtYWFhYWFhYWFhYWFhIiwiYXVkIjoiMDAwMDAwMDItMDAwMC0wZmYxLWNlMDAtMDAwMDAwMDAwMDAwL2F0dGFjaG1lbnQub3V0bG9vay5vZmZpY2UubmV0QDg0ZGY5ZTdmLWU5ZjYtNDBhZi1iNDM1LWFhYWFhYWFhYWFhYSIsImV4cCI6MTUxNzkyMjk0NSwibmJmIjoxNTE3OTIyMzQ1fQ.6-lBA6YeeQwNiZGRlFPzQf8tbZl1oU1ETG7NS6QXU2DRL07Rg_jQlPFuM2tbXGEFJE4YclNOGpmSJtApP5L8oiKHyhqlt5oKiT1sRnSM9c0B5c5I5tniCBpZ66Ysb5zAIlrlYcaABFP7zKUYCLp-X-CtBAPL9s9Np3Iisjmee0KSpbtvHa3PqPK1-Wua7HxkG-PVBYccnd-lDRxxoji7KcO5iKaas798aNISo3NwhbQNFINEfU6m_gym4Tv3fI_prwsialxc1VpC48Ygq-XLTSG-BKFj_n55rvuLhbaAI0Ho8i32EJHFtjRK4s5HXDepibMWS_UEjtR9ftzmr-zCbg&amp;owa=outlook.live.com&amp;isc=1\" alt=\"\" width=\"380\" height=\"214\" \/><\/p>\n<p class=\"x_MsoNormal\" align=\"center\">\n<p class=\"x_MsoNormal\">\n<p class=\"x_MsoNormal\">\u201cIniciamos este ano letivo de forma planejada, oferecendo para os nossos alunos aquilo que a gente quer para todos n\u00f3s: o melhor. A educa\u00e7\u00e3o em Ilh\u00e9us, avan\u00e7ou\u201d. A opini\u00e3o \u00e9 da secret\u00e1ria municipal de Educa\u00e7\u00e3o, Eliane Oliveira, ao abrir oficialmente hoje (5) pela manh\u00e3, a Jornada Pedag\u00f3gica do munic\u00edpio, no Centro de Conven\u00e7\u00f5es, em Ilh\u00e9us.<\/p>\n<p class=\"x_MsoNormal\">Com um discurso dirigido a mais de dois mil trabalhadores da educa\u00e7\u00e3o, a secret\u00e1ria anunciou todo o cronograma da sua pasta para este ano, incluindo novas a\u00e7\u00f5es como o Projeto nas Ondas da Leitura, o Programa Escola da Intelig\u00eancia, um novo formato de di\u00e1rio de classe e um modelo de gest\u00e3o compartilhada.<\/p>\n<p class=\"x_MsoNormal\">Outro ponto destacado pela secret\u00e1ria \u00e9 o fato de j\u00e1 no primeiro ano de governo, o prefeito M\u00e1rio Alexandre estar reformando 10 unidades escolares. \u201cA gente tamb\u00e9m come\u00e7a o ano letivo com a totalidade dos \u00f4nibus do programa Caminho da Escola funcionando e as 27 rotas do transporte escolar no munic\u00edpio dentro na normalidade de atendimento aos estudantes\u201d, disse, lembrando ainda que, em breve, a nova Escola de Pia\u00e7aveira, ser\u00e1 inaugurada pelo governo.<\/p>\n<p class=\"x_MsoNormal\">\n<p class=\"x_MsoNormal\"><!--more--><\/p>\n<p class=\"x_MsoNormal\">\u201cAs obras est\u00e3o em andamento. \u00c9 uma escola pequena que atender\u00e1 a 23 estudantes: 10 crian\u00e7as pela manh\u00e3 e mais 13 crian\u00e7as \u00e0 tarde. Mas o prefeito M\u00e1rio Alexandre trata o projeto como se fosse para atender a um p\u00fablico de 23 mil estudantes. Esta \u00e9 uma forma de diminuir dist\u00e2ncias e integrar os jovens da cidade e do campo\u201d, destacou.<\/p>\n<p class=\"x_MsoNormal\">Este ano, mais oito mil estudantes passam a integrar a rede municipal, que ultrapassa a casa dos 20 mil alunos, uma das maiores redes da Bahia. \u201cMe agrada ouvir a secret\u00e1ria durante a jornada se colocar diante daqueles que fazem a educa\u00e7\u00e3o acontecer. O direito \u00e0 educa\u00e7\u00e3o deve concretizar o direito \u00e0 aprendizagem e \u00e9 fundamental este elo entre governo e sociedade para efetivamente darmos conta do que a educa\u00e7\u00e3o pode ser de verdade\u201d, elogiou a diretora do Uni\u00e3o Nacional dos Conselhos Municipais de Educa\u00e7\u00e3o (UNCME), Gilv\u00e2nia Nascimento.<\/p>\n<p class=\"x_MsoNormal\">Para a vice-presidente da APPI, Selma Estrela, a escolha do tema \u201cresponsabilidades e aprendizagem\u201d \u00e9 importante e oportuna. \u201dA responsabilidade por uma educa\u00e7\u00e3o de qualidade, pela aprendizagem efetiva a todos, n\u00e3o \u00e9 s\u00f3 dos professores, mas de todos os atores sociais, muito mais ampla\u201d, afirmou. Representando a deputada estadual \u00c2ngela Sousa, o secret\u00e1rio municipal de Rela\u00e7\u00f5es Institucionais, S\u00e9rgio Souza, destacou o papel dos professores na constru\u00e7\u00e3o deste novo momento da educa\u00e7\u00e3o, alicer\u00e7ado, segundo definiu, no confiar, no crer e no sonhar. \u201cN\u00e3o podemos deixar de confiar que as coisas podem melhorar. Temos que fazer estas mudan\u00e7as e voc\u00eas est\u00e3o dando o melhor de voc\u00eas para que a educa\u00e7\u00e3o de verdade prospere\u201d, afirmou.<\/p>\n<p class=\"x_MsoNormal\">Presidente da Comiss\u00e3o de Educa\u00e7\u00e3o e vice-presidente da C\u00e2mara Municipal de Ilh\u00e9us, o vereador Gil Gomes destacou o papel efetivo do prefeito M\u00e1rio Alexandre na constru\u00e7\u00e3o de uma educa\u00e7\u00e3o p\u00fablica de qualidade. \u201cA educa\u00e7\u00e3o move esta cidade. O prefeito tem a vis\u00e3o de futuro para comandar as transforma\u00e7\u00f5es que Ilh\u00e9us precisa passar ap\u00f3s mais de 20 anos de estagna\u00e7\u00e3o\u201d, disse o vereador durante a abertura da Jornada Pedag\u00f3gica do Munic\u00edpio.<\/p>\n<p class=\"x_MsoNormal\">Para o prefeito M\u00e1rio Alexandre, a constru\u00e7\u00e3o de uma educa\u00e7\u00e3o de qualidade \u00e9 um princ\u00edpio b\u00e1sico da sua administra\u00e7\u00e3o, fortalecida com a valoriza\u00e7\u00e3o dos servidores, a melhoria nos ambientes de trabalho e parceria com a C\u00e2mara de Vereadores. \u201cPor isso digo sempre. S\u00e3o voc\u00eas que est\u00e3o aqui que tamb\u00e9m v\u00e3o nos ajudar nesta reconstru\u00e7\u00e3o\u201d, referindo-se aos professores como protagonistas dos principais avan\u00e7os no setor.<\/p>\n<p class=\"x_MsoNormal\">Durante todo o dia a Jornada promoveu palestras com convidados e oficinas com profissionais da rede. Tamb\u00e9m houve apresenta\u00e7\u00e3o do Projeto Arte e Dan\u00e7a, desenvolvido pela Seduc, sob a coordena\u00e7\u00e3o da professora Soane Marry. A Jornada prossegue nesta ter\u00e7a (6), nas unidades escolares da rede, onde ser\u00e3o discutidas as pautas pedag\u00f3gica.<\/p>\n<p class=\"x_MsoNormal\">\n","protected":false},"excerpt":{"rendered":"<p>\u201cIniciamos este ano letivo de forma planejada, oferecendo para os nossos alunos aquilo que a gente quer para todos n\u00f3s: o melhor. A educa\u00e7\u00e3o em Ilh\u00e9us, avan\u00e7ou\u201d. A opini\u00e3o \u00e9 da secret\u00e1ria municipal de Educa\u00e7\u00e3o, Eliane Oliveira, ao abrir oficialmente hoje (5) pela manh\u00e3, a Jornada Pedag\u00f3gica do munic\u00edpio, no Centro de Conven\u00e7\u00f5es, em Ilh\u00e9us. [&hellip;]<\/p>\n","protected":false},"author":2,"featured_media":0,"comment_status":"open","ping_status":"open","sticky":false,"template":"","format":"standard","meta":{"_links_to":"","_links_to_target":""},"categories":[7,9,8,1],"tags":[],"_links":{"self":[{"href":"https:\/\/www.ilheusnoticias.net.br\/v1\/wp-json\/wp\/v2\/posts\/12381"}],"collection":[{"href":"https:\/\/www.ilheusnoticias.net.br\/v1\/wp-json\/wp\/v2\/posts"}],"about":[{"href":"https:\/\/www.ilheusnoticias.net.br\/v1\/wp-json\/wp\/v2\/types\/post"}],"author":[{"embeddable":true,"href":"https:\/\/www.ilheusnoticias.net.br\/v1\/wp-json\/wp\/v2\/users\/2"}],"replies":[{"embeddable":true,"href":"https:\/\/www.ilheusnoticias.net.br\/v1\/wp-json\/wp\/v2\/comments?post=12381"}],"version-history":[{"count":1,"href":"https:\/\/www.ilheusnoticias.net.br\/v1\/wp-json\/wp\/v2\/posts\/12381\/revisions"}],"predecessor-version":[{"id":12382,"href":"https:\/\/www.ilheusnoticias.net.br\/v1\/wp-json\/wp\/v2\/posts\/12381\/revisions\/12382"}],"wp:attachment":[{"href":"https:\/\/www.ilheusnoticias.net.br\/v1\/wp-json\/wp\/v2\/media?parent=12381"}],"wp:term":[{"taxonomy":"category","embeddable":true,"href":"https:\/\/www.ilheusnoticias.net.br\/v1\/wp-json\/wp\/v2\/categories?post=12381"},{"taxonomy":"post_tag","embeddable":true,"href":"https:\/\/www.ilheusnoticias.net.br\/v1\/wp-json\/wp\/v2\/tags?post=12381"}],"curies":[{"name":"wp","href":"https:\/\/api.w.org\/{rel}","templated":true}]}}