{"id":12375,"date":"2018-02-06T07:59:42","date_gmt":"2018-02-06T10:59:42","guid":{"rendered":"http:\/\/www.ilheusnoticias.net.br\/v1\/?p=12375"},"modified":"2018-02-06T08:02:44","modified_gmt":"2018-02-06T11:02:44","slug":"thiago-borges-se-despede-da-gerencia-do-sac-de-ilheus","status":"publish","type":"post","link":"https:\/\/www.ilheusnoticias.net.br\/v1\/2018\/02\/06\/thiago-borges-se-despede-da-gerencia-do-sac-de-ilheus\/","title":{"rendered":"Thiago Borges se despede da ger\u00eancia do SAC de Ilh\u00e9us"},"content":{"rendered":"<p><img loading=\"lazy\" class=\"wp-image-12374 size-thumbnail aligncenter\" data-wpid=\"38\" src=\"http:\/\/www.ilheusnoticias.net.br\/v1\/wp-content\/uploads\/2018\/02\/IMG-20180206-WA0013.jpg\" width=\"1280\" height=\"720\" data-temp-aztec-id=\"84702119-62f1-4ff9-9360-5ba80ccb12c9\" srcset=\"https:\/\/www.ilheusnoticias.net.br\/v1\/wp-content\/uploads\/2018\/02\/IMG-20180206-WA0013.jpg 1280w, https:\/\/www.ilheusnoticias.net.br\/v1\/wp-content\/uploads\/2018\/02\/IMG-20180206-WA0013-300x169.jpg 300w, https:\/\/www.ilheusnoticias.net.br\/v1\/wp-content\/uploads\/2018\/02\/IMG-20180206-WA0013-1024x576.jpg 1024w\" sizes=\"(max-width: 1280px) 100vw, 1280px\" \/><\/p>\n<p>H\u00e1 cerca de uma d\u00e9cada, Borges foi nomeado para exercer uma fun\u00e7\u00e3o estrat\u00e9gica neste \u00f3rg\u00e3o. Durante aquele per\u00edodo, demonstrou total zelo e comprometimento, no exerc\u00edcio de suas fun\u00e7\u00f5es laborais, inclusive na \u00e9poca em que era atendente.<\/p>\n<p>Em 2014, foi convidado pelo prefeito Jabes Ribeiro para assumir a ger\u00eancia do posto. Nos quatro anos \u00e0 frente da administra\u00e7\u00e3o do SAC, em sua gest\u00e3o primou pela efici\u00eancia, compet\u00eancia e inova\u00e7\u00e3o. Pelo resultado disso e pelos servi\u00e7os prestados \u00e0 popula\u00e7\u00e3o ilheense recebeu, por diversas vezes, mo\u00e7\u00f5es de congratula\u00e7\u00f5es na C\u00e2mara Municipal de Ilh\u00e9us.<\/p>\n<p>Antenado \u00e0s mudan\u00e7as de um mundo globalizado e das car\u00eancias e necessidades do povo, Borges n\u00e3o mediu esfor\u00e7os junto \u00e0 diretoria operacional, ampliando a infraestrutura com reformas do espa\u00e7o f\u00edsico, climatiza\u00e7\u00e3o das salas, cursos de qualifica\u00e7\u00e3o, humaniza\u00e7\u00e3o do atendimento, seriedade e preserva\u00e7\u00e3o patrimonial, imprimindo agilidade aos servi\u00e7os prestados \u00e0 comunidade ilheense. Em sua gest\u00e3o teve todas as suas contas aprovadas pela Uni\u00e3o.<\/p>\n<p>_&#8221;Me despe\u00e7o com a sensa\u00e7\u00e3o de dever cumprido, e com a certeza de que vamos voltar a nos encontrar pelos percursos da vida. Por isso n\u00e3o digo adeus, digo apenas at\u00e9 logo! Portanto, desejo a toda equipe,do Sac-Ilh\u00e9us, sucesso e est\u00edmulo para seguir crescendo e aprendendo continuamente. Os meus mais sinceros agradecimentos a cada um da equipe desse posto!&#8221;_<\/p>\n<p>A despedida de Borges n\u00e3o representa um adeus. Integrante ativo da Juventude Progressista, Borges afirma que por recomenda\u00e7\u00f5es m\u00e9dicas, far\u00e1 uma pausa em suas atividades, em raz\u00e3o de ter sido submetido a uma cirurgia cardiovascular h\u00e1 cerca de seis meses. Desde ent\u00e3o, encontra-se afastado de suas fun\u00e7\u00f5es laborais. Borges fora indicado ao cargo de gerente do posto pelo ex prefeito Jabes Ribeiro e parlamentares pepistas.<br \/>\nBorges aproveita para agradecer aos que o indicaram ao cargo e pela confian\u00e7a depositada em seu trabalho.<\/p>\n<p>Ap\u00f3s seu repouso e recupera\u00e7\u00e3o, dever\u00e1 retornar ao exerc\u00edcio, no entanto, em outra fun\u00e7\u00e3o, indicada pelo partido. Thiago Borges, desde &#8220;menor aprendiz&#8221;, obteve refer\u00eancias elogiosas, quando estagiou dos 16 aos 18 anos, na Sefaz, antiga Inspetoria Fazend\u00e1ria. Desde ent\u00e3o, passou a ter uma vida participativa nas esferas p\u00fablicas. Em 2006, atuou como Redator de Imprensa, R\u00e1dio e Televis\u00e3o, na C\u00e2mara de Vereadores. Depois, prestou assessoria direta ao ex Deputado Federal Raymundo Veloso. Posteriormente, ingressou no Servi\u00e7o de Atendimento ao Cidad\u00e3o (SAC). Sua gest\u00e3o \u00e0 frente deste conceituado \u00f3rg\u00e3o ficou marcada, al\u00e9m dos in\u00fameros avan\u00e7os j\u00e1 citados, pela aplica\u00e7\u00e3o de pol\u00edticas de inclus\u00e3o e acessibilidade (a exemplo da instala\u00e7\u00e3o de salas com acesso a cadeirantes) e da parceria firmada com o poder p\u00fablico municipal para ministrar curso de &#8220;Libras&#8221; a todos os colaboradores.<\/p>\n<p>A avalia\u00e7\u00e3o positiva de sua gest\u00e3o representa sin\u00f4nimo de acertos do ex prefeito Jabes assim como toda bancada do Partido Progressista, aliados da base do Governo. Ao ser substitu\u00eddo no comando do SAC, Borges sai de sua atual fun\u00e7\u00e3o com suficiente credibilidade. Esta lhe possibilitar\u00e1, em breve, trafegar por novas estradas.<\/p>\n","protected":false},"excerpt":{"rendered":"<p>H\u00e1 cerca de uma d\u00e9cada, Borges foi nomeado para exercer uma fun\u00e7\u00e3o estrat\u00e9gica neste \u00f3rg\u00e3o. Durante aquele per\u00edodo, demonstrou total zelo e comprometimento, no exerc\u00edcio de suas fun\u00e7\u00f5es laborais, inclusive na \u00e9poca em que era atendente. Em 2014, foi convidado pelo prefeito Jabes Ribeiro para assumir a ger\u00eancia do posto. Nos quatro anos \u00e0 frente [&hellip;]<\/p>\n","protected":false},"author":2,"featured_media":0,"comment_status":"open","ping_status":"open","sticky":false,"template":"","format":"standard","meta":{"_links_to":"","_links_to_target":""},"categories":[1],"tags":[],"_links":{"self":[{"href":"https:\/\/www.ilheusnoticias.net.br\/v1\/wp-json\/wp\/v2\/posts\/12375"}],"collection":[{"href":"https:\/\/www.ilheusnoticias.net.br\/v1\/wp-json\/wp\/v2\/posts"}],"about":[{"href":"https:\/\/www.ilheusnoticias.net.br\/v1\/wp-json\/wp\/v2\/types\/post"}],"author":[{"embeddable":true,"href":"https:\/\/www.ilheusnoticias.net.br\/v1\/wp-json\/wp\/v2\/users\/2"}],"replies":[{"embeddable":true,"href":"https:\/\/www.ilheusnoticias.net.br\/v1\/wp-json\/wp\/v2\/comments?post=12375"}],"version-history":[{"count":3,"href":"https:\/\/www.ilheusnoticias.net.br\/v1\/wp-json\/wp\/v2\/posts\/12375\/revisions"}],"predecessor-version":[{"id":12378,"href":"https:\/\/www.ilheusnoticias.net.br\/v1\/wp-json\/wp\/v2\/posts\/12375\/revisions\/12378"}],"wp:attachment":[{"href":"https:\/\/www.ilheusnoticias.net.br\/v1\/wp-json\/wp\/v2\/media?parent=12375"}],"wp:term":[{"taxonomy":"category","embeddable":true,"href":"https:\/\/www.ilheusnoticias.net.br\/v1\/wp-json\/wp\/v2\/categories?post=12375"},{"taxonomy":"post_tag","embeddable":true,"href":"https:\/\/www.ilheusnoticias.net.br\/v1\/wp-json\/wp\/v2\/tags?post=12375"}],"curies":[{"name":"wp","href":"https:\/\/api.w.org\/{rel}","templated":true}]}}