{"id":12366,"date":"2018-02-05T16:49:35","date_gmt":"2018-02-05T19:49:35","guid":{"rendered":"http:\/\/www.ilheusnoticias.net.br\/v1\/?p=12366"},"modified":"2018-02-05T16:49:35","modified_gmt":"2018-02-05T19:49:35","slug":"terra-treme-no-municipio-de-itororo-e-moradores-ficam-assustados","status":"publish","type":"post","link":"https:\/\/www.ilheusnoticias.net.br\/v1\/2018\/02\/05\/terra-treme-no-municipio-de-itororo-e-moradores-ficam-assustados\/","title":{"rendered":"Terra treme no munic\u00edpio de Itoror\u00f3 e moradores ficam assustados"},"content":{"rendered":"<h3 class=\"post-title entry-title\"><\/h3>\n<div id=\"post-body-1684572664430633584\" class=\"post-body entry-content\">\n<div class=\"separator\"><a href=\"https:\/\/4.bp.blogspot.com\/-maaiu62wV7o\/WnidnGCzB5I\/AAAAAAAASYc\/9B0l5a97KsEOwYAJJknr5R442Q4QvmFGwCLcBGAs\/s1600\/itororo.jpg\"><img loading=\"lazy\" src=\"https:\/\/4.bp.blogspot.com\/-maaiu62wV7o\/WnidnGCzB5I\/AAAAAAAASYc\/9B0l5a97KsEOwYAJJknr5R442Q4QvmFGwCLcBGAs\/s640\/itororo.jpg\" alt=\"\" width=\"640\" height=\"352\" border=\"0\" data-original-height=\"275\" data-original-width=\"500\" \/><\/a><\/div>\n<div>Moradores do distrito de Rio do Meio, no munic\u00edpio de Itoror\u00f3, sul da Bahia, relataram ter percebido, ao menos, tr\u00eas tremores de terra no final da manh\u00e3 de domingo (4). Ningu\u00e9m ficou ferido e n\u00e3o houve registro de danos estruturais.<\/div>\n<div><\/div>\n<div>De acordo com a dona de casa Selma Lima, a trepida\u00e7\u00e3o come\u00e7ou forte, e foi diminuindo a intensidade. Ela conta que saiu correndo de dentro do im\u00f3vel por medo que desabasse. &#8220;Estremeceu tudo, pensei da casa cair. O primeiro foi forte, o segundo m\u00e9dio e o terceiro foi bem fraquinho. Isso era umas 10h30 para 11h&#8221;, descreveu Selma.<\/div>\n<\/div>\n<div><\/div>\n<p><!--more--><\/p>\n<div id=\"post-body-1684572664430633584\" class=\"post-body entry-content\">\n<div><\/div>\n<div>O trabalhador rural Domingos Santos conta que fazia a barba no momento do incidente, e revela que se assustou com o barulho provocado pelos tremores. &#8220;Pensei que fosse o pr\u00e9dio ao lado da igreja que tinha ca\u00eddo. A\u00ed eu sa\u00ed na rua e o povo estava olhando e disseram que foi um tremor&#8221;, contou.<\/div>\n<div><\/div>\n<div><\/div>\n<div>O ge\u00f3logo Carlos Uch\u00f4a confirmou que, na regi\u00e3o onde as trepida\u00e7\u00f5es foram registradas, existem ocorr\u00eancias de tremores de baixa magnitude, provocados por movimentos da placas tect\u00f4nicas. Segundo ele, o risco da terra voltar a tremer no mesmo local \u00e9 muito pequeno.<\/div>\n<div><\/div>\n<div>O Centro de Sismologia da Universidade de S\u00e3o Paulo (USP), no entanto, n\u00e3o registrou nenhuma ocorr\u00eancia no local. Apesar disso, a institui\u00e7\u00e3o informou que vai continuar \u00e0 procura da caso. Esta \u00e9 a segunda vez que abalos s\u00edsmicos atingem a regi\u00e3o centro do estado.<\/div>\n<div><\/div>\n<div>Em 2015, um tremor de magnitude de 3,16, que teve origem na cidade de Igua\u00ed, tamb\u00e9m foi sentido tamb\u00e9m no munic\u00edpio de Itoror\u00f3.<\/div>\n<\/div>\n","protected":false},"excerpt":{"rendered":"<p>Moradores do distrito de Rio do Meio, no munic\u00edpio de Itoror\u00f3, sul da Bahia, relataram ter percebido, ao menos, tr\u00eas tremores de terra no final da manh\u00e3 de domingo (4). Ningu\u00e9m ficou ferido e n\u00e3o houve registro de danos estruturais. De acordo com a dona de casa Selma Lima, a trepida\u00e7\u00e3o come\u00e7ou forte, e foi [&hellip;]<\/p>\n","protected":false},"author":2,"featured_media":0,"comment_status":"open","ping_status":"open","sticky":false,"template":"","format":"standard","meta":{"_links_to":"","_links_to_target":""},"categories":[7,9,8,1],"tags":[],"_links":{"self":[{"href":"https:\/\/www.ilheusnoticias.net.br\/v1\/wp-json\/wp\/v2\/posts\/12366"}],"collection":[{"href":"https:\/\/www.ilheusnoticias.net.br\/v1\/wp-json\/wp\/v2\/posts"}],"about":[{"href":"https:\/\/www.ilheusnoticias.net.br\/v1\/wp-json\/wp\/v2\/types\/post"}],"author":[{"embeddable":true,"href":"https:\/\/www.ilheusnoticias.net.br\/v1\/wp-json\/wp\/v2\/users\/2"}],"replies":[{"embeddable":true,"href":"https:\/\/www.ilheusnoticias.net.br\/v1\/wp-json\/wp\/v2\/comments?post=12366"}],"version-history":[{"count":1,"href":"https:\/\/www.ilheusnoticias.net.br\/v1\/wp-json\/wp\/v2\/posts\/12366\/revisions"}],"predecessor-version":[{"id":12367,"href":"https:\/\/www.ilheusnoticias.net.br\/v1\/wp-json\/wp\/v2\/posts\/12366\/revisions\/12367"}],"wp:attachment":[{"href":"https:\/\/www.ilheusnoticias.net.br\/v1\/wp-json\/wp\/v2\/media?parent=12366"}],"wp:term":[{"taxonomy":"category","embeddable":true,"href":"https:\/\/www.ilheusnoticias.net.br\/v1\/wp-json\/wp\/v2\/categories?post=12366"},{"taxonomy":"post_tag","embeddable":true,"href":"https:\/\/www.ilheusnoticias.net.br\/v1\/wp-json\/wp\/v2\/tags?post=12366"}],"curies":[{"name":"wp","href":"https:\/\/api.w.org\/{rel}","templated":true}]}}