{"id":12364,"date":"2018-02-05T16:48:16","date_gmt":"2018-02-05T19:48:16","guid":{"rendered":"http:\/\/www.ilheusnoticias.net.br\/v1\/?p=12364"},"modified":"2018-02-05T16:48:16","modified_gmt":"2018-02-05T19:48:16","slug":"cartorios-poderao-emitir-rg-e-passaportes-em-todo-o-brasil","status":"publish","type":"post","link":"https:\/\/www.ilheusnoticias.net.br\/v1\/2018\/02\/05\/cartorios-poderao-emitir-rg-e-passaportes-em-todo-o-brasil\/","title":{"rendered":"Cart\u00f3rios poder\u00e3o emitir RG e passaportes em todo o Brasil"},"content":{"rendered":"<h3 class=\"post-title entry-title\"><\/h3>\n<div id=\"post-body-3651138332403692290\" class=\"post-body entry-content\">\n<div class=\"separator\"><a href=\"https:\/\/1.bp.blogspot.com\/-Z0zuTLxSE9A\/WnhETpt50ZI\/AAAAAAAASW8\/VyGD3a1_tUoS9u_BwMXYFqzftonxC_bJACLcBGAs\/s1600\/passaporte.jpg\"><img loading=\"lazy\" src=\"https:\/\/1.bp.blogspot.com\/-Z0zuTLxSE9A\/WnhETpt50ZI\/AAAAAAAASW8\/VyGD3a1_tUoS9u_BwMXYFqzftonxC_bJACLcBGAs\/s640\/passaporte.jpg\" alt=\"\" width=\"640\" height=\"424\" border=\"0\" data-original-height=\"332\" data-original-width=\"500\" \/><\/a><\/div>\n<div>J\u00e1 \u00e9 poss\u00edvel aos Cart\u00f3rios dar in\u00edcio ao processo para que emitam carteira de identidade e passaportes para cidad\u00e3os brasileiros. A presta\u00e7\u00e3o desse servi\u00e7o requer, no caso da emiss\u00e3o de registro de identidade (RG), que a associa\u00e7\u00e3o local dos cart\u00f3rios formalize conv\u00eanio com a Secretaria de Seguran\u00e7a P\u00fablica do estado. J\u00e1 o conv\u00eanio para a emiss\u00e3o de passaportes ter\u00e1 de ser firmado entre a Pol\u00edcia Federal e a associa\u00e7\u00e3o nacional dos cart\u00f3rios de registro natural.<\/div>\n<\/div>\n<div><\/div>\n<p><!--more--><\/p>\n<div id=\"post-body-3651138332403692290\" class=\"post-body entry-content\">\n<div><\/div>\n<div>\u00a0A medida administrativa que possibilita os cart\u00f3rios a prestarem tamb\u00e9m este servi\u00e7o foi anunciada no dia 26 de janeiro pelo Conselho Nacional de Justi\u00e7a (CNJ). Nas duas situa\u00e7\u00f5es os acordos dever\u00e3o passar por an\u00e1lise e homologa\u00e7\u00e3o do Poder Judici\u00e1rio. No caso dos conv\u00eanios locais caber\u00e1 \u00e0s corregedorias dos tribunais estaduais. Quanto aos conv\u00eanios para a emiss\u00e3o de passaporte, eles ter\u00e3o de passar pela Corregedoria Nacional de Justi\u00e7a, a quem caber\u00e1 avaliar as viabilidades jur\u00eddica, t\u00e9cnica e financeira.<\/div>\n<div><\/div>\n<div>Por meio de nota, o juiz auxiliar da corregedoria Marcio Evangelista disse que a medida n\u00e3o afetar\u00e1 a confiabilidade do passaporte brasileiro. \u201cA Pol\u00edcia Federal continuar\u00e1 respons\u00e1vel por emitir o passaporte. O conv\u00eanio s\u00f3 permitir\u00e1 o compartilhamento do cadastro de informa\u00e7\u00f5es dos cidad\u00e3os brasileiros com os cart\u00f3rios, que apenas colher\u00e3o as digitais e confirmar\u00e3o para a Pol\u00edcia Federal a identidade de quem solicitar o documento\u201d.<\/div>\n<div><\/div>\n<div>Por meio de conv\u00eanio ser\u00e1 tamb\u00e9m poss\u00edvel a autoriza\u00e7\u00e3o para a renova\u00e7\u00e3o dos passaportes, pelos cart\u00f3rios de registro civil. Para ter acesso a esse servi\u00e7o, no entanto, ser\u00e1 necess\u00e1rio o pagamento de uma taxa extra. *As informa\u00e7\u00f5es s\u00e3o da Ag\u00eancia Brasil<\/div>\n<\/div>\n","protected":false},"excerpt":{"rendered":"<p>J\u00e1 \u00e9 poss\u00edvel aos Cart\u00f3rios dar in\u00edcio ao processo para que emitam carteira de identidade e passaportes para cidad\u00e3os brasileiros. A presta\u00e7\u00e3o desse servi\u00e7o requer, no caso da emiss\u00e3o de registro de identidade (RG), que a associa\u00e7\u00e3o local dos cart\u00f3rios formalize conv\u00eanio com a Secretaria de Seguran\u00e7a P\u00fablica do estado. J\u00e1 o conv\u00eanio para a [&hellip;]<\/p>\n","protected":false},"author":2,"featured_media":0,"comment_status":"open","ping_status":"open","sticky":false,"template":"","format":"standard","meta":{"_links_to":"","_links_to_target":""},"categories":[7,9,8,1],"tags":[],"_links":{"self":[{"href":"https:\/\/www.ilheusnoticias.net.br\/v1\/wp-json\/wp\/v2\/posts\/12364"}],"collection":[{"href":"https:\/\/www.ilheusnoticias.net.br\/v1\/wp-json\/wp\/v2\/posts"}],"about":[{"href":"https:\/\/www.ilheusnoticias.net.br\/v1\/wp-json\/wp\/v2\/types\/post"}],"author":[{"embeddable":true,"href":"https:\/\/www.ilheusnoticias.net.br\/v1\/wp-json\/wp\/v2\/users\/2"}],"replies":[{"embeddable":true,"href":"https:\/\/www.ilheusnoticias.net.br\/v1\/wp-json\/wp\/v2\/comments?post=12364"}],"version-history":[{"count":1,"href":"https:\/\/www.ilheusnoticias.net.br\/v1\/wp-json\/wp\/v2\/posts\/12364\/revisions"}],"predecessor-version":[{"id":12365,"href":"https:\/\/www.ilheusnoticias.net.br\/v1\/wp-json\/wp\/v2\/posts\/12364\/revisions\/12365"}],"wp:attachment":[{"href":"https:\/\/www.ilheusnoticias.net.br\/v1\/wp-json\/wp\/v2\/media?parent=12364"}],"wp:term":[{"taxonomy":"category","embeddable":true,"href":"https:\/\/www.ilheusnoticias.net.br\/v1\/wp-json\/wp\/v2\/categories?post=12364"},{"taxonomy":"post_tag","embeddable":true,"href":"https:\/\/www.ilheusnoticias.net.br\/v1\/wp-json\/wp\/v2\/tags?post=12364"}],"curies":[{"name":"wp","href":"https:\/\/api.w.org\/{rel}","templated":true}]}}