{"id":12362,"date":"2018-02-05T16:45:28","date_gmt":"2018-02-05T19:45:28","guid":{"rendered":"http:\/\/www.ilheusnoticias.net.br\/v1\/?p=12362"},"modified":"2018-02-05T16:45:28","modified_gmt":"2018-02-05T19:45:28","slug":"policia-identifica-autores-de-morte-de-sargento-da-pm","status":"publish","type":"post","link":"https:\/\/www.ilheusnoticias.net.br\/v1\/2018\/02\/05\/policia-identifica-autores-de-morte-de-sargento-da-pm\/","title":{"rendered":"Pol\u00edcia identifica autores de morte de sargento da PM"},"content":{"rendered":"<h3 class=\"post-title entry-title\"><\/h3>\n<div id=\"post-body-1268141513319921549\" class=\"post-body entry-content\">\n<div class=\"separator\"><a href=\"https:\/\/4.bp.blogspot.com\/-8MLnEL9wynY\/Wng7IzDZEHI\/AAAAAAAASWw\/S5YhymSJX4EvIciyYkmmAg1Ri3UGSDc8gCLcBGAs\/s1600\/WhatsApp%2BImage%2B2018-02-04%2Bat%2B11.20.37.jpeg\"><img loading=\"lazy\" src=\"https:\/\/4.bp.blogspot.com\/-8MLnEL9wynY\/Wng7IzDZEHI\/AAAAAAAASWw\/S5YhymSJX4EvIciyYkmmAg1Ri3UGSDc8gCLcBGAs\/s640\/WhatsApp%2BImage%2B2018-02-04%2Bat%2B11.20.37.jpeg\" alt=\"\" width=\"640\" height=\"508\" border=\"0\" data-original-height=\"354\" data-original-width=\"445\" \/><\/a><\/div>\n<div>Envolvidos no confronto que resultou na morte do sargento PM Fran\u00e7ual Manoel dos Santos, ocorrida na madrugada do \u00faltimo s\u00e1bado (2), outros tr\u00eas criminosos foram identificados pelas pol\u00edcias Militar e Civil. Bruno Concei\u00e7\u00e3o da Souza, 20 anos, conhecido como Sherek, Pedro Vin\u00edcius dos Santos, 22, de apelido Bochecha, e Vilson Sacramento Oliveira, 23, integram a quadrilha.<\/div>\n<\/div>\n<div><\/div>\n<p><!--more--><\/p>\n<div id=\"post-body-1268141513319921549\" class=\"post-body entry-content\">\n<div><\/div>\n<div>Na noite de s\u00e1bado, um novo confronto, desta vez envolvendo policiais da Companhia Independente de Policiamento Especializado\/ Mata Atl\u00e2ntica e o 8\u00aa Batalh\u00e3o da PM (Porto Seguro), resultou na morte de Vilson. Bruno e Pedro continuam sendo procurados. De acordo o comandante da Cipe\/Mata Atl\u00e2ntica, major Ronivaldo Pontes, uma den\u00fancia an\u00f4nima levou os policiais ao im\u00f3vel onde Vilson se escondia, no distrito de Pindorama, em Porto Seguro.<\/div>\n<div><\/div>\n<div>\u201cA divulga\u00e7\u00e3o das imagens na regi\u00e3o e a participa\u00e7\u00e3o popular com den\u00fancias foram fundamentais para chegarmos \u00e0 localiza\u00e7\u00e3o de Vilson, que, mais uma vez, tentou contra a vida dos policiais\u201d , contou o major. Ainda segundo ele, ap\u00f3s o confronto, um rev\u00f3lver calibre 32 com tr\u00eas cartuchos deflagrados e outros tr\u00eas intactos foram apreendidos e apresentados na Delegacia de Porto Seguro.<\/p>\n<div class=\"separator\"><a href=\"https:\/\/2.bp.blogspot.com\/-CIbXNjZCy14\/Wng6l7h81AI\/AAAAAAAASWc\/Fwy2X5E1qWsdK-YSn1LWflPjuvFzUKdLgCLcBGAs\/s1600\/WhatsApp%2BImage%2B2018-02-04%2Bat%2B11.19.17.jpeg\"><img loading=\"lazy\" src=\"https:\/\/2.bp.blogspot.com\/-CIbXNjZCy14\/Wng6l7h81AI\/AAAAAAAASWc\/Fwy2X5E1qWsdK-YSn1LWflPjuvFzUKdLgCLcBGAs\/s640\/WhatsApp%2BImage%2B2018-02-04%2Bat%2B11.19.17.jpeg\" alt=\"\" width=\"640\" height=\"480\" border=\"0\" data-original-height=\"334\" data-original-width=\"445\" \/><\/a><\/div>\n<\/div>\n<div><\/div>\n<div>\u00c0 frente das investiga\u00e7\u00f5es da morte do sargento, o titular da 23\u00aa Coordenadoria Regional de Pol\u00edcia do Interior, delegado Mois\u00e9s Damasceno, mant\u00e9m as equipes investigativas na busca pelos envolvidos desde o crime. \u201cEstamos com dilig\u00eancias ininterruptas na busca por esses criminosos, que costumam atuar n\u00e3o s\u00f3 em Eun\u00e1polis, mas tamb\u00e9m s\u00e3o vistos em Porto Seguro e Belmonte\u201d, afirmou.<\/div>\n<div><\/div>\n<div>Qualquer informa\u00e7\u00e3o sobre a localiza\u00e7\u00e3o dos foragidos deve ser enviada \u00e0s pol\u00edcias atrav\u00e9s do Disque-Den\u00fancia (71 3235-0000 para liga\u00e7\u00f5es de Salvador e 181 no interior) ou via Centro Integrado de Comunica\u00e7\u00f5es (190).<\/div>\n<div><b>\u00a0<\/b><\/div>\n<div><b>Morte de policial\u00a0<\/b><\/div>\n<div><\/div>\n<div>O sargento integrava uma guarni\u00e7\u00e3o da 7\u00aa Companhia Independente da PM, onde era lotado, e durante abordagem a um ve\u00edculo suspeito na Rua Lua Nova, em Eun\u00e1polis, quatro homens reagiram a a\u00e7\u00e3o policial e houve troca de tiros. No confronto, o PM foi atingido e n\u00e3o resistiu aos ferimentos. Carlos Andrade de Jesus Chagas, que fazia parte da quadrilha junto com Vilson, Bruno e Pedro, tamb\u00e9m morreu.<\/div>\n<\/div>\n","protected":false},"excerpt":{"rendered":"<p>Envolvidos no confronto que resultou na morte do sargento PM Fran\u00e7ual Manoel dos Santos, ocorrida na madrugada do \u00faltimo s\u00e1bado (2), outros tr\u00eas criminosos foram identificados pelas pol\u00edcias Militar e Civil. Bruno Concei\u00e7\u00e3o da Souza, 20 anos, conhecido como Sherek, Pedro Vin\u00edcius dos Santos, 22, de apelido Bochecha, e Vilson Sacramento Oliveira, 23, integram a [&hellip;]<\/p>\n","protected":false},"author":2,"featured_media":0,"comment_status":"open","ping_status":"open","sticky":false,"template":"","format":"standard","meta":{"_links_to":"","_links_to_target":""},"categories":[7,9,8,1,5],"tags":[],"_links":{"self":[{"href":"https:\/\/www.ilheusnoticias.net.br\/v1\/wp-json\/wp\/v2\/posts\/12362"}],"collection":[{"href":"https:\/\/www.ilheusnoticias.net.br\/v1\/wp-json\/wp\/v2\/posts"}],"about":[{"href":"https:\/\/www.ilheusnoticias.net.br\/v1\/wp-json\/wp\/v2\/types\/post"}],"author":[{"embeddable":true,"href":"https:\/\/www.ilheusnoticias.net.br\/v1\/wp-json\/wp\/v2\/users\/2"}],"replies":[{"embeddable":true,"href":"https:\/\/www.ilheusnoticias.net.br\/v1\/wp-json\/wp\/v2\/comments?post=12362"}],"version-history":[{"count":1,"href":"https:\/\/www.ilheusnoticias.net.br\/v1\/wp-json\/wp\/v2\/posts\/12362\/revisions"}],"predecessor-version":[{"id":12363,"href":"https:\/\/www.ilheusnoticias.net.br\/v1\/wp-json\/wp\/v2\/posts\/12362\/revisions\/12363"}],"wp:attachment":[{"href":"https:\/\/www.ilheusnoticias.net.br\/v1\/wp-json\/wp\/v2\/media?parent=12362"}],"wp:term":[{"taxonomy":"category","embeddable":true,"href":"https:\/\/www.ilheusnoticias.net.br\/v1\/wp-json\/wp\/v2\/categories?post=12362"},{"taxonomy":"post_tag","embeddable":true,"href":"https:\/\/www.ilheusnoticias.net.br\/v1\/wp-json\/wp\/v2\/tags?post=12362"}],"curies":[{"name":"wp","href":"https:\/\/api.w.org\/{rel}","templated":true}]}}