{"id":12354,"date":"2018-02-05T16:38:23","date_gmt":"2018-02-05T19:38:23","guid":{"rendered":"http:\/\/www.ilheusnoticias.net.br\/v1\/?p=12354"},"modified":"2018-02-05T16:38:23","modified_gmt":"2018-02-05T19:38:23","slug":"as-obras-do-metro-estao-transformando-salvador-e-lauro-de-freitas-diz-rui-durante-entregas","status":"publish","type":"post","link":"https:\/\/www.ilheusnoticias.net.br\/v1\/2018\/02\/05\/as-obras-do-metro-estao-transformando-salvador-e-lauro-de-freitas-diz-rui-durante-entregas\/","title":{"rendered":"\u201cAs obras do metr\u00f4 est\u00e3o transformando Salvador e Lauro de Freitas\u201d, diz Rui durante entregas"},"content":{"rendered":"<div><img loading=\"lazy\" class=\"\" src=\"https:\/\/attachment.outlook.office.net\/owa\/laudiceacarvalho62@hotmail.com\/service.svc\/s\/GetAttachmentThumbnail?id=AQMkADAwATYwMAItY2MANTgtODQxNC0wMAItMDAKAEYAAANqOYr2uMN4Qoz6pFp%2FhFoeBwAsxvM0hWqyT6EfSeQ8%2BPgA8AAAAgEMAAAALMbzNIVqsk%2BhH0nkPPj4APAAAWMIrJsAAAABEgAQACeUOLivVuRJix1MKHZVSmo%3D&amp;thumbnailType=2&amp;X-OWA-CANARY=nSCkkLdGuEqIvW0pZMo054BawM_PbNUYULb86tepOOYtOI37xw_fnpzcZIwkVd8byJ4E-n6RMYg.&amp;token=eyJ0eXAiOiJKV1QiLCJhbGciOiJSUzI1NiIsIng1dCI6ImVuaDlCSnJWUFU1aWpWMXFqWmpWLWZMMmJjbyJ9.eyJ2ZXIiOiJFeGNoYW5nZS5DYWxsYmFjay5WMSIsImFwcGN0eHNlbmRlciI6Ik93YURvd25sb2FkQDg0ZGY5ZTdmLWU5ZjYtNDBhZi1iNDM1LWFhYWFhYWFhYWFhYSIsImFwcGN0eCI6IntcIm1zZXhjaHByb3RcIjpcIm93YVwiLFwicHJpbWFyeXNpZFwiOlwiUy0xLTI4MjctMzkzMjE2LTM0MjgzNTMwNDRcIixcInB1aWRcIjpcIjE2ODg4NTMyODg2MTY5ODBcIixcIm9pZFwiOlwiMDAwNjAwMDAtY2M1OC04NDE0LTAwMDAtMDAwMDAwMDAwMDAwXCIsXCJzY29wZVwiOlwiT3dhRG93bmxvYWRcIn0iLCJpc3MiOiIwMDAwMDAwMi0wMDAwLTBmZjEtY2UwMC0wMDAwMDAwMDAwMDBAODRkZjllN2YtZTlmNi00MGFmLWI0MzUtYWFhYWFhYWFhYWFhIiwiYXVkIjoiMDAwMDAwMDItMDAwMC0wZmYxLWNlMDAtMDAwMDAwMDAwMDAwL2F0dGFjaG1lbnQub3V0bG9vay5vZmZpY2UubmV0QDg0ZGY5ZTdmLWU5ZjYtNDBhZi1iNDM1LWFhYWFhYWFhYWFhYSIsImV4cCI6MTUxNzg1OTk2NSwibmJmIjoxNTE3ODU5MzY1fQ.iKYdLdbXSs7PQyi-Fy7P44o6b4FiMCe0QHiIKd3jAMFvVplDq4sUMu_mtbZnah4XrVJmV0uj2WzhfLmdoaRt45v8SuzYkrDPIvqs4DG3akIWw3N2QMNDKAkHSebiuz0mnmXduuqdWVyTlRTqZJZBnyMlvDVgvEwuhmfg3MgeFvTJodg_veOlIWajVpj8S2Fbn-DTaHa1-51XZ2269gsfHzE6HdlAXZYVLN-5G_vkLg_p8LbMmqRYK3XFq6MVqzy7CRvOWSB7xyoyKdVrpp0hru0UWM1SKvY2nP_D_HVHEWxw94tKddqo-9NRLiNYK69a4EMF1P021wa-G9IwubYkJw&amp;owa=outlook.live.com&amp;isc=1\" alt=\"\" width=\"440\" height=\"293\" \/><\/div>\n<p>Mais dois equipamentos implantados pelo Governo do Estado, na engrenagem da mobilidade urbana de Salvador e da regi\u00e3o metropolitana, foram entregues \u00e0 popula\u00e7\u00e3o baiana. Com a presen\u00e7a do governador Rui Costa, foram inaugurados, na manh\u00e3 desta segunda-feira (5), a passarela que liga a Esta\u00e7\u00e3o de Metr\u00f4 Pernambu\u00e9s ao bairro de mesmo nome, e um novo viaduto, em Lauro de Freitas, na BA-099, a Estrada do Coco.<\/p>\n<p>Primeira entrega do dia, com R$ 9,7 milh\u00f5es investidos, a passarela possui 400 metros de extens\u00e3o, sendo 100 de travessia. A estrutura pesa 288 toneladas e tem capacidade para 15 mil transeuntes por hora, ligando o bairro de Pernambu\u00e9s \u00e0 esta\u00e7\u00e3o de metr\u00f4 e ao supermercado Makro, do outro lado da pista. \u201cEsta \u00e9 uma obra complementar que vai facilitar ainda mais a vida da popula\u00e7\u00e3o que utiliza o metr\u00f4. Tamb\u00e9m estamos conversando para que a gente consiga interligar essa paralela com a do Salvador Shopping, facilitando assim o acesso de quem trabalha e frequenta o local\u201d, revelou o governador.<\/p>\n<p><!--more--><\/p>\n<p>Dotado de acessibilidade total, o equipamento possui duas rampas, piso t\u00e1til, sinaliza\u00e7\u00e3o em braile nos corrim\u00e3os e duas escadas rolantes inteligentes, instaladas nas duas entradas. Al\u00e9m disso, a passarela ser\u00e1 monitorada por 16 c\u00e2meras vinculadas ao Centro de Controle Operacional, bem como por vigilantes que ir\u00e3o se alternar em rondas.<\/p>\n<p>De acordo com Rui, diversas entregas ir\u00e3o ocorrer nos pr\u00f3ximos dias. \u201cAs entregas de hoje abrem espa\u00e7o para as \u00faltimas obras complementares do metr\u00f4, para que possamos entregar o terminal de passageiros e a esta\u00e7\u00e3o de Lauro de Freitas, encerrando, assim, essa etapa da linha 2 do metr\u00f4. Teremos ainda a entrega do terminal de Pitua\u00e7u e de outras passarelas ao longo da Avenida Paralela\u201d, explica.<\/p>\n<p><b>Viaduto<\/b><\/p>\n<p>Ap\u00f3s a entrega da passarela da Esta\u00e7\u00e3o Pernambu\u00e9s, o governador Rui Costa seguiu para Lauro de Freitas, onde inaugurou o novo viaduto da Avenida 2 de Julho, que passa a dar acesso, nos dois sentidos, aos motoristas que trafegam entre a Estrada do Coco e o centro de Lauro Freitas. O tr\u00e1fego ser\u00e1 aberto ainda nesta segunda-feira (5).<\/p>\n<p>\u201cEste \u00e9 o \u00faltimo equipamento de viaduto do projeto do metr\u00f4. Com a entrega de hoje, garantimos mais seguran\u00e7a e rapidez ao tr\u00e1fego de Lauro de Freitas e viabilizamos mais celeridade \u00e0s obras. Quero destacar que todas essas interven\u00e7\u00f5es complementares est\u00e3o trazendo um benef\u00edcio extraordin\u00e1rio \u00e0 mobilidade urbana e transformando completamente a realidade vi\u00e1ria da capital e da regi\u00e3o metropolitana\u201d, afirmou Rui.<\/p>\n<p>Constru\u00eddo sobre a via permanente do metr\u00f4, o viaduto tamb\u00e9m vai possibilitar a futura expans\u00e3o do sistema metrovi\u00e1rio at\u00e9 Lauro de Freitas e viabilizar o acesso ao novo p\u00e1tio de estacionamento de trens. A estrutura possui 400 metros de extens\u00e3o, largura total de 13,16 metros, duas faixas de rolamento, sinaliza\u00e7\u00e3o e ilumina\u00e7\u00e3o p\u00fablica com lumin\u00e1rias em LED. Tamb\u00e9m possui ciclovia de 2,70 metros de largura e passeio de pedestres com 1 metro de largura sobre as vias permanentes.<\/p>\n","protected":false},"excerpt":{"rendered":"<p>Mais dois equipamentos implantados pelo Governo do Estado, na engrenagem da mobilidade urbana de Salvador e da regi\u00e3o metropolitana, foram entregues \u00e0 popula\u00e7\u00e3o baiana. Com a presen\u00e7a do governador Rui Costa, foram inaugurados, na manh\u00e3 desta segunda-feira (5), a passarela que liga a Esta\u00e7\u00e3o de Metr\u00f4 Pernambu\u00e9s ao bairro de mesmo nome, e um novo [&hellip;]<\/p>\n","protected":false},"author":2,"featured_media":0,"comment_status":"open","ping_status":"open","sticky":false,"template":"","format":"standard","meta":{"_links_to":"","_links_to_target":""},"categories":[7,9,8,1],"tags":[],"_links":{"self":[{"href":"https:\/\/www.ilheusnoticias.net.br\/v1\/wp-json\/wp\/v2\/posts\/12354"}],"collection":[{"href":"https:\/\/www.ilheusnoticias.net.br\/v1\/wp-json\/wp\/v2\/posts"}],"about":[{"href":"https:\/\/www.ilheusnoticias.net.br\/v1\/wp-json\/wp\/v2\/types\/post"}],"author":[{"embeddable":true,"href":"https:\/\/www.ilheusnoticias.net.br\/v1\/wp-json\/wp\/v2\/users\/2"}],"replies":[{"embeddable":true,"href":"https:\/\/www.ilheusnoticias.net.br\/v1\/wp-json\/wp\/v2\/comments?post=12354"}],"version-history":[{"count":1,"href":"https:\/\/www.ilheusnoticias.net.br\/v1\/wp-json\/wp\/v2\/posts\/12354\/revisions"}],"predecessor-version":[{"id":12355,"href":"https:\/\/www.ilheusnoticias.net.br\/v1\/wp-json\/wp\/v2\/posts\/12354\/revisions\/12355"}],"wp:attachment":[{"href":"https:\/\/www.ilheusnoticias.net.br\/v1\/wp-json\/wp\/v2\/media?parent=12354"}],"wp:term":[{"taxonomy":"category","embeddable":true,"href":"https:\/\/www.ilheusnoticias.net.br\/v1\/wp-json\/wp\/v2\/categories?post=12354"},{"taxonomy":"post_tag","embeddable":true,"href":"https:\/\/www.ilheusnoticias.net.br\/v1\/wp-json\/wp\/v2\/tags?post=12354"}],"curies":[{"name":"wp","href":"https:\/\/api.w.org\/{rel}","templated":true}]}}