{"id":12352,"date":"2018-02-05T16:36:27","date_gmt":"2018-02-05T19:36:27","guid":{"rendered":"http:\/\/www.ilheusnoticias.net.br\/v1\/?p=12352"},"modified":"2018-02-05T16:36:27","modified_gmt":"2018-02-05T19:36:27","slug":"rui-costa-participa-amanha6-da-apresentacao-da-operacao-carnaval-2018-da-ssp","status":"publish","type":"post","link":"https:\/\/www.ilheusnoticias.net.br\/v1\/2018\/02\/05\/rui-costa-participa-amanha6-da-apresentacao-da-operacao-carnaval-2018-da-ssp\/","title":{"rendered":"Rui Costa participa  amanh\u00e3(6),  da apresenta\u00e7\u00e3o da Opera\u00e7\u00e3o Carnaval 2018 da SSP"},"content":{"rendered":"<p>A Secretaria da Seguran\u00e7a P\u00fablica (SSP) apresenta nesta ter\u00e7a-feira (6), \u00e0s 9 h, no Hotel Fiesta (Sal\u00e3o L\u00f3tus), a Opera\u00e7\u00e3o Carnaval 2018. \u00c0s 10h30, o governador Rui Costa chega ao local para acompanhar os an\u00fancios da SSP. Al\u00e9m do investimento de R$ 45 milh\u00f5es, o maior do Governo do Estado na folia, em pessoal e equipamentos, a SSP vai divulgar o efetivo empregado e as novas tecnologias que ser\u00e3o usadas para que a festa seja marcada pela alegria e divers\u00e3o.<\/p>\n<p>Na ocasi\u00e3o, al\u00e9m da presen\u00e7a do secret\u00e1rio Maur\u00edcio Barbosa, que far\u00e1 uma apresenta\u00e7\u00e3o do planejamento para o Carnaval 2018, os gestores das pol\u00edcias Militar (comandante-geral\/coronel Anselmo Brand\u00e3o), Civil (delegado-geral Bernardino Brito), T\u00e9cnica (diretor-geral Elson Jeffeson) e do Corpo de Bombeiros (comandante-geral\/coronel Francisco Telles) v\u00e3o detalhar a atua\u00e7\u00e3o de cada institui\u00e7\u00e3o nos circuitos da folia.<\/p>\n<p>Ao final das apresenta\u00e7\u00f5es, o secret\u00e1rio da Seguran\u00e7a P\u00fablica e os representantes das pol\u00edcias Militar, Civil e T\u00e9cnica e do Corpo de Bombeiros estar\u00e3o \u00e0 disposi\u00e7\u00e3o da imprensa para entrevistas.<\/p>\n","protected":false},"excerpt":{"rendered":"<p>A Secretaria da Seguran\u00e7a P\u00fablica (SSP) apresenta nesta ter\u00e7a-feira (6), \u00e0s 9 h, no Hotel Fiesta (Sal\u00e3o L\u00f3tus), a Opera\u00e7\u00e3o Carnaval 2018. \u00c0s 10h30, o governador Rui Costa chega ao local para acompanhar os an\u00fancios da SSP. Al\u00e9m do investimento de R$ 45 milh\u00f5es, o maior do Governo do Estado na folia, em pessoal e [&hellip;]<\/p>\n","protected":false},"author":2,"featured_media":0,"comment_status":"open","ping_status":"open","sticky":false,"template":"","format":"standard","meta":{"_links_to":"","_links_to_target":""},"categories":[7,9,8,1],"tags":[],"_links":{"self":[{"href":"https:\/\/www.ilheusnoticias.net.br\/v1\/wp-json\/wp\/v2\/posts\/12352"}],"collection":[{"href":"https:\/\/www.ilheusnoticias.net.br\/v1\/wp-json\/wp\/v2\/posts"}],"about":[{"href":"https:\/\/www.ilheusnoticias.net.br\/v1\/wp-json\/wp\/v2\/types\/post"}],"author":[{"embeddable":true,"href":"https:\/\/www.ilheusnoticias.net.br\/v1\/wp-json\/wp\/v2\/users\/2"}],"replies":[{"embeddable":true,"href":"https:\/\/www.ilheusnoticias.net.br\/v1\/wp-json\/wp\/v2\/comments?post=12352"}],"version-history":[{"count":1,"href":"https:\/\/www.ilheusnoticias.net.br\/v1\/wp-json\/wp\/v2\/posts\/12352\/revisions"}],"predecessor-version":[{"id":12353,"href":"https:\/\/www.ilheusnoticias.net.br\/v1\/wp-json\/wp\/v2\/posts\/12352\/revisions\/12353"}],"wp:attachment":[{"href":"https:\/\/www.ilheusnoticias.net.br\/v1\/wp-json\/wp\/v2\/media?parent=12352"}],"wp:term":[{"taxonomy":"category","embeddable":true,"href":"https:\/\/www.ilheusnoticias.net.br\/v1\/wp-json\/wp\/v2\/categories?post=12352"},{"taxonomy":"post_tag","embeddable":true,"href":"https:\/\/www.ilheusnoticias.net.br\/v1\/wp-json\/wp\/v2\/tags?post=12352"}],"curies":[{"name":"wp","href":"https:\/\/api.w.org\/{rel}","templated":true}]}}