{"id":12350,"date":"2018-02-05T16:35:12","date_gmt":"2018-02-05T19:35:12","guid":{"rendered":"http:\/\/www.ilheusnoticias.net.br\/v1\/?p=12350"},"modified":"2018-02-05T16:35:12","modified_gmt":"2018-02-05T19:35:12","slug":"rodas-de-conversa-debate-projetos-culturais-de-ilheus","status":"publish","type":"post","link":"https:\/\/www.ilheusnoticias.net.br\/v1\/2018\/02\/05\/rodas-de-conversa-debate-projetos-culturais-de-ilheus\/","title":{"rendered":"\u201cRodas de Conversa\u201d debate   projetos culturais de Ilh\u00e9us"},"content":{"rendered":"<p class=\"x_gmail-MsoNoSpacing\" align=\"center\">\n<p class=\"x_gmail-MsoNoSpacing\" align=\"center\"><b><img loading=\"lazy\" class=\"\" src=\"https:\/\/attachment.outlook.office.net\/owa\/laudiceacarvalho62@hotmail.com\/service.svc\/s\/GetAttachmentThumbnail?id=AQMkADAwATYwMAItY2MANTgtODQxNC0wMAItMDAKAEYAAANqOYr2uMN4Qoz6pFp%2FhFoeBwAsxvM0hWqyT6EfSeQ8%2BPgA8AAAAgEMAAAALMbzNIVqsk%2BhH0nkPPj4APAAAWMIrLEAAAABEgAQANniMM6oQ2dGtJ7%2FvM477ic%3D&amp;thumbnailType=2&amp;X-OWA-CANARY=DuTeZ63QBUmCd54qyppwobA31VDPbNUYMjXViLqUjVB_bh5LcVobo8NYXnNKQTSZRD7JWFNy4bc.&amp;token=eyJ0eXAiOiJKV1QiLCJhbGciOiJSUzI1NiIsIng1dCI6ImVuaDlCSnJWUFU1aWpWMXFqWmpWLWZMMmJjbyJ9.eyJ2ZXIiOiJFeGNoYW5nZS5DYWxsYmFjay5WMSIsImFwcGN0eHNlbmRlciI6Ik93YURvd25sb2FkQDg0ZGY5ZTdmLWU5ZjYtNDBhZi1iNDM1LWFhYWFhYWFhYWFhYSIsImFwcGN0eCI6IntcIm1zZXhjaHByb3RcIjpcIm93YVwiLFwicHJpbWFyeXNpZFwiOlwiUy0xLTI4MjctMzkzMjE2LTM0MjgzNTMwNDRcIixcInB1aWRcIjpcIjE2ODg4NTMyODg2MTY5ODBcIixcIm9pZFwiOlwiMDAwNjAwMDAtY2M1OC04NDE0LTAwMDAtMDAwMDAwMDAwMDAwXCIsXCJzY29wZVwiOlwiT3dhRG93bmxvYWRcIn0iLCJpc3MiOiIwMDAwMDAwMi0wMDAwLTBmZjEtY2UwMC0wMDAwMDAwMDAwMDBAODRkZjllN2YtZTlmNi00MGFmLWI0MzUtYWFhYWFhYWFhYWFhIiwiYXVkIjoiMDAwMDAwMDItMDAwMC0wZmYxLWNlMDAtMDAwMDAwMDAwMDAwL2F0dGFjaG1lbnQub3V0bG9vay5vZmZpY2UubmV0QDg0ZGY5ZTdmLWU5ZjYtNDBhZi1iNDM1LWFhYWFhYWFhYWFhYSIsImV4cCI6MTUxNzg1OTY2NCwibmJmIjoxNTE3ODU5MDY0fQ.lU0yMuLIZDvqhiVwaU7HebGUoWqQP_DXESi0Lb9AqS92oer_Y9wBKCkohr1ep_Yk15_MF87MgXalp6whr04ODdUKshfOasqIuZrii27_50TBHYE9wSPYPn2nMCQJQjY77Kj-g0TTWiUzNu9I3V5Okbc_gvNcgJw8TsGy1usHOAyKaHR8S7yZMsyjVNHL29FcaXgfNNzEv9166RI6_LjQqUjiWX8L76JWw7vDH67xw7hKfeiEbpiOnNx1NhqqJfqblo6WI8ohZd16YpF8TLARMRHk4DnI_WFA_qwNftSgtgrASBMpzbMlxtIyNUdEKvfnvUuOHK-Kurv0DWfr-yhAzA&amp;owa=outlook.live.com&amp;isc=1\" alt=\"\" width=\"258\" height=\"145\" \/>\u00a0<\/b><\/p>\n<p class=\"x_gmail-MsoNoSpacing\" align=\"center\">Com o objetivo de ouvir questionamentos da popula\u00e7\u00e3o e de diversos segmentos envolvidos com as atividades culturais de Ilh\u00e9us, a secretaria municipal da Cultura (Secult) programou para este m\u00eas o projeto Rodas de Conversa. A proposta \u00e9 colocar em pauta a discuss\u00e3o di\u00e1ria sobre a\u00e7\u00f5es culturais que ser\u00e3o apresentados pela atual gest\u00e3o. Na agenda, est\u00e3o programados para o dia 19, a partir das 16 horas, no audit\u00f3rio Sos\u00edgenes Costa, situado na Rua Jorge Amado, 21, debate sobre o Projeto Maio, M\u00eas da Dan\u00e7a, e \u00e0s 18 horas, sobre o Festival de Quadrilhas Juninas.<\/p>\n<p class=\"x_gmail-MsoNoSpacing\" align=\"center\"><!--more--><\/p>\n<p class=\"x_gmail-MsoNoSpacing\">\n<p class=\"x_gmail-MsoNoSpacing\">Para o dia 20, \u00e0s 18 horas, os trabalhos do Rodas de Conversa ser\u00e3o retomados para discutir a formata\u00e7\u00e3o do Projeto Seis e Meia; e no dia 21, \u00e0s 18 horas sobre a realiza\u00e7\u00e3o da Semana Jorge Amado. J\u00e1 nos dia 22, respectivamente \u00e0s 16 e 18 horas, os debates ser\u00e3o torno sobre o Festival de Teatro Estudantil e o Programa Devir Negro.<\/p>\n<p class=\"x_gmail-MsoNoSpacing\">\n<p class=\"x_gmail-MsoNoSpacing\">E no dia 23, a partir das 18 horas, o projeto Rodas de Conversa volta a se reunir para tratar sobre o calend\u00e1rio de capoeira; e dia 26, tamb\u00e9m, \u00e0s 18 horas, outra rodada de debate sobre as festas populares de Ilh\u00e9us ser\u00e3o sempre com a participa\u00e7\u00e3o p\u00fablica.<\/p>\n<p class=\"x_gmail-MsoNoSpacing\">\n<p class=\"x_gmail-MsoNoSpacing\">De acordo com o secret\u00e1rio de Cultura, Pawlo Cidade, as indaga\u00e7\u00f5es ser\u00e3o sobre o que s\u00e3o projetos estruturantes?, como eles podem se tornar programas?, ao retomar edi\u00e7\u00f5es anteriores corremos o risco de reproduzir os erros do passado?, como podemos melhorar as atividades culturais transformando-as em a\u00e7\u00f5es duradouras?, o que aprendemos com projetos tem\u00e1ticos?\u00a0\u00a0E qual o conceito que se tem de um projeto?<\/p>\n<p class=\"x_gmail-MsoNoSpacing\">\n<p class=\"x_gmail-MsoNoSpacing\">\n","protected":false},"excerpt":{"rendered":"<p>\u00a0 Com o objetivo de ouvir questionamentos da popula\u00e7\u00e3o e de diversos segmentos envolvidos com as atividades culturais de Ilh\u00e9us, a secretaria municipal da Cultura (Secult) programou para este m\u00eas o projeto Rodas de Conversa. A proposta \u00e9 colocar em pauta a discuss\u00e3o di\u00e1ria sobre a\u00e7\u00f5es culturais que ser\u00e3o apresentados pela atual gest\u00e3o. Na agenda, [&hellip;]<\/p>\n","protected":false},"author":2,"featured_media":0,"comment_status":"open","ping_status":"open","sticky":false,"template":"","format":"standard","meta":{"_links_to":"","_links_to_target":""},"categories":[7,9,8,1],"tags":[],"_links":{"self":[{"href":"https:\/\/www.ilheusnoticias.net.br\/v1\/wp-json\/wp\/v2\/posts\/12350"}],"collection":[{"href":"https:\/\/www.ilheusnoticias.net.br\/v1\/wp-json\/wp\/v2\/posts"}],"about":[{"href":"https:\/\/www.ilheusnoticias.net.br\/v1\/wp-json\/wp\/v2\/types\/post"}],"author":[{"embeddable":true,"href":"https:\/\/www.ilheusnoticias.net.br\/v1\/wp-json\/wp\/v2\/users\/2"}],"replies":[{"embeddable":true,"href":"https:\/\/www.ilheusnoticias.net.br\/v1\/wp-json\/wp\/v2\/comments?post=12350"}],"version-history":[{"count":1,"href":"https:\/\/www.ilheusnoticias.net.br\/v1\/wp-json\/wp\/v2\/posts\/12350\/revisions"}],"predecessor-version":[{"id":12351,"href":"https:\/\/www.ilheusnoticias.net.br\/v1\/wp-json\/wp\/v2\/posts\/12350\/revisions\/12351"}],"wp:attachment":[{"href":"https:\/\/www.ilheusnoticias.net.br\/v1\/wp-json\/wp\/v2\/media?parent=12350"}],"wp:term":[{"taxonomy":"category","embeddable":true,"href":"https:\/\/www.ilheusnoticias.net.br\/v1\/wp-json\/wp\/v2\/categories?post=12350"},{"taxonomy":"post_tag","embeddable":true,"href":"https:\/\/www.ilheusnoticias.net.br\/v1\/wp-json\/wp\/v2\/tags?post=12350"}],"curies":[{"name":"wp","href":"https:\/\/api.w.org\/{rel}","templated":true}]}}