{"id":12331,"date":"2018-02-03T19:14:11","date_gmt":"2018-02-03T22:14:11","guid":{"rendered":"http:\/\/www.ilheusnoticias.net.br\/v1\/?p=12331"},"modified":"2018-02-03T19:14:11","modified_gmt":"2018-02-03T22:14:11","slug":"rui-costa-e-moema-gramacho-inauguram-passarela-da-estacao-pernambues-e-novo-viaduto-em-lauro-de-freitas","status":"publish","type":"post","link":"https:\/\/www.ilheusnoticias.net.br\/v1\/2018\/02\/03\/rui-costa-e-moema-gramacho-inauguram-passarela-da-estacao-pernambues-e-novo-viaduto-em-lauro-de-freitas\/","title":{"rendered":"Rui Costa e Moema Gramacho inauguram passarela da Esta\u00e7\u00e3o Pernambu\u00e9s e novo viaduto em Lauro de Freitas"},"content":{"rendered":"<p class=\"x_MsoNormal\"><a href=\"http:\/\/www.ilheusnoticias.net.br\/v1\/wp-content\/uploads\/2018\/01\/IMG-20180102-WA0065.jpg\" rel=\"attachment wp-att-11513\"><img loading=\"lazy\" class=\"aligncenter size-full wp-image-11513\" src=\"http:\/\/www.ilheusnoticias.net.br\/v1\/wp-content\/uploads\/2018\/01\/IMG-20180102-WA0065.jpg\" alt=\"IMG-20180102-WA0065.jpg\" width=\"512\" height=\"341\" srcset=\"https:\/\/www.ilheusnoticias.net.br\/v1\/wp-content\/uploads\/2018\/01\/IMG-20180102-WA0065.jpg 512w, https:\/\/www.ilheusnoticias.net.br\/v1\/wp-content\/uploads\/2018\/01\/IMG-20180102-WA0065-300x200.jpg 300w\" sizes=\"(max-width: 512px) 100vw, 512px\" \/><\/a><\/p>\n<p class=\"x_MsoNormal\">\n<p class=\"x_MsoNormal\">Nesta segunda-feira (5), \u00e0s 9h30, o governador Rui Costa e a prefeita de Lauro de Freitas, Moema Gramacho, acompanhados de secret\u00e1rios estaduais e diretores da CCR Metr\u00f4 Bahia, inauguram a passarela do bairro Pernambu\u00e9s, que liga a Esta\u00e7\u00e3o Pernambu\u00e9s de metr\u00f4 ao bairro e ao supermercado Makro.<\/p>\n<p class=\"x_MsoNormal\">\n<p class=\"x_MsoNormal\">Em seguida, \u00e0s 10h15, Rui, Moema e comitiva v\u00e3o para Lauro de Freitas, onde inauguram o novo viaduto da Avenida 2 de Julho, que vai permitir o acesso da Estrada do Coco para o centro de Lauro Freitas, e tamb\u00e9m a movimenta\u00e7\u00e3o no sentido contr\u00e1rio. O tr\u00e1fego no local ser\u00e1 aberto no mesmo dia.<\/p>\n<p class=\"x_MsoNormal\">\n<p class=\"x_MsoNormal\"><b>Informa\u00e7\u00f5es \u00e0 imprensa<\/b><\/p>\n<p class=\"x_MsoNormal\">O primeiro ponto de encontro \u00e9 na subida da passarela da esta\u00e7\u00e3o Pernambu\u00e9s, sentido Centro, ao lado da Lima Ve\u00edculos. De l\u00e1, governador e comitiva seguem de van para o Viaduto 2 de Julho, em Lauro de Freitas, onde ocorre a entrega do viaduto e coletiva de imprensa. Haver\u00e1 tamb\u00e9m uma van exclusiva para a imprensa, que retorna ao ponto de partida (Pernambu\u00e9s) logo ap\u00f3s a cerim\u00f4nia.<\/p>\n","protected":false},"excerpt":{"rendered":"<p>Nesta segunda-feira (5), \u00e0s 9h30, o governador Rui Costa e a prefeita de Lauro de Freitas, Moema Gramacho, acompanhados de secret\u00e1rios estaduais e diretores da CCR Metr\u00f4 Bahia, inauguram a passarela do bairro Pernambu\u00e9s, que liga a Esta\u00e7\u00e3o Pernambu\u00e9s de metr\u00f4 ao bairro e ao supermercado Makro. Em seguida, \u00e0s 10h15, Rui, Moema e comitiva [&hellip;]<\/p>\n","protected":false},"author":2,"featured_media":0,"comment_status":"open","ping_status":"open","sticky":false,"template":"","format":"standard","meta":{"_links_to":"","_links_to_target":""},"categories":[7,9,8,1],"tags":[],"_links":{"self":[{"href":"https:\/\/www.ilheusnoticias.net.br\/v1\/wp-json\/wp\/v2\/posts\/12331"}],"collection":[{"href":"https:\/\/www.ilheusnoticias.net.br\/v1\/wp-json\/wp\/v2\/posts"}],"about":[{"href":"https:\/\/www.ilheusnoticias.net.br\/v1\/wp-json\/wp\/v2\/types\/post"}],"author":[{"embeddable":true,"href":"https:\/\/www.ilheusnoticias.net.br\/v1\/wp-json\/wp\/v2\/users\/2"}],"replies":[{"embeddable":true,"href":"https:\/\/www.ilheusnoticias.net.br\/v1\/wp-json\/wp\/v2\/comments?post=12331"}],"version-history":[{"count":1,"href":"https:\/\/www.ilheusnoticias.net.br\/v1\/wp-json\/wp\/v2\/posts\/12331\/revisions"}],"predecessor-version":[{"id":12332,"href":"https:\/\/www.ilheusnoticias.net.br\/v1\/wp-json\/wp\/v2\/posts\/12331\/revisions\/12332"}],"wp:attachment":[{"href":"https:\/\/www.ilheusnoticias.net.br\/v1\/wp-json\/wp\/v2\/media?parent=12331"}],"wp:term":[{"taxonomy":"category","embeddable":true,"href":"https:\/\/www.ilheusnoticias.net.br\/v1\/wp-json\/wp\/v2\/categories?post=12331"},{"taxonomy":"post_tag","embeddable":true,"href":"https:\/\/www.ilheusnoticias.net.br\/v1\/wp-json\/wp\/v2\/tags?post=12331"}],"curies":[{"name":"wp","href":"https:\/\/api.w.org\/{rel}","templated":true}]}}