{"id":12325,"date":"2018-02-03T08:59:39","date_gmt":"2018-02-03T11:59:39","guid":{"rendered":"http:\/\/www.ilheusnoticias.net.br\/v1\/?p=12325"},"modified":"2018-02-03T08:59:39","modified_gmt":"2018-02-03T11:59:39","slug":"bahia-tem-nove-cidades-no-ranking-de-30-mais-violentas-do-pais-diz-ipea","status":"publish","type":"post","link":"https:\/\/www.ilheusnoticias.net.br\/v1\/2018\/02\/03\/bahia-tem-nove-cidades-no-ranking-de-30-mais-violentas-do-pais-diz-ipea\/","title":{"rendered":"Bahia tem nove cidades no ranking de 30 mais violentas do pa\u00eds, diz Ipea"},"content":{"rendered":"<div class=\"post-header\" style=\"line-height: 1.6; margin: 0px 0px 1.5em; font-size: 15.84px;\">\n<div class=\"post-header-line-1\"><\/div>\n<\/div>\n<p>A cidade de Lauro de Freitas, localizada na Regi\u00e3o Metropolitana de Salvador (RMS), est\u00e1 em segundo lugar entre os 30 munic\u00edpios mais violentos com popula\u00e7\u00e3o superior a 100 mil habitantes, de acordo com dados, referentes ao ano de 2015, do Instituto de Pesquisa Econ\u00f4mica Aplicada (Ipea), divulgados nesta segunda-feira (5).<\/p>\n<p>O munic\u00edpio baiano, que tinha em 2015 popula\u00e7\u00e3o de 191.426 habitantes, ficou atr\u00e1s apenas da cidade de Altamira (PA). Lauro de Freitas computou, no ano em quest\u00e3o, 177 homic\u00eddios e 10 Mortes Violentas com Causa Indeterminada (MVCI). Segundo o estudo, a m\u00e9dia foi de 92.5 homic\u00eddios a cada grupo de 100 mil habitantes, em 2015.<\/p>\n<p>Al\u00e9m de Lauro de Freitas, a Bahia ainda tem mais oito cidades no ranking dos 30 munic\u00edpios mais violentos: Sim\u00f5es Filho (5\u00ba lugar), Teixeira de Freitas (7\u00ba), Porto Seguro (9\u00ba), Barreiras (14\u00ba), Cama\u00e7ari (15\u00ba), Alagoinhas (18\u00ba), Eun\u00e1polis (19\u00ba) e Feira de Santana (30\u00ba).<\/p>\n<p>Em nota, a Secretaria da Seguran\u00e7a P\u00fablica (SSP-BA) afirmou que &#8220;desconhece&#8221; a metodologia utilizada para a contagem das mortes nos estados brasileiros, como a publicada pelo Ipea. A SSP-BA diz que os estados contabilizam de maneira diferente os homic\u00eddios. A pasta afirma que o Minist\u00e9rio da Justi\u00e7a teria reconhecido &#8220;que a falta de metodologia \u00fanica para contagem de casos nos estados colabora para a cria\u00e7\u00e3o equivocada de rankings de cidades&#8221;.<\/p>\n<p>&#8220;A SSP-BA entende que, enquanto n\u00e3o houver uma padroniza\u00e7\u00e3o na coleta destas informa\u00e7\u00f5es junto a todos os estados, pesquisas como a publicada em nada v\u00e3o colaborar para entender a real situa\u00e7\u00e3o dos munic\u00edpios e a din\u00e2mica da viol\u00eancia no pa\u00eds&#8221;, diz o comunicado.<\/p>\n<p>Bahia tem nove cidades na lista de 30 cidades mais violentas (Foto: Reprodu\u00e7\u00e3o\/ Ipea) Bahia tem nove cidades na lista de 30 cidades mais violentas (Foto: Reprodu\u00e7\u00e3o\/ Ipea)<\/p>\n<p>Bahia tem nove cidades na lista de 30 cidades mais violentas (Foto: Reprodu\u00e7\u00e3o\/ Ipea)<\/p>\n<p>Em Sim\u00f5es Filho, tamb\u00e9m na Regi\u00e3o Metropolitana de Salvador (RMS), que tem 133.202 habitantes, foram registrados 112 homic\u00eddios e 11 MVCI. J\u00e1 em Teixeira de Freitas, no extremo sul da Bahia, com 157.804 habitantes, foram computados 114 homic\u00eddios e 25 MVCI.<\/p>\n<p>Em Porto Seguro, tamb\u00e9m no extremo sul baiano, que tem popula\u00e7\u00e3o de 145.431 pessoas, o n\u00famero de homic\u00eddios chegou a 123 e o de MVCI, 2. Na regi\u00e3o oeste do estado, em Barreiras, com 153.918 habitantes, foi registrado 1 homic\u00eddio e 119 Mortes Violentas com Causa Indeterminada.<\/p>\n<p>Com popula\u00e7\u00e3o de 286.919 pessoas, em Cama\u00e7ari, na RMS, foram 207 homic\u00eddios e 16 MVCI. Em Alagoinhas, que tem 154.495 habitantes, o Atlas mostra que ocorreram 103 homic\u00eddios e 14 Mortes Violentas com Causa Indeterminada.<\/p>\n<p>Ainda no extremo sul da Bahia, em Eun\u00e1polis, a cidade com popula\u00e7\u00e3o de 113.191 pessoas teve 66 homic\u00eddios e 19 MVCI. A cerca de 100 km de Salvador, em Feira de Santana, munic\u00edpio com 617.528 habitantes, ocorreram 218 homic\u00eddios e 205 Mortes Violentas com Causa Indeterminada.<\/p>\n<p>J\u00e1 a lista dos 30 munic\u00edpios mais pac\u00edficos, tamb\u00e9m com popula\u00e7\u00e3o superior a 100 mil habitantes, n\u00e3o h\u00e1 nenhum munic\u00edpio baiano.<\/p>\n<p>No estudo, o Ipea usou como base o Sistema de Informa\u00e7\u00f5es sobre Mortalidade (SIM) do Sistema \u00danico de Sa\u00fade (SUS). O Minist\u00e9rio da Sa\u00fade informou que o termo &#8220;Mortes Violentas com Causa Indeterminada (MVCI)&#8221; s\u00e3o identificadas quando a morte se deu por causa n\u00e3o natural e n\u00e3o \u00e9 poss\u00edvel informar com precis\u00e3o o motivo do \u00f3bito. As mortes violentas podem ser divididas em: indeterminadas, acidentes, les\u00f5es autoprovocadas intencionalmente, agress\u00f5es, interven\u00e7\u00f5es legais e opera\u00e7\u00f5es de guerra. Assim, quando a causa \u00e9 indeterminada, n\u00e3o foi poss\u00edvel identificar em qual das quatro situa\u00e7\u00f5es ocorreu o \u00f3bito.<\/p>\n<p>Fonte: G1<\/p>\n","protected":false},"excerpt":{"rendered":"<p>A cidade de Lauro de Freitas, localizada na Regi\u00e3o Metropolitana de Salvador (RMS), est\u00e1 em segundo lugar entre os 30 munic\u00edpios mais violentos com popula\u00e7\u00e3o superior a 100 mil habitantes, de acordo com dados, referentes ao ano de 2015, do Instituto de Pesquisa Econ\u00f4mica Aplicada (Ipea), divulgados nesta segunda-feira (5). O munic\u00edpio baiano, que tinha [&hellip;]<\/p>\n","protected":false},"author":2,"featured_media":0,"comment_status":"open","ping_status":"open","sticky":false,"template":"","format":"standard","meta":{"_links_to":"","_links_to_target":""},"categories":[1],"tags":[],"_links":{"self":[{"href":"https:\/\/www.ilheusnoticias.net.br\/v1\/wp-json\/wp\/v2\/posts\/12325"}],"collection":[{"href":"https:\/\/www.ilheusnoticias.net.br\/v1\/wp-json\/wp\/v2\/posts"}],"about":[{"href":"https:\/\/www.ilheusnoticias.net.br\/v1\/wp-json\/wp\/v2\/types\/post"}],"author":[{"embeddable":true,"href":"https:\/\/www.ilheusnoticias.net.br\/v1\/wp-json\/wp\/v2\/users\/2"}],"replies":[{"embeddable":true,"href":"https:\/\/www.ilheusnoticias.net.br\/v1\/wp-json\/wp\/v2\/comments?post=12325"}],"version-history":[{"count":1,"href":"https:\/\/www.ilheusnoticias.net.br\/v1\/wp-json\/wp\/v2\/posts\/12325\/revisions"}],"predecessor-version":[{"id":12326,"href":"https:\/\/www.ilheusnoticias.net.br\/v1\/wp-json\/wp\/v2\/posts\/12325\/revisions\/12326"}],"wp:attachment":[{"href":"https:\/\/www.ilheusnoticias.net.br\/v1\/wp-json\/wp\/v2\/media?parent=12325"}],"wp:term":[{"taxonomy":"category","embeddable":true,"href":"https:\/\/www.ilheusnoticias.net.br\/v1\/wp-json\/wp\/v2\/categories?post=12325"},{"taxonomy":"post_tag","embeddable":true,"href":"https:\/\/www.ilheusnoticias.net.br\/v1\/wp-json\/wp\/v2\/tags?post=12325"}],"curies":[{"name":"wp","href":"https:\/\/api.w.org\/{rel}","templated":true}]}}