{"id":12317,"date":"2018-02-01T17:31:08","date_gmt":"2018-02-01T20:31:08","guid":{"rendered":"http:\/\/www.ilheusnoticias.net.br\/v1\/?p=12317"},"modified":"2018-02-01T17:31:08","modified_gmt":"2018-02-01T20:31:08","slug":"sem-carnaval-prefeitura-de-ilheus-autoriza-que-blocos-particulares-se-apresentem-na-avenida","status":"publish","type":"post","link":"https:\/\/www.ilheusnoticias.net.br\/v1\/2018\/02\/01\/sem-carnaval-prefeitura-de-ilheus-autoriza-que-blocos-particulares-se-apresentem-na-avenida\/","title":{"rendered":"Sem carnaval, Prefeitura de Ilh\u00e9us autoriza que blocos particulares se apresentem na Avenida"},"content":{"rendered":"<h3 class=\"post-title entry-title\">\u00a0<a href=\"https:\/\/1.bp.blogspot.com\/-JjSEQIEqTFY\/WnLmiTX3WNI\/AAAAAAAAR0o\/T7qm5tavnzQzZ0GUKUDVlrqR8SMPQiXzgCLcBGAs\/s1600\/Avenida-Soares-Lopes-Praia-da-Avenida-Secom.jpg\"><img loading=\"lazy\" src=\"https:\/\/1.bp.blogspot.com\/-JjSEQIEqTFY\/WnLmiTX3WNI\/AAAAAAAAR0o\/T7qm5tavnzQzZ0GUKUDVlrqR8SMPQiXzgCLcBGAs\/s320\/Avenida-Soares-Lopes-Praia-da-Avenida-Secom.jpg\" alt=\"\" width=\"320\" height=\"213\" border=\"0\" data-original-height=\"392\" data-original-width=\"588\" \/><\/a><\/h3>\n<div id=\"post-body-2293454758645510393\" class=\"post-body entry-content\">\n<div>Apesar da Prefeitura de Ilh\u00e9us ter optado pelo cancelamento do Carnaval deste ano, por medida de economia, o prefeito M\u00e1rio Alexandre vai disponibilizar servi\u00e7os p\u00fablicos que garantam o bem estar dos foli\u00f5es que queiram brincar na avenida.<\/div>\n<div><\/div>\n<div>Por este motivo, blocos particulares, de associa\u00e7\u00f5es e entidades de classe que v\u00e3o desfilar por conta pr\u00f3pria na avenida Soares Lopes, entre tr\u00eas da tarde e 11 da noite, dever\u00e3o encaminhar urgentemente of\u00edcio \u00e0 Secretaria de Turismo para ser integrado \u00e0 programa\u00e7\u00e3o.<\/div>\n<\/div>\n<div><\/div>\n<p><!--more--><\/p>\n<div id=\"post-body-2293454758645510393\" class=\"post-body entry-content\">\n<div><\/div>\n<div>Esta ser\u00e1 a forma de garantir a ordem, a disciplina e a seguran\u00e7a no local do desfile. Outra observa\u00e7\u00e3o importante: os blocos dever\u00e3o marcar como ponto de concentra\u00e7\u00e3o a pr\u00f3pria avenida Soares Lopes.<\/div>\n<div><\/div>\n<div>Os interessados devem procurar a Setur, no Pal\u00e1cio Paranagu\u00e1, para obter a libera\u00e7\u00e3o do desfile, atendendo \u00e0 determina\u00e7\u00e3o dos \u00f3rg\u00e3os de seguran\u00e7a. Sem esta autoriza\u00e7\u00e3o, n\u00e3o ser\u00e1 permitido o desfile.<\/div>\n<\/div>\n","protected":false},"excerpt":{"rendered":"<p>\u00a0 Apesar da Prefeitura de Ilh\u00e9us ter optado pelo cancelamento do Carnaval deste ano, por medida de economia, o prefeito M\u00e1rio Alexandre vai disponibilizar servi\u00e7os p\u00fablicos que garantam o bem estar dos foli\u00f5es que queiram brincar na avenida. Por este motivo, blocos particulares, de associa\u00e7\u00f5es e entidades de classe que v\u00e3o desfilar por conta pr\u00f3pria [&hellip;]<\/p>\n","protected":false},"author":2,"featured_media":0,"comment_status":"open","ping_status":"open","sticky":false,"template":"","format":"standard","meta":{"_links_to":"","_links_to_target":""},"categories":[7,9,8,1],"tags":[],"_links":{"self":[{"href":"https:\/\/www.ilheusnoticias.net.br\/v1\/wp-json\/wp\/v2\/posts\/12317"}],"collection":[{"href":"https:\/\/www.ilheusnoticias.net.br\/v1\/wp-json\/wp\/v2\/posts"}],"about":[{"href":"https:\/\/www.ilheusnoticias.net.br\/v1\/wp-json\/wp\/v2\/types\/post"}],"author":[{"embeddable":true,"href":"https:\/\/www.ilheusnoticias.net.br\/v1\/wp-json\/wp\/v2\/users\/2"}],"replies":[{"embeddable":true,"href":"https:\/\/www.ilheusnoticias.net.br\/v1\/wp-json\/wp\/v2\/comments?post=12317"}],"version-history":[{"count":1,"href":"https:\/\/www.ilheusnoticias.net.br\/v1\/wp-json\/wp\/v2\/posts\/12317\/revisions"}],"predecessor-version":[{"id":12318,"href":"https:\/\/www.ilheusnoticias.net.br\/v1\/wp-json\/wp\/v2\/posts\/12317\/revisions\/12318"}],"wp:attachment":[{"href":"https:\/\/www.ilheusnoticias.net.br\/v1\/wp-json\/wp\/v2\/media?parent=12317"}],"wp:term":[{"taxonomy":"category","embeddable":true,"href":"https:\/\/www.ilheusnoticias.net.br\/v1\/wp-json\/wp\/v2\/categories?post=12317"},{"taxonomy":"post_tag","embeddable":true,"href":"https:\/\/www.ilheusnoticias.net.br\/v1\/wp-json\/wp\/v2\/tags?post=12317"}],"curies":[{"name":"wp","href":"https:\/\/api.w.org\/{rel}","templated":true}]}}