{"id":12311,"date":"2018-02-01T17:25:37","date_gmt":"2018-02-01T20:25:37","guid":{"rendered":"http:\/\/www.ilheusnoticias.net.br\/v1\/?p=12311"},"modified":"2018-02-01T17:25:37","modified_gmt":"2018-02-01T20:25:37","slug":"blocos-que-irao-desfilar-na-av-soares-lopes-dependem-de-liberacao-da-prefeitura","status":"publish","type":"post","link":"https:\/\/www.ilheusnoticias.net.br\/v1\/2018\/02\/01\/blocos-que-irao-desfilar-na-av-soares-lopes-dependem-de-liberacao-da-prefeitura\/","title":{"rendered":"Blocos que ir\u00e3o desfilar na Av. Soares Lopes dependem de libera\u00e7\u00e3o da prefeitura"},"content":{"rendered":"<h2 class=\"PostHeaderIcon-wrapper\"><\/h2>\n<div class=\"PostContent\">\n<div id=\"attachment_25332\" class=\"wp-caption aligncenter\"><img loading=\"lazy\" class=\"size-full wp-image-25332\" src=\"http:\/\/www.fabiorobertonoticias.com.br\/v1\/wp-content\/uploads\/2018\/02\/Carnaval-Foto-Clodoaldo-Ribeiro-3.jpg\" sizes=\"(max-width: 500px) 100vw, 500px\" srcset=\"http:\/\/www.fabiorobertonoticias.com.br\/v1\/wp-content\/uploads\/2018\/02\/Carnaval-Foto-Clodoaldo-Ribeiro-3.jpg 500w, http:\/\/www.fabiorobertonoticias.com.br\/v1\/wp-content\/uploads\/2018\/02\/Carnaval-Foto-Clodoaldo-Ribeiro-3-300x199.jpg 300w\" alt=\"Carnaval de Ilh\u00e9us cancelado pelo prefeito. \" width=\"500\" height=\"332\" \/><\/p>\n<p class=\"wp-caption-text\">Carnaval de Ilh\u00e9us cancelado pelo prefeito.<\/p>\n<\/div>\n<p>Apesar da Prefeitura de Ilh\u00e9us ter optado pelo cancelamento do Carnaval deste ano, por medida de economia, o prefeito M\u00e1rio Alexandre vai disponibilizar servi\u00e7os p\u00fablicos que garantam o bem estar dos foli\u00f5es que queiram brincar na avenida.<\/p>\n<p>Por este motivo, blocos particulares, de associa\u00e7\u00f5es e entidades de classe que v\u00e3o desfilar por conta pr\u00f3pria na avenida sares Lopes, entre tr\u00eas da tarde e 11 da noite, dever\u00e3o encaminhar urgentemente of\u00edcio \u00e0 Secretaria de Turismo para ser integrado \u00e0 programa\u00e7\u00e3o.<\/p>\n<p>Esta ser\u00e1 a forma de garantir a ordem, a disciplina e a seguran\u00e7a no local do desfile. Outra observa\u00e7\u00e3o importante: os blocos dever\u00e3o marcar como ponto de concentra\u00e7\u00e3o a pr\u00f3pria avenida Soares Lopes.<\/p>\n<p>Os interessados devem procurar a Setur, no Pal\u00e1cio Paranagu\u00e1, para obter a libera\u00e7\u00e3o do desfile, atendendo \u00e0 determina\u00e7\u00e3o dos \u00f3rg\u00e3os de seguran\u00e7a. Sem esta autoriza\u00e7\u00e3o, n\u00e3o ser\u00e1 permitido o desfile.<\/p>\n<p>Mat\u00e9ria:F\u00e1bio Roberto<\/p>\n<\/div>\n","protected":false},"excerpt":{"rendered":"<p>Carnaval de Ilh\u00e9us cancelado pelo prefeito. Apesar da Prefeitura de Ilh\u00e9us ter optado pelo cancelamento do Carnaval deste ano, por medida de economia, o prefeito M\u00e1rio Alexandre vai disponibilizar servi\u00e7os p\u00fablicos que garantam o bem estar dos foli\u00f5es que queiram brincar na avenida. Por este motivo, blocos particulares, de associa\u00e7\u00f5es e entidades de classe que [&hellip;]<\/p>\n","protected":false},"author":2,"featured_media":0,"comment_status":"open","ping_status":"open","sticky":false,"template":"","format":"standard","meta":{"_links_to":"","_links_to_target":""},"categories":[7,9,8,1],"tags":[],"_links":{"self":[{"href":"https:\/\/www.ilheusnoticias.net.br\/v1\/wp-json\/wp\/v2\/posts\/12311"}],"collection":[{"href":"https:\/\/www.ilheusnoticias.net.br\/v1\/wp-json\/wp\/v2\/posts"}],"about":[{"href":"https:\/\/www.ilheusnoticias.net.br\/v1\/wp-json\/wp\/v2\/types\/post"}],"author":[{"embeddable":true,"href":"https:\/\/www.ilheusnoticias.net.br\/v1\/wp-json\/wp\/v2\/users\/2"}],"replies":[{"embeddable":true,"href":"https:\/\/www.ilheusnoticias.net.br\/v1\/wp-json\/wp\/v2\/comments?post=12311"}],"version-history":[{"count":1,"href":"https:\/\/www.ilheusnoticias.net.br\/v1\/wp-json\/wp\/v2\/posts\/12311\/revisions"}],"predecessor-version":[{"id":12312,"href":"https:\/\/www.ilheusnoticias.net.br\/v1\/wp-json\/wp\/v2\/posts\/12311\/revisions\/12312"}],"wp:attachment":[{"href":"https:\/\/www.ilheusnoticias.net.br\/v1\/wp-json\/wp\/v2\/media?parent=12311"}],"wp:term":[{"taxonomy":"category","embeddable":true,"href":"https:\/\/www.ilheusnoticias.net.br\/v1\/wp-json\/wp\/v2\/categories?post=12311"},{"taxonomy":"post_tag","embeddable":true,"href":"https:\/\/www.ilheusnoticias.net.br\/v1\/wp-json\/wp\/v2\/tags?post=12311"}],"curies":[{"name":"wp","href":"https:\/\/api.w.org\/{rel}","templated":true}]}}