{"id":12305,"date":"2018-02-01T17:11:03","date_gmt":"2018-02-01T20:11:03","guid":{"rendered":"http:\/\/www.ilheusnoticias.net.br\/v1\/?p=12305"},"modified":"2018-02-01T17:11:03","modified_gmt":"2018-02-01T20:11:03","slug":"rui-destaca-harmonia-entre-tres-poderes-na-posse-de-nova-mesa-gestora-do-tjba","status":"publish","type":"post","link":"https:\/\/www.ilheusnoticias.net.br\/v1\/2018\/02\/01\/rui-destaca-harmonia-entre-tres-poderes-na-posse-de-nova-mesa-gestora-do-tjba\/","title":{"rendered":"Rui destaca harmonia entre tr\u00eas poderes na posse de nova mesa gestora do TJBA"},"content":{"rendered":"<p><img loading=\"lazy\" class=\"\" src=\"https:\/\/attachment.outlook.office.net\/owa\/laudiceacarvalho62@hotmail.com\/service.svc\/s\/GetAttachmentThumbnail?id=AQMkADAwATYwMAItY2MANTgtODQxNC0wMAItMDAKAEYAAANqOYr2uMN4Qoz6pFp%2FhFoeBwAsxvM0hWqyT6EfSeQ8%2BPgA8AAAAgEMAAAALMbzNIVqsk%2BhH0nkPPj4APAAAWFuF9wAAAABEgAQADoJXfGCHsRGicTPEjrt8zA%3D&amp;thumbnailType=2&amp;X-OWA-CANARY=jtjP6NTggk23_-GpNEbjHZA20rWvadUYwlDg5ytSbPFCEl7CM2wkS-pvvcBhcbnvIKtx-QAzEJ0.&amp;token=eyJ0eXAiOiJKV1QiLCJhbGciOiJSUzI1NiIsIng1dCI6ImVuaDlCSnJWUFU1aWpWMXFqWmpWLWZMMmJjbyJ9.eyJ2ZXIiOiJFeGNoYW5nZS5DYWxsYmFjay5WMSIsImFwcGN0eHNlbmRlciI6Ik93YURvd25sb2FkQDg0ZGY5ZTdmLWU5ZjYtNDBhZi1iNDM1LWFhYWFhYWFhYWFhYSIsImFwcGN0eCI6IntcIm1zZXhjaHByb3RcIjpcIm93YVwiLFwicHJpbWFyeXNpZFwiOlwiUy0xLTI4MjctMzkzMjE2LTM0MjgzNTMwNDRcIixcInB1aWRcIjpcIjE2ODg4NTMyODg2MTY5ODBcIixcIm9pZFwiOlwiMDAwNjAwMDAtY2M1OC04NDE0LTAwMDAtMDAwMDAwMDAwMDAwXCIsXCJzY29wZVwiOlwiT3dhRG93bmxvYWRcIn0iLCJpc3MiOiIwMDAwMDAwMi0wMDAwLTBmZjEtY2UwMC0wMDAwMDAwMDAwMDBAODRkZjllN2YtZTlmNi00MGFmLWI0MzUtYWFhYWFhYWFhYWFhIiwiYXVkIjoiMDAwMDAwMDItMDAwMC0wZmYxLWNlMDAtMDAwMDAwMDAwMDAwL2F0dGFjaG1lbnQub3V0bG9vay5vZmZpY2UubmV0QDg0ZGY5ZTdmLWU5ZjYtNDBhZi1iNDM1LWFhYWFhYWFhYWFhYSIsImV4cCI6MTUxNzUxNjIwMiwibmJmIjoxNTE3NTE1NjAyfQ.Y9TenmrrAzsD8q5Y51x5Xb-c_ZYGXgym2w8XjBc-ujtIrXfpU53oMrqsmlce4zMcx1VZm84k8rMF7zpy9ZTqTFz2b2MLzed8FZKCGm0LNXOh7J43hiPxTLDzlKdMuzGMtp7_y94nTMb3LtIKmL9PNZhJwziNoV_GcCCqflharahefqVxryJWZQGSfQgdqumhdl3SPkW6S71eFpW6-CCGonwlyCqYJ2ScbRTCWM2_M5dLo6YRSwjqGazM1nzWEzIKMz3rbHXE9UeCaMVC5-9RxN483WJalLUYFDThHTX7ajVkZDq1THK8c_AoRa4nL1tIOoSHw-BjSGM_em7ZdaqZaw&amp;owa=outlook.live.com&amp;isc=1\" alt=\"\" width=\"508\" height=\"343\" \/><\/p>\n<p class=\"x_MsoNormal\">\n<p class=\"x_MsoNormal\">O governador Rui Costa participou, na manh\u00e3 desta quinta-feira (1\u00ba) da cerim\u00f4nia de posse da nova mesa diretora do Tribunal de Justi\u00e7a do Estado da Bahia (TJBA), no F\u00f3rum Ruy Barbosa, no Campo da P\u00f3lvora, em Salvador. A nova mesa diretora para o bi\u00eanio 2018-2020 \u00e9 formada pelos desembargadores Gesivaldo Britto (presidente), Augusto de Lima Bispo (1\u00ba vice-presidente), Maria da Gra\u00e7a Os\u00f3rio Pimentel (2\u00aa vice-presidente), Lisbete Maria Teixeira Almeida C\u00e9zar Santos (corregedora-geral da Justi\u00e7a), Salom\u00e3o Pinto Resed\u00e1 (corregedor das comarcas do interior).<\/p>\n<p class=\"x_MsoNormal\"><!--more--><\/p>\n<p class=\"x_MsoNormal\">\n<p class=\"x_MsoNormal\">O governador Rui Costa parabenizou. \u201cQuero desejar uma gest\u00e3o de sucesso ao desembargador Gesivaldo, e afirmo que, da parte do executivo, o que n\u00f3s esperamos \u00e9 aquele preceito constitucional, que diz que os poderes devem ser independentes, mas harm\u00f4nicos. E eu tenho que destacar que se a Bahia \u00e9 uma exce\u00e7\u00e3o \u00e0 regra nacional nas dificuldades financeiras e econ\u00f4micas e na crise que alguns estados sofrem, temos que creditar, tamb\u00e9m \u00e0 harmonia entre os poderes da Bahia. S\u00f3 tenho que agradecer e torcer pra que essa harmonia continue nessa pr\u00f3xima gest\u00e3o\u201d, afirmou o governador.<\/p>\n<p class=\"x_MsoNormal\">\n<p class=\"x_MsoNormal\">O novo presidente do TJBA, Gesivaldo Britto, falou dos desafios para a pr\u00f3xima gest\u00e3o e exaltou o apoio do Governo do Estado. \u201cNossa prioridade \u00e9 o servidor e o magistrado. O interior do estado est\u00e1 bastante sofrido com a falta de servidores, e n\u00f3s vamos lutar para prover as comarcas tanto de servidores quanto de magistrados. Estamos tamb\u00e9m com um projeto de desenvolvimento de tecnologias para a melhora do nosso trabalho, e com todo apoio do poder executivo. Todos trabalhamos para o bem da Bahia\u201d, afirmou.<\/p>\n<p class=\"x_MsoNormal\">\n<p class=\"x_MsoNormal\">A desembargadora Maria do Socorro disse estar feliz e realizada por ter sido gestora do Tribunal de Justi\u00e7a da Bahia &#8220;porque, dentro das nossas possibilidades, n\u00f3s atingimos todas as nossas metas&#8221;. Ela destacou a parceria com o Governo do Estado para que isso fosse poss\u00edvel. &#8220;N\u00f3s contamos sempre com o Governo do Estado, o governador Rui Costa, atrav\u00e9s da san\u00e7\u00e3o de leis, da boa vontade, da libera\u00e7\u00e3o de or\u00e7amentos dentro das possibilidades. E com isso, as institui\u00e7\u00f5es v\u00e3o trocando benef\u00edcios em prol do jurisdicionado&#8221;.<\/p>\n<p class=\"x_MsoNormal\">\n<p class=\"x_MsoNormal\">\n<p>&nbsp;<\/p>\n","protected":false},"excerpt":{"rendered":"<p>O governador Rui Costa participou, na manh\u00e3 desta quinta-feira (1\u00ba) da cerim\u00f4nia de posse da nova mesa diretora do Tribunal de Justi\u00e7a do Estado da Bahia (TJBA), no F\u00f3rum Ruy Barbosa, no Campo da P\u00f3lvora, em Salvador. A nova mesa diretora para o bi\u00eanio 2018-2020 \u00e9 formada pelos desembargadores Gesivaldo Britto (presidente), Augusto de Lima [&hellip;]<\/p>\n","protected":false},"author":2,"featured_media":0,"comment_status":"open","ping_status":"open","sticky":false,"template":"","format":"standard","meta":{"_links_to":"","_links_to_target":""},"categories":[7,9,8,1],"tags":[],"_links":{"self":[{"href":"https:\/\/www.ilheusnoticias.net.br\/v1\/wp-json\/wp\/v2\/posts\/12305"}],"collection":[{"href":"https:\/\/www.ilheusnoticias.net.br\/v1\/wp-json\/wp\/v2\/posts"}],"about":[{"href":"https:\/\/www.ilheusnoticias.net.br\/v1\/wp-json\/wp\/v2\/types\/post"}],"author":[{"embeddable":true,"href":"https:\/\/www.ilheusnoticias.net.br\/v1\/wp-json\/wp\/v2\/users\/2"}],"replies":[{"embeddable":true,"href":"https:\/\/www.ilheusnoticias.net.br\/v1\/wp-json\/wp\/v2\/comments?post=12305"}],"version-history":[{"count":1,"href":"https:\/\/www.ilheusnoticias.net.br\/v1\/wp-json\/wp\/v2\/posts\/12305\/revisions"}],"predecessor-version":[{"id":12306,"href":"https:\/\/www.ilheusnoticias.net.br\/v1\/wp-json\/wp\/v2\/posts\/12305\/revisions\/12306"}],"wp:attachment":[{"href":"https:\/\/www.ilheusnoticias.net.br\/v1\/wp-json\/wp\/v2\/media?parent=12305"}],"wp:term":[{"taxonomy":"category","embeddable":true,"href":"https:\/\/www.ilheusnoticias.net.br\/v1\/wp-json\/wp\/v2\/categories?post=12305"},{"taxonomy":"post_tag","embeddable":true,"href":"https:\/\/www.ilheusnoticias.net.br\/v1\/wp-json\/wp\/v2\/tags?post=12305"}],"curies":[{"name":"wp","href":"https:\/\/api.w.org\/{rel}","templated":true}]}}