{"id":12303,"date":"2018-02-01T17:08:55","date_gmt":"2018-02-01T20:08:55","guid":{"rendered":"http:\/\/www.ilheusnoticias.net.br\/v1\/?p=12303"},"modified":"2018-02-01T17:08:55","modified_gmt":"2018-02-01T20:08:55","slug":"prefeito-de-ilheus-e-recebido-pelo-governador-rui-costa","status":"publish","type":"post","link":"https:\/\/www.ilheusnoticias.net.br\/v1\/2018\/02\/01\/prefeito-de-ilheus-e-recebido-pelo-governador-rui-costa\/","title":{"rendered":"Prefeito de Ilh\u00e9us \u00e9 recebido pelo governador Rui Costa"},"content":{"rendered":"<p><img loading=\"lazy\" class=\"\" src=\"https:\/\/attachment.outlook.office.net\/owa\/laudiceacarvalho62@hotmail.com\/service.svc\/s\/GetAttachmentThumbnail?id=AQMkADAwATYwMAItY2MANTgtODQxNC0wMAItMDAKAEYAAANqOYr2uMN4Qoz6pFp%2FhFoeBwAsxvM0hWqyT6EfSeQ8%2BPgA8AAAAgEMAAAALMbzNIVqsk%2BhH0nkPPj4APAAAWFuF%2BQAAAABEgAQACkly4xdamoARqDVWL5QHcOD&amp;thumbnailType=2&amp;X-OWA-CANARY=HFrQ_lBb5ESrmIz68SgLbKCyYnCvadUYxoxRtfjH2ieQPTD9m7x6k_5OHwT9cySgHsoVxwCQZYA.&amp;token=eyJ0eXAiOiJKV1QiLCJhbGciOiJSUzI1NiIsIng1dCI6ImVuaDlCSnJWUFU1aWpWMXFqWmpWLWZMMmJjbyJ9.eyJ2ZXIiOiJFeGNoYW5nZS5DYWxsYmFjay5WMSIsImFwcGN0eHNlbmRlciI6Ik93YURvd25sb2FkQDg0ZGY5ZTdmLWU5ZjYtNDBhZi1iNDM1LWFhYWFhYWFhYWFhYSIsImFwcGN0eCI6IntcIm1zZXhjaHByb3RcIjpcIm93YVwiLFwicHJpbWFyeXNpZFwiOlwiUy0xLTI4MjctMzkzMjE2LTM0MjgzNTMwNDRcIixcInB1aWRcIjpcIjE2ODg4NTMyODg2MTY5ODBcIixcIm9pZFwiOlwiMDAwNjAwMDAtY2M1OC04NDE0LTAwMDAtMDAwMDAwMDAwMDAwXCIsXCJzY29wZVwiOlwiT3dhRG93bmxvYWRcIn0iLCJpc3MiOiIwMDAwMDAwMi0wMDAwLTBmZjEtY2UwMC0wMDAwMDAwMDAwMDBAODRkZjllN2YtZTlmNi00MGFmLWI0MzUtYWFhYWFhYWFhYWFhIiwiYXVkIjoiMDAwMDAwMDItMDAwMC0wZmYxLWNlMDAtMDAwMDAwMDAwMDAwL2F0dGFjaG1lbnQub3V0bG9vay5vZmZpY2UubmV0QDg0ZGY5ZTdmLWU5ZjYtNDBhZi1iNDM1LWFhYWFhYWFhYWFhYSIsImV4cCI6MTUxNzUxNjIwMiwibmJmIjoxNTE3NTE1NjAyfQ.Y9TenmrrAzsD8q5Y51x5Xb-c_ZYGXgym2w8XjBc-ujtIrXfpU53oMrqsmlce4zMcx1VZm84k8rMF7zpy9ZTqTFz2b2MLzed8FZKCGm0LNXOh7J43hiPxTLDzlKdMuzGMtp7_y94nTMb3LtIKmL9PNZhJwziNoV_GcCCqflharahefqVxryJWZQGSfQgdqumhdl3SPkW6S71eFpW6-CCGonwlyCqYJ2ScbRTCWM2_M5dLo6YRSwjqGazM1nzWEzIKMz3rbHXE9UeCaMVC5-9RxN483WJalLUYFDThHTX7ajVkZDq1THK8c_AoRa4nL1tIOoSHw-BjSGM_em7ZdaqZaw&amp;owa=outlook.live.com&amp;isc=1\" alt=\"\" width=\"501\" height=\"282\" \/><\/p>\n<p class=\"x_MsoNormal\" align=\"center\">\n<p class=\"x_MsoNormal\">\n<p class=\"x_MsoNormal\">O prefeito de Ilh\u00e9us, M\u00e1rio Alexandre, foi recebido ontem (31) \u00e0 tarde, em Salvador, pelo governador Rui Costa. Acompanhado dos deputados Paulo Magalh\u00e3es (federal) e \u00c2ngela Sousa (estadual), o prefeito tratou do andamento das principais a\u00e7\u00f5es e obras do governo do estado no munic\u00edpio, nas \u00e1reas de sa\u00fade, assist\u00eancia social e infraestrutura.<\/p>\n<p class=\"x_MsoNormal\">Tamb\u00e9m participaram da audi\u00eancia, os secret\u00e1rios municipais Bento Lima (Administra\u00e7\u00e3o), Hermano Fahning (Infraestrutura, Transporte e Tr\u00e2nsito), Elis\u00e2ngela Oliveira (Sa\u00fade) e Soane Galv\u00e3o (Desenvolvimento Social).<\/p>\n<p class=\"x_MsoNormal\"><!--more--><\/p>\n<p class=\"x_MsoNormal\">Dentre os temas debatidos neste encontro, destacou-se a libera\u00e7\u00e3o de novos recursos e o fortalecimento da parceria visando a melhoria do sistema p\u00fablico de Sa\u00fade. A medida inclui a reforma de Unidades de Sa\u00fade e a implanta\u00e7\u00e3o do Hospital Materno-Infantil.<\/p>\n<p class=\"x_MsoNormal\">O prefeito e o governador tamb\u00e9m conversaram sobre prazos para conclus\u00e3o de obras na cidade, a exemplo do saneamento b\u00e1sico da zona sul. \u201cEste di\u00e1logo \u00e9 importante, por que se traduz numa parceria que \u00e9 vitoriosa para a cidade e os seus habitantes\u201d, disse o prefeito. \u201cO governador \u00e9 parceiro da minha gest\u00e3o e um amigo incondicional de Ilh\u00e9us, uma amizade traduzida em compromisso e obras para a cidade\u201d, completou M\u00e1rio Alexandre.<\/p>\n<p class=\"x_MsoNormal\">\n","protected":false},"excerpt":{"rendered":"<p>O prefeito de Ilh\u00e9us, M\u00e1rio Alexandre, foi recebido ontem (31) \u00e0 tarde, em Salvador, pelo governador Rui Costa. Acompanhado dos deputados Paulo Magalh\u00e3es (federal) e \u00c2ngela Sousa (estadual), o prefeito tratou do andamento das principais a\u00e7\u00f5es e obras do governo do estado no munic\u00edpio, nas \u00e1reas de sa\u00fade, assist\u00eancia social e infraestrutura. Tamb\u00e9m participaram da [&hellip;]<\/p>\n","protected":false},"author":2,"featured_media":0,"comment_status":"open","ping_status":"open","sticky":false,"template":"","format":"standard","meta":{"_links_to":"","_links_to_target":""},"categories":[7,9,8,1],"tags":[],"_links":{"self":[{"href":"https:\/\/www.ilheusnoticias.net.br\/v1\/wp-json\/wp\/v2\/posts\/12303"}],"collection":[{"href":"https:\/\/www.ilheusnoticias.net.br\/v1\/wp-json\/wp\/v2\/posts"}],"about":[{"href":"https:\/\/www.ilheusnoticias.net.br\/v1\/wp-json\/wp\/v2\/types\/post"}],"author":[{"embeddable":true,"href":"https:\/\/www.ilheusnoticias.net.br\/v1\/wp-json\/wp\/v2\/users\/2"}],"replies":[{"embeddable":true,"href":"https:\/\/www.ilheusnoticias.net.br\/v1\/wp-json\/wp\/v2\/comments?post=12303"}],"version-history":[{"count":1,"href":"https:\/\/www.ilheusnoticias.net.br\/v1\/wp-json\/wp\/v2\/posts\/12303\/revisions"}],"predecessor-version":[{"id":12304,"href":"https:\/\/www.ilheusnoticias.net.br\/v1\/wp-json\/wp\/v2\/posts\/12303\/revisions\/12304"}],"wp:attachment":[{"href":"https:\/\/www.ilheusnoticias.net.br\/v1\/wp-json\/wp\/v2\/media?parent=12303"}],"wp:term":[{"taxonomy":"category","embeddable":true,"href":"https:\/\/www.ilheusnoticias.net.br\/v1\/wp-json\/wp\/v2\/categories?post=12303"},{"taxonomy":"post_tag","embeddable":true,"href":"https:\/\/www.ilheusnoticias.net.br\/v1\/wp-json\/wp\/v2\/tags?post=12303"}],"curies":[{"name":"wp","href":"https:\/\/api.w.org\/{rel}","templated":true}]}}