{"id":12287,"date":"2018-01-30T10:15:08","date_gmt":"2018-01-30T13:15:08","guid":{"rendered":"http:\/\/www.ilheusnoticias.net.br\/v1\/?p=12287"},"modified":"2018-01-30T10:15:56","modified_gmt":"2018-01-30T13:15:56","slug":"papocorreria-rui-conversa-ao-vivo-com-internautas-hoje-terca-feira","status":"publish","type":"post","link":"https:\/\/www.ilheusnoticias.net.br\/v1\/2018\/01\/30\/papocorreria-rui-conversa-ao-vivo-com-internautas-hoje-terca-feira\/","title":{"rendered":"#PapoCorreria: Rui conversa ao vivo com internautas hoje, ter\u00e7a-feira"},"content":{"rendered":"<p><a href=\"http:\/\/www.ilheusnoticias.net.br\/v1\/wp-content\/uploads\/2018\/01\/IMG-20180102-WA0065.jpg\" rel=\"attachment wp-att-11513\"><img loading=\"lazy\" class=\"aligncenter size-full wp-image-11513\" src=\"http:\/\/www.ilheusnoticias.net.br\/v1\/wp-content\/uploads\/2018\/01\/IMG-20180102-WA0065.jpg\" alt=\"IMG-20180102-WA0065.jpg\" width=\"512\" height=\"341\" srcset=\"https:\/\/www.ilheusnoticias.net.br\/v1\/wp-content\/uploads\/2018\/01\/IMG-20180102-WA0065.jpg 512w, https:\/\/www.ilheusnoticias.net.br\/v1\/wp-content\/uploads\/2018\/01\/IMG-20180102-WA0065-300x200.jpg 300w\" sizes=\"(max-width: 512px) 100vw, 512px\" \/><\/a><\/p>\n<p>A partir das 12h desta ter\u00e7a-feira (30), o governador Rui Costa antecipa algumas atra\u00e7\u00f5es e informa\u00e7\u00f5es do Carnaval de Salvador, que ser\u00e3o detalhadas em coletiva de imprensa \u00e0s 16h, no Pelourinho.<\/p>\n<p>Nesta edi\u00e7\u00e3o, o governador tamb\u00e9m fala de outros assuntos, como o Programa Primeiro Emprego, que completa 1 ano nesta ter\u00e7a, com 5.690 jovens inseridos no mercado de trabalho.<\/p>\n<p>O p\u00fablico pode assistir e participar do bate-papo na p\u00e1gina do governador Rui Costa no Facebook e no Twitter. O #PapoCorreria \u00e9 realizado semanalmente, sempre a partir das 12h das ter\u00e7as-feiras.<\/p>\n","protected":false},"excerpt":{"rendered":"<p>A partir das 12h desta ter\u00e7a-feira (30), o governador Rui Costa antecipa algumas atra\u00e7\u00f5es e informa\u00e7\u00f5es do Carnaval de Salvador, que ser\u00e3o detalhadas em coletiva de imprensa \u00e0s 16h, no Pelourinho. Nesta edi\u00e7\u00e3o, o governador tamb\u00e9m fala de outros assuntos, como o Programa Primeiro Emprego, que completa 1 ano nesta ter\u00e7a, com 5.690 jovens inseridos [&hellip;]<\/p>\n","protected":false},"author":2,"featured_media":0,"comment_status":"open","ping_status":"open","sticky":false,"template":"","format":"standard","meta":{"_links_to":"","_links_to_target":""},"categories":[7,9,8,1],"tags":[],"_links":{"self":[{"href":"https:\/\/www.ilheusnoticias.net.br\/v1\/wp-json\/wp\/v2\/posts\/12287"}],"collection":[{"href":"https:\/\/www.ilheusnoticias.net.br\/v1\/wp-json\/wp\/v2\/posts"}],"about":[{"href":"https:\/\/www.ilheusnoticias.net.br\/v1\/wp-json\/wp\/v2\/types\/post"}],"author":[{"embeddable":true,"href":"https:\/\/www.ilheusnoticias.net.br\/v1\/wp-json\/wp\/v2\/users\/2"}],"replies":[{"embeddable":true,"href":"https:\/\/www.ilheusnoticias.net.br\/v1\/wp-json\/wp\/v2\/comments?post=12287"}],"version-history":[{"count":2,"href":"https:\/\/www.ilheusnoticias.net.br\/v1\/wp-json\/wp\/v2\/posts\/12287\/revisions"}],"predecessor-version":[{"id":12289,"href":"https:\/\/www.ilheusnoticias.net.br\/v1\/wp-json\/wp\/v2\/posts\/12287\/revisions\/12289"}],"wp:attachment":[{"href":"https:\/\/www.ilheusnoticias.net.br\/v1\/wp-json\/wp\/v2\/media?parent=12287"}],"wp:term":[{"taxonomy":"category","embeddable":true,"href":"https:\/\/www.ilheusnoticias.net.br\/v1\/wp-json\/wp\/v2\/categories?post=12287"},{"taxonomy":"post_tag","embeddable":true,"href":"https:\/\/www.ilheusnoticias.net.br\/v1\/wp-json\/wp\/v2\/tags?post=12287"}],"curies":[{"name":"wp","href":"https:\/\/api.w.org\/{rel}","templated":true}]}}