{"id":12281,"date":"2018-01-30T09:52:05","date_gmt":"2018-01-30T12:52:05","guid":{"rendered":"http:\/\/www.ilheusnoticias.net.br\/v1\/?p=12281"},"modified":"2018-01-30T09:52:05","modified_gmt":"2018-01-30T12:52:05","slug":"matriculas-para-aprovados-na-primeira-chamada-do-sisu-comecam-hoje","status":"publish","type":"post","link":"https:\/\/www.ilheusnoticias.net.br\/v1\/2018\/01\/30\/matriculas-para-aprovados-na-primeira-chamada-do-sisu-comecam-hoje\/","title":{"rendered":"Matr\u00edculas para aprovados na primeira chamada do Sisu come\u00e7am hoje"},"content":{"rendered":"<div id=\"content-header\">\n<h1 class=\"title\"><\/h1>\n<\/div>\n<div id=\"content-area\">\n<div class=\"region region-content\">\n<div id=\"block-system-main\" class=\"block block-system block-odd clearfix\">\n<div class=\"content\">\n<article id=\"node-1106186\" class=\"node node-noticia node-odd\">\n<header>\n<div class=\"node-info\"><strong>Da Ag\u00eancia Brasil<\/strong><\/div>\n<\/header>\n<div class=\"content\">\n<figure class=\"teaser\"><img loading=\"lazy\" class=\"Image img__fid__116522 img__view_mode__teaser attr__format__teaser\" title=\"\" src=\"http:\/\/agenciabrasil.ebc.com.br\/sites\/_agenciabrasil2013\/files\/styles\/interna_grande\/public\/pagina_do_sisu_na_internet_-_agencia_brasil.jpg\" alt=\"P\u00e1gina do Sisu na internet - Ag\u00eancia Brasil\" width=\"580\" height=\"388\" \/><figcaption>P\u00e1gina do Sisu na internet &#8211;\u00a0<span class=\"author\">Ag\u00eancia Brasil<\/span><\/p>\n<\/figcaption><\/figure>\n<p>Os aprovados na primeira chamada do Sistema de Sele\u00e7\u00e3o Unificada (Sisu) devem procurar, a partir de hoje (30), as institui\u00e7\u00f5es escolhidas para a efetiva\u00e7\u00e3o da matr\u00edcula. O per\u00edodo de matr\u00edcula vai at\u00e9 7 de fevereiro.<\/p>\n<p>O Sisu \u00e9 o sistema informatizado do MEC, utilizado por institui\u00e7\u00f5es p\u00fablicas de educa\u00e7\u00e3o superior na oferta de vagas a estudantes, com base nas notas obtidas no Exame Nacional do Ensino M\u00e9dio (Enem).<\/p>\n<\/div>\n<\/article>\n<\/div>\n<\/div>\n<\/div>\n<\/div>\n","protected":false},"excerpt":{"rendered":"<p>Da Ag\u00eancia Brasil P\u00e1gina do Sisu na internet &#8211;\u00a0Ag\u00eancia Brasil Os aprovados na primeira chamada do Sistema de Sele\u00e7\u00e3o Unificada (Sisu) devem procurar, a partir de hoje (30), as institui\u00e7\u00f5es escolhidas para a efetiva\u00e7\u00e3o da matr\u00edcula. O per\u00edodo de matr\u00edcula vai at\u00e9 7 de fevereiro. O Sisu \u00e9 o sistema informatizado do MEC, utilizado por [&hellip;]<\/p>\n","protected":false},"author":2,"featured_media":0,"comment_status":"open","ping_status":"open","sticky":false,"template":"","format":"standard","meta":{"_links_to":"","_links_to_target":""},"categories":[7,9,8,1],"tags":[],"_links":{"self":[{"href":"https:\/\/www.ilheusnoticias.net.br\/v1\/wp-json\/wp\/v2\/posts\/12281"}],"collection":[{"href":"https:\/\/www.ilheusnoticias.net.br\/v1\/wp-json\/wp\/v2\/posts"}],"about":[{"href":"https:\/\/www.ilheusnoticias.net.br\/v1\/wp-json\/wp\/v2\/types\/post"}],"author":[{"embeddable":true,"href":"https:\/\/www.ilheusnoticias.net.br\/v1\/wp-json\/wp\/v2\/users\/2"}],"replies":[{"embeddable":true,"href":"https:\/\/www.ilheusnoticias.net.br\/v1\/wp-json\/wp\/v2\/comments?post=12281"}],"version-history":[{"count":1,"href":"https:\/\/www.ilheusnoticias.net.br\/v1\/wp-json\/wp\/v2\/posts\/12281\/revisions"}],"predecessor-version":[{"id":12282,"href":"https:\/\/www.ilheusnoticias.net.br\/v1\/wp-json\/wp\/v2\/posts\/12281\/revisions\/12282"}],"wp:attachment":[{"href":"https:\/\/www.ilheusnoticias.net.br\/v1\/wp-json\/wp\/v2\/media?parent=12281"}],"wp:term":[{"taxonomy":"category","embeddable":true,"href":"https:\/\/www.ilheusnoticias.net.br\/v1\/wp-json\/wp\/v2\/categories?post=12281"},{"taxonomy":"post_tag","embeddable":true,"href":"https:\/\/www.ilheusnoticias.net.br\/v1\/wp-json\/wp\/v2\/tags?post=12281"}],"curies":[{"name":"wp","href":"https:\/\/api.w.org\/{rel}","templated":true}]}}