{"id":12279,"date":"2018-01-30T09:50:41","date_gmt":"2018-01-30T12:50:41","guid":{"rendered":"http:\/\/www.ilheusnoticias.net.br\/v1\/?p=12279"},"modified":"2018-01-30T09:52:43","modified_gmt":"2018-01-30T12:52:43","slug":"quatro-suspeitos-de-integrar-quadrilha-de-roubo-a-banco-sao-presos-e-arma-da-pm-de-sp-e-apreendida-com-grupo","status":"publish","type":"post","link":"https:\/\/www.ilheusnoticias.net.br\/v1\/2018\/01\/30\/quatro-suspeitos-de-integrar-quadrilha-de-roubo-a-banco-sao-presos-e-arma-da-pm-de-sp-e-apreendida-com-grupo\/","title":{"rendered":"Quatro suspeitos de integrar quadrilha de roubo a banco s\u00e3o presos e arma da PM de SP \u00e9 apreendida com grupo"},"content":{"rendered":"<div class=\"row content-head\"><\/div>\n<div class=\"row content-share-bar\">\n<div class=\"column medium-centered medium-22 large-20 content-share-bar__container\">\n<div id=\"share-bar\" class=\"share-bar share-bar-container share-theme-minimal share-bar-container share-theme-minimal\" data-url=\"https:\/\/g1.globo.com\/ba\/bahia\/noticia\/quatro-suspeitos-de-integrar-quadrilha-de-roubo-a-banco-sao-presos-e-arma-da-pm-de-sp-e-apreendida-com-grupo.ghtml\" data-title=\"Quatro suspeitos de integrar quadrilha de roubo a banco s\u00e3o presos e arma da PM de SP \u00e9 apreendida com grupo\" data-image-url=\"https:\/\/s2.glbimg.com\/LIDHW9NUoah2RDAjgfYHFzy6Ijk=\/1200x\/smart\/filters:cover():strip_icc()\/i.s3.glbimg.com\/v1\/AUTH_59edd422c0c84a879bd37670ae4f538a\/internal_photos\/bs\/2018\/A\/e\/BA48zpTBuD5GqSjHUeAA\/presos-em-acao-da-policia-em-couto-soares.jpg\">Por G1 Ba<\/div>\n<\/div>\n<\/div>\n<div class=\"mc-article-body\">\n<article>\n<div class=\"mc-column content-media content-media--normal content-photo\" data-block-type=\"backstage-photo\" data-block-id=\"0\">\n<div class=\"content-media__container\">\n<div class=\"content-media__image-centered\">\n<div class=\"progressive-img can-open-lightbox\" data-min-size=\"1008x486\" data-min-size-url=\"https:\/\/s2.glbimg.com\/7-jOB0_AhA8NR5ClzMnN2_gADrg=\/0x0:1490x719\/1008x0\/smart\/filters:strip_icc()\/i.s3.glbimg.com\/v1\/AUTH_59edd422c0c84a879bd37670ae4f538a\/internal_photos\/bs\/2018\/A\/e\/BA48zpTBuD5GqSjHUeAA\/presos-em-acao-da-policia-em-couto-soares.jpg\" data-max-size=\"1600x772\" data-max-size-url=\"https:\/\/s2.glbimg.com\/6P-7Z-N5cYrMdjhJB8lWHPIWcaE=\/0x0:1490x719\/1600x0\/smart\/filters:strip_icc()\/i.s3.glbimg.com\/v1\/AUTH_59edd422c0c84a879bd37670ae4f538a\/internal_photos\/bs\/2018\/A\/e\/BA48zpTBuD5GqSjHUeAA\/presos-em-acao-da-policia-em-couto-soares.jpg\" data-media-index=\"0\"><img class=\"progressive-draft\" title=\"Quarteto \u00e9 preso durante a\u00e7\u00e3o da pol\u00edcia em Couto Soares (Foto: Divulga\u00e7\u00e3o\/SSP-BA)\" src=\"data:image\/jpeg;base64,\/9j\/4AAQSkZJRgABAQAAAQABAAD\/2wBDAAMCAgMCAgMDAwMEAwMEBQgFBQQEBQoHBwYIDAoMDAsKCwsNDhIQDQ4RDgsLEBYQERMUFRUVDA8XGBYUGBIUFRT\/2wBDAQMEBAUEBQkFBQkUDQsNFBQUFBQUFBQUFBQUFBQUFBQUFBQUFBQUFBQUFBQUFBQUFBQUFBQUFBQUFBQUFBQUFBT\/wgARCAAMABkDASIAAhEBAxEB\/8QAFgABAQEAAAAAAAAAAAAAAAAABgcD\/8QAFwEAAwEAAAAAAAAAAAAAAAAAAgMEBf\/aAAwDAQACEAMQAAABP4zxaoq2anCDMr\/\/xAAcEAACAgMBAQAAAAAAAAAAAAADBAIFAAEUERb\/2gAIAQEAAQUCp3+yQLA4pM2XqP0RMpGCSfuyb1GtcLonabP\/xAAZEQEAAgMAAAAAAAAAAAAAAAACABEBAzH\/2gAIAQMBAT8Bbrk1DCNqf\/\/EABoRAAEFAQAAAAAAAAAAAAAAAAIAAQMSIjH\/2gAIAQIBAT8BGOz6U2DcR4v\/xAAiEAACAgEDBAMAAAAAAAAAAAABAgADERIhMQQiMmEzgZH\/2gAIAQEABj8CsrezCAal298Sx9mJccLiNZ255GJ4D8M6dCx0gPt9yn3KkD4E+Qz\/xAAhEAEAAgIBAwUAAAAAAAAAAAABESEAMVEQQbFxgZGh8P\/aAAgBAQABPyGGJkV2kVPw4PC4KJdXww5G+n2u6PHRxCKM9UvJmuoSpG9Y\/QVK4e31n5DP\/9oADAMBAAIAAwAAABDCr\/\/EABsRAAICAwEAAAAAAAAAAAAAAAEhABExYYGR\/9oACAEDAQE\/EMkWqvG1uB4mfOT\/xAAdEQABBAIDAAAAAAAAAAAAAAABABEhMUFRYYGR\/9oACAECAQE\/EB6ku1nU48RGoqe++V\/\/xAAdEAEBAAMAAgMAAAAAAAAAAAABEQAhMRBBUdHx\/9oACAEBAAE\/EOaoI7WEUEnXshjXz4KrVcQKda26gvKTKhYLR6Ye0fDOwQJwKvndDv4wTLaeiSrgyvVbaCl6aZ+Z9M\/\/2Q==\" alt=\"Quarteto \u00e9 preso durante a\u00e7\u00e3o da pol\u00edcia em Couto Soares (Foto: Divulga\u00e7\u00e3o\/SSP-BA)\" \/><picture><img loading=\"lazy\" class=\"image content-media__image progressive-loaded\" title=\"Quarteto \u00e9 preso durante a\u00e7\u00e3o da pol\u00edcia em Couto Soares (Foto: Divulga\u00e7\u00e3o\/SSP-BA)\" src=\"https:\/\/s2.glbimg.com\/uVBFESO-QqiyQKxaeA_T86tmREY=\/0x0:1490x719\/984x0\/smart\/filters:strip_icc()\/i.s3.glbimg.com\/v1\/AUTH_59edd422c0c84a879bd37670ae4f538a\/internal_photos\/bs\/2018\/A\/e\/BA48zpTBuD5GqSjHUeAA\/presos-em-acao-da-policia-em-couto-soares.jpg\" alt=\"Quarteto \u00e9 preso durante a\u00e7\u00e3o da pol\u00edcia em Couto Soares (Foto: Divulga\u00e7\u00e3o\/SSP-BA)\" width=\"408\" height=\"197\" data-src=\"https:\/\/s2.glbimg.com\/uVBFESO-QqiyQKxaeA_T86tmREY=\/0x0:1490x719\/984x0\/smart\/filters:strip_icc()\/i.s3.glbimg.com\/v1\/AUTH_59edd422c0c84a879bd37670ae4f538a\/internal_photos\/bs\/2018\/A\/e\/BA48zpTBuD5GqSjHUeAA\/presos-em-acao-da-policia-em-couto-soares.jpg\" \/><\/picture><\/div>\n<div class=\"progressive-img can-open-lightbox\" data-min-size=\"1008x486\" data-min-size-url=\"https:\/\/s2.glbimg.com\/7-jOB0_AhA8NR5ClzMnN2_gADrg=\/0x0:1490x719\/1008x0\/smart\/filters:strip_icc()\/i.s3.glbimg.com\/v1\/AUTH_59edd422c0c84a879bd37670ae4f538a\/internal_photos\/bs\/2018\/A\/e\/BA48zpTBuD5GqSjHUeAA\/presos-em-acao-da-policia-em-couto-soares.jpg\" data-max-size=\"1600x772\" data-max-size-url=\"https:\/\/s2.glbimg.com\/6P-7Z-N5cYrMdjhJB8lWHPIWcaE=\/0x0:1490x719\/1600x0\/smart\/filters:strip_icc()\/i.s3.glbimg.com\/v1\/AUTH_59edd422c0c84a879bd37670ae4f538a\/internal_photos\/bs\/2018\/A\/e\/BA48zpTBuD5GqSjHUeAA\/presos-em-acao-da-policia-em-couto-soares.jpg\" data-media-index=\"0\"><\/div>\n<\/div>\n<div class=\"content-media__description-centered \">\n<p class=\"content-media__description\"><span class=\"content-media__description__caption\">Quarteto \u00e9 preso durante a\u00e7\u00e3o da pol\u00edcia em Couto Soares (Foto: Divulga\u00e7\u00e3o\/SSP-BA)<\/span><\/p>\n<p class=\"content-media__description\">Quatro pessoas suspeitas de integrar um grupo de roubos a banco, sequestros e exterm\u00ednios foram presas na \u00faltima segunda-feira (29), na cidade de Souto Soares, regi\u00e3o da Chapada Diamantina. Al\u00e9m disso, uma arma da Pol\u00edcia Militar de S\u00e3o Paulo foi apreendida com o grupo.<\/p>\n<\/div>\n<\/div>\n<\/div>\n<div class=\"mc-column content-text active-extra-styles \" data-block-type=\"unstyled\" data-block-weight=\"46\" data-block-id=\"3\">\n<p class=\"content-text__container \" data-track-category=\"Link no Texto\" data-track-links=\"\">De acordo com a Secretaria de Seguran\u00e7a P\u00fablica (SSP-BA), policiais receberam a informa\u00e7\u00e3o de que Leonardo Nascimento da Silva, o &#8220;L\u00e9o de Gameleira&#8221;, 29 anos, e \u00c9dipo da Silva Oliveira, mais conhecido como &#8220;Kinho&#8221;, 22 anos, integrantes da quadrilha, estavam na zona rural de Souto Soares.<\/p>\n<\/div>\n<div class=\"mc-column content-text active-extra-styles \" data-block-type=\"unstyled\" data-block-weight=\"66\" data-block-id=\"4\">\n<p class=\"content-text__container \" data-track-category=\"Link no Texto\" data-track-links=\"\">Os policiais montaram uma campana e descobriram a casa utilizada pela dupla. Na resid\u00eancia, al\u00e9m da arma da PM de SP, foram encontrados um rev\u00f3lver calibre 38, carregadores e 60 muni\u00e7\u00f5es dos calibres 9mm (uso restrito), ponto 40 e 38. No local, al\u00e9m de Leonardo e \u00c9dipo, estavam Carolaine Souza Alves, 18 anos, e D\u00e9bora Ang\u00e9lica de Ara\u00fajo Martins, 21, que tamb\u00e9m fazem parte do bando.<\/p>\n<\/div>\n<\/article>\n<\/div>\n<p class=\"content-text__container \" data-track-category=\"Link no Texto\" data-track-links=\"\"><!--more--><\/p>\n<div class=\"mc-article-body\">\n<article>\n<div data-track-category=\"fim do conteudo\" data-track-action=\"ultimo chunk conteudo\" data-track-noninteraction=\"false\" data-track-scroll=\"entrada completa viewport\">\n<div class=\"mc-column content-text active-extra-styles \" data-block-type=\"unstyled\" data-block-weight=\"24\" data-block-id=\"5\">\n<p class=\"content-text__container \" data-track-category=\"Link no Texto\" data-track-links=\"\">&#8220;Sabemos para quem eles trabalham e estamos trabalhando para chegarmos no l\u00edder da organiza\u00e7\u00e3o criminosa&#8221;, informou o comandante da Cipe Chapada, major Ricardo Passos.<\/p>\n<\/div>\n<\/div>\n<\/article>\n<div class=\"content-ads content-ads--outside-grid\" data-block-type=\"ads\" data-block-id=\"6\"><\/div>\n<\/div>\n","protected":false},"excerpt":{"rendered":"<p>Por G1 Ba Quarteto \u00e9 preso durante a\u00e7\u00e3o da pol\u00edcia em Couto Soares (Foto: Divulga\u00e7\u00e3o\/SSP-BA) Quatro pessoas suspeitas de integrar um grupo de roubos a banco, sequestros e exterm\u00ednios foram presas na \u00faltima segunda-feira (29), na cidade de Souto Soares, regi\u00e3o da Chapada Diamantina. Al\u00e9m disso, uma arma da Pol\u00edcia Militar de S\u00e3o Paulo foi [&hellip;]<\/p>\n","protected":false},"author":2,"featured_media":0,"comment_status":"open","ping_status":"open","sticky":false,"template":"","format":"standard","meta":{"_links_to":"","_links_to_target":""},"categories":[7,9,8,1,5],"tags":[],"_links":{"self":[{"href":"https:\/\/www.ilheusnoticias.net.br\/v1\/wp-json\/wp\/v2\/posts\/12279"}],"collection":[{"href":"https:\/\/www.ilheusnoticias.net.br\/v1\/wp-json\/wp\/v2\/posts"}],"about":[{"href":"https:\/\/www.ilheusnoticias.net.br\/v1\/wp-json\/wp\/v2\/types\/post"}],"author":[{"embeddable":true,"href":"https:\/\/www.ilheusnoticias.net.br\/v1\/wp-json\/wp\/v2\/users\/2"}],"replies":[{"embeddable":true,"href":"https:\/\/www.ilheusnoticias.net.br\/v1\/wp-json\/wp\/v2\/comments?post=12279"}],"version-history":[{"count":2,"href":"https:\/\/www.ilheusnoticias.net.br\/v1\/wp-json\/wp\/v2\/posts\/12279\/revisions"}],"predecessor-version":[{"id":12283,"href":"https:\/\/www.ilheusnoticias.net.br\/v1\/wp-json\/wp\/v2\/posts\/12279\/revisions\/12283"}],"wp:attachment":[{"href":"https:\/\/www.ilheusnoticias.net.br\/v1\/wp-json\/wp\/v2\/media?parent=12279"}],"wp:term":[{"taxonomy":"category","embeddable":true,"href":"https:\/\/www.ilheusnoticias.net.br\/v1\/wp-json\/wp\/v2\/categories?post=12279"},{"taxonomy":"post_tag","embeddable":true,"href":"https:\/\/www.ilheusnoticias.net.br\/v1\/wp-json\/wp\/v2\/tags?post=12279"}],"curies":[{"name":"wp","href":"https:\/\/api.w.org\/{rel}","templated":true}]}}