{"id":12277,"date":"2018-01-30T09:48:13","date_gmt":"2018-01-30T12:48:13","guid":{"rendered":"http:\/\/www.ilheusnoticias.net.br\/v1\/?p=12277"},"modified":"2018-01-30T09:48:13","modified_gmt":"2018-01-30T12:48:13","slug":"prouni-abre-consulta-para-vagas-de-bolsas-de-estudo-parciais-e-integrais","status":"publish","type":"post","link":"https:\/\/www.ilheusnoticias.net.br\/v1\/2018\/01\/30\/prouni-abre-consulta-para-vagas-de-bolsas-de-estudo-parciais-e-integrais\/","title":{"rendered":"Prouni abre consulta para vagas de bolsas de estudo parciais e integrais"},"content":{"rendered":"<div class=\"row content-head\"><\/div>\n<div class=\"row content-share-bar\">\n<div class=\"column medium-centered medium-22 large-20 content-share-bar__container\">\n<div id=\"share-bar\" class=\"share-bar share-bar-container share-theme-minimal share-bar-container share-theme-minimal\" data-url=\"https:\/\/g1.globo.com\/educacao\/noticia\/prouni-abre-consulta-para-vagas-de-bolsas-de-estudo-parciais-e-integrais.ghtml\" data-title=\"Prouni abre consulta para vagas de bolsas de estudo parciais e integrais\" data-image-url=\"https:\/\/s2.glbimg.com\/lNxsuHjSgFHsnKuy28iXXahMal0=\/1200x\/smart\/filters:cover():strip_icc()\/i.s3.glbimg.com\/v1\/AUTH_59edd422c0c84a879bd37670ae4f538a\/internal_photos\/bs\/2018\/T\/f\/lFFuvHQrCGHtAjnlOwmg\/prouni2018.jpg\">Por G1<\/div>\n<\/div>\n<\/div>\n<div class=\"mc-article-body\">\n<article>\n<div class=\"mc-column content-media content-media--normal  content-photo\" data-block-type=\"backstage-photo\" data-block-id=\"0\">\n<div class=\"content-media__container\">\n<div class=\"content-media__image-centered\">\n<div class=\"progressive-img can-open-lightbox\" data-min-size=\"1008x741\" data-min-size-url=\"https:\/\/s2.glbimg.com\/sLGcHD9IMCuin0nd9-CZzevL8JA=\/0x0:700x515\/1008x0\/smart\/filters:strip_icc()\/i.s3.glbimg.com\/v1\/AUTH_59edd422c0c84a879bd37670ae4f538a\/internal_photos\/bs\/2018\/T\/f\/lFFuvHQrCGHtAjnlOwmg\/prouni2018.jpg\" data-max-size=\"1600x1177\" data-max-size-url=\"https:\/\/s2.glbimg.com\/urKS8mLiJI4QEcu-9QwMjBPdMGY=\/0x0:700x515\/1600x0\/smart\/filters:strip_icc()\/i.s3.glbimg.com\/v1\/AUTH_59edd422c0c84a879bd37670ae4f538a\/internal_photos\/bs\/2018\/T\/f\/lFFuvHQrCGHtAjnlOwmg\/prouni2018.jpg\" data-media-index=\"0\"><img class=\"progressive-draft\" title=\"Site do Prouni j\u00e1 liberou a consulta para vagas em mais de 242 vagas de bolsas de estudo parciais e integrais (Foto: Reprodu\u00e7\u00e3o\/MEC)\" src=\"data:image\/jpeg;base64,\/9j\/4AAQSkZJRgABAQAAAQABAAD\/2wBDAAMCAgMCAgMDAwMEAwMEBQgFBQQEBQoHBwYIDAoMDAsKCwsNDhIQDQ4RDgsLEBYQERMUFRUVDA8XGBYUGBIUFRT\/2wBDAQMEBAUEBQkFBQkUDQsNFBQUFBQUFBQUFBQUFBQUFBQUFBQUFBQUFBQUFBQUFBQUFBQUFBQUFBQUFBQUFBQUFBT\/wgARCAASABkDASIAAhEBAxEB\/8QAGgAAAQUBAAAAAAAAAAAAAAAAAAIDBAUHBv\/EABcBAAMBAAAAAAAAAAAAAAAAAAACAwT\/2gAMAwEAAhADEAAAAezjbtC0Z81c0ySjqqQlW4WAf\/\/EACEQAAIBBAAHAAAAAAAAAAAAAAECAwAEBQYHERIXITIz\/9oACAEBAAEFAjoNhElpp+DnhHDzEo3bnFUU5pFD0KwIkqT5geE9a\/\/EABsRAAEEAwAAAAAAAAAAAAAAABMAAQIQESFR\/9oACAEDAQE\/ARNnSHDl\/wD\/xAAZEQACAwEAAAAAAAAAAAAAAAACEwABURD\/2gAIAQIBAT8BaW3Gnvf\/xAAiEAACAQIGAwEAAAAAAAAAAAABAgMAERATITFBURIzcZP\/2gAIAQEABj8CdnicpGpNsw0sjxFczZWla+9qsIHF+pmr0t+7U4NrHg14oAF6UaUunGDfMBh\/\/8QAIBAAAgIBAwUAAAAAAAAAAAAAAREAIUEQMaFhcYGx8P\/aAAgBAQABPyGoCLNANN+5ZNlSIsCRuMQBNAb0et9QyMB7waJ6UTwlHiRACwwr6R\/Kc9BJU4Wn\/9oADAMBAAIAAwAAABA3Pxz\/xAAaEQEAAQUAAAAAAAAAAAAAAAABEQAQYXGR\/9oACAEDAQE\/EFJADU1icv8A\/8QAGxEAAgEFAAAAAAAAAAAAAAAAAREAECFhcZH\/2gAIAQIBAT8QCrs2RM\/pr\/\/EACAQAQEAAgEDBQAAAAAAAAAAAAERACFhEDFBUYGRocH\/2gAIAQEAAT8Q2mYvqIIFp5ByY6rCBWe90WU4M4UATcvR5wa2ISSJWpxk4dQWS1gheDziMKDA2eiezk8\/LHFNP5OJZCw2nGfXdP\/Z\" alt=\"Site do Prouni j\u00e1 liberou a consulta para vagas em mais de 242 vagas de bolsas de estudo parciais e integrais (Foto: Reprodu\u00e7\u00e3o\/MEC)\" \/><picture><img loading=\"lazy\" class=\"image content-media__image progressive-loaded\" title=\"Site do Prouni j\u00e1 liberou a consulta para vagas em mais de 242 vagas de bolsas de estudo parciais e integrais (Foto: Reprodu\u00e7\u00e3o\/MEC)\" src=\"https:\/\/s2.glbimg.com\/ixd6Wfz1aZUCT-uAZPILBFbs3ec=\/0x0:700x515\/984x0\/smart\/filters:strip_icc()\/i.s3.glbimg.com\/v1\/AUTH_59edd422c0c84a879bd37670ae4f538a\/internal_photos\/bs\/2018\/T\/f\/lFFuvHQrCGHtAjnlOwmg\/prouni2018.jpg\" alt=\"Site do Prouni j\u00e1 liberou a consulta para vagas em mais de 242 vagas de bolsas de estudo parciais e integrais (Foto: Reprodu\u00e7\u00e3o\/MEC)\" width=\"544\" height=\"400\" data-src=\"https:\/\/s2.glbimg.com\/ixd6Wfz1aZUCT-uAZPILBFbs3ec=\/0x0:700x515\/984x0\/smart\/filters:strip_icc()\/i.s3.glbimg.com\/v1\/AUTH_59edd422c0c84a879bd37670ae4f538a\/internal_photos\/bs\/2018\/T\/f\/lFFuvHQrCGHtAjnlOwmg\/prouni2018.jpg\" \/><\/picture><\/div>\n<div class=\"progressive-img can-open-lightbox\" data-min-size=\"1008x741\" data-min-size-url=\"https:\/\/s2.glbimg.com\/sLGcHD9IMCuin0nd9-CZzevL8JA=\/0x0:700x515\/1008x0\/smart\/filters:strip_icc()\/i.s3.glbimg.com\/v1\/AUTH_59edd422c0c84a879bd37670ae4f538a\/internal_photos\/bs\/2018\/T\/f\/lFFuvHQrCGHtAjnlOwmg\/prouni2018.jpg\" data-max-size=\"1600x1177\" data-max-size-url=\"https:\/\/s2.glbimg.com\/urKS8mLiJI4QEcu-9QwMjBPdMGY=\/0x0:700x515\/1600x0\/smart\/filters:strip_icc()\/i.s3.glbimg.com\/v1\/AUTH_59edd422c0c84a879bd37670ae4f538a\/internal_photos\/bs\/2018\/T\/f\/lFFuvHQrCGHtAjnlOwmg\/prouni2018.jpg\" data-media-index=\"0\"><\/div>\n<\/div>\n<div class=\"content-media__description-centered \">\n<p class=\"content-media__description\"><span class=\"content-media__description__caption\">Site do Prouni j\u00e1 liberou a consulta para vagas em mais de 242 vagas de bolsas de estudo parciais e integrais (Foto: Reprodu\u00e7\u00e3o\/MEC)<\/span><\/p>\n<\/div>\n<\/div>\n<\/div>\n<div class=\"mc-column content-text active-extra-styles active-capital-letter\" data-block-type=\"unstyled\" data-block-weight=\"52\" data-block-id=\"2\">\n<p class=\"content-text__container theme-color-primary-first-letter\" data-track-category=\"Link no Texto\" data-track-links=\"\">O Minist\u00e9rio da Educa\u00e7\u00e3o liberou, na tarde desta segunda-feira (29), a consulta para vagas do Programa Universidade para Todos (Prouni) do primeiro semestre de 2018. O programa, que oferece bolsa de estudo parciais e integrais no ensino superior particulares, vai abrir as inscri\u00e7\u00f5es em 6 de fevereiro.\u00a0<a href=\"http:\/\/prouniportal.mec.gov.br\/legislacao\/legislacao-2018\/242-edital-n-2-de-11-de-janeiro-de-2018\/file\" target=\"_blank\">Clique para ler o edital<\/a><\/p>\n<\/div>\n<div class=\"mc-column content-text active-extra-styles \" data-block-type=\"unstyled\" data-block-weight=\"17\" data-block-id=\"3\">\n<p class=\"content-text__container \" data-track-category=\"Link no Texto\" data-track-links=\"\">A inscri\u00e7\u00e3o, que come\u00e7a no dia 6, dever\u00e1 ser feita via internet, no site do programa (<a href=\"http:\/\/prouniportal.mec.gov.br\/\" target=\"_blank\">http:\/\/prouniportal.mec.gov.br<\/a>).<\/p>\n<\/div>\n<div class=\"mc-column content-text active-extra-styles \" data-block-type=\"unstyled\" data-block-weight=\"33\" data-block-id=\"4\">\n<p class=\"content-text__container \" data-track-category=\"Link no Texto\" data-track-links=\"\">Neste semestre, o MEC vai oferecer 242.987 vagas em 2.976 institui\u00e7\u00f5es de ensino particulares. Dessas, 113.863 s\u00e3o bolsas de estudo integrais (37.604 para cursos a dist\u00e2ncia) e 129.124 s\u00e3o bolsas de estudo parciais.<\/p>\n<\/div>\n<div class=\"mc-column content-text active-extra-styles\" data-block-type=\"raw\" data-block-weight=\"1\" data-block-id=\"5\">\n<div class=\"content-intertitle\">\n<h2>Requisitos<\/h2>\n<\/div>\n<\/div>\n<\/article>\n<\/div>\n<p><!--more--><\/p>\n<div class=\"mc-article-body\">\n<article>\n<div class=\"mc-column content-text active-extra-styles \" data-block-type=\"unstyled\" data-block-weight=\"37\" data-block-id=\"6\">\n<p class=\"content-text__container \" data-track-category=\"Link no Texto\" data-track-links=\"\">t cursado o ensino m\u00e9dio completo em escola da rede p\u00fablica;superior e tenha feito o Exame Nacional do Ensino M\u00e9dio (Enem) de 2017. Al\u00e9m disso, o estudante precisa atender a pelo menos uma das condi\u00e7\u00f5es a seguir:<\/p>\n<\/div>\n<div class=\"mc-column content-text active-extra-styles\" data-block-type=\"raw\" data-block-weight=\"54\" data-block-id=\"7\">\n<ol class=\"content-ordered-list theme-ordered-list-color-primary\">\n<li>ter curseado o ensino m\u00e9dio completo em escola da rede p\u00fablica;<\/li>\n<li>ter cursado o ensino m\u00e9dio completo em escola privada, mas como bolsista integral;<\/li>\n<li>ter cursado o ensino m\u00e9dio parcialmente em escola da rede p\u00fablica e parcialmente em escola privada, mas como bolsista integral;<\/li>\n<li>ter alguma defici\u00eancia;<\/li>\n<li>ser professor da rede p\u00fablica de ensino.<\/li>\n<\/ol>\n<\/div>\n<div class=\"mc-column content-text active-extra-styles \" data-block-type=\"unstyled\" data-block-weight=\"56\" data-block-id=\"8\">\n<p class=\"content-text__container \" data-track-category=\"Link no Texto\" data-track-links=\"\">As bolsas integrais se destinam aos candidatos cuja renda familiar bruta mensal per capita n\u00e3o exceda 1,5 sal\u00e1rio m\u00ednimo. J\u00e1 as parciais s\u00e3o voltadas aos estudantes com renda familiar bruta mensal per capita inferior a tr\u00eas sal\u00e1rios m\u00ednimos. A inscri\u00e7\u00e3o inclui at\u00e9 duas op\u00e7\u00f5es de institui\u00e7\u00e3o, local de oferta, curso, turno e tipo de bolsa pretendida.<\/p>\n<\/div>\n<div class=\"mc-column content-text active-extra-styles\" data-block-type=\"raw\" data-block-weight=\"3\" data-block-id=\"9\">\n<div class=\"content-intertitle\">\n<h2>Calend\u00e1rio Prouni 2018<\/h2>\n<\/div>\n<\/div>\n<div data-track-category=\"fim do conteudo\" data-track-action=\"ultimo chunk conteudo\" data-track-noninteraction=\"false\" data-track-scroll=\"entrada completa viewport\">\n<div class=\"mc-column content-text active-extra-styles\" data-block-type=\"raw\" data-block-weight=\"47\" data-block-id=\"10\">\n<ul class=\"content-unordered-list\">\n<li>Abertura das inscri\u00e7\u00f5es: 6 de fevereiro<\/li>\n<li>Fim das inscri\u00e7\u00f5es: 9 de fevereiro<\/li>\n<li>Primeira chamada: 12 de fevereiro<\/li>\n<li>Segunda chamada: 2 de mar\u00e7o<\/li>\n<li>Manifesta\u00e7\u00e3o de interesse na lista de espera: entre 16 e 19 de mar\u00e7o<\/li>\n<li>Consulta das institui\u00e7\u00f5es \u00e0 lista de espera no sistema: 20 de mar\u00e7o<\/li>\n<\/ul>\n<\/div>\n<\/div>\n<\/article>\n<\/div>\n","protected":false},"excerpt":{"rendered":"<p>Por G1 Site do Prouni j\u00e1 liberou a consulta para vagas em mais de 242 vagas de bolsas de estudo parciais e integrais (Foto: Reprodu\u00e7\u00e3o\/MEC) O Minist\u00e9rio da Educa\u00e7\u00e3o liberou, na tarde desta segunda-feira (29), a consulta para vagas do Programa Universidade para Todos (Prouni) do primeiro semestre de 2018. O programa, que oferece bolsa [&hellip;]<\/p>\n","protected":false},"author":2,"featured_media":0,"comment_status":"open","ping_status":"open","sticky":false,"template":"","format":"standard","meta":{"_links_to":"","_links_to_target":""},"categories":[7,9,8,1],"tags":[],"_links":{"self":[{"href":"https:\/\/www.ilheusnoticias.net.br\/v1\/wp-json\/wp\/v2\/posts\/12277"}],"collection":[{"href":"https:\/\/www.ilheusnoticias.net.br\/v1\/wp-json\/wp\/v2\/posts"}],"about":[{"href":"https:\/\/www.ilheusnoticias.net.br\/v1\/wp-json\/wp\/v2\/types\/post"}],"author":[{"embeddable":true,"href":"https:\/\/www.ilheusnoticias.net.br\/v1\/wp-json\/wp\/v2\/users\/2"}],"replies":[{"embeddable":true,"href":"https:\/\/www.ilheusnoticias.net.br\/v1\/wp-json\/wp\/v2\/comments?post=12277"}],"version-history":[{"count":1,"href":"https:\/\/www.ilheusnoticias.net.br\/v1\/wp-json\/wp\/v2\/posts\/12277\/revisions"}],"predecessor-version":[{"id":12278,"href":"https:\/\/www.ilheusnoticias.net.br\/v1\/wp-json\/wp\/v2\/posts\/12277\/revisions\/12278"}],"wp:attachment":[{"href":"https:\/\/www.ilheusnoticias.net.br\/v1\/wp-json\/wp\/v2\/media?parent=12277"}],"wp:term":[{"taxonomy":"category","embeddable":true,"href":"https:\/\/www.ilheusnoticias.net.br\/v1\/wp-json\/wp\/v2\/categories?post=12277"},{"taxonomy":"post_tag","embeddable":true,"href":"https:\/\/www.ilheusnoticias.net.br\/v1\/wp-json\/wp\/v2\/tags?post=12277"}],"curies":[{"name":"wp","href":"https:\/\/api.w.org\/{rel}","templated":true}]}}