{"id":12267,"date":"2018-01-30T09:32:54","date_gmt":"2018-01-30T12:32:54","guid":{"rendered":"http:\/\/www.ilheusnoticias.net.br\/v1\/?p=12267"},"modified":"2018-01-30T09:32:54","modified_gmt":"2018-01-30T12:32:54","slug":"faculdade-de-ilheus-forma-a-primeira-turma-de-odontologia","status":"publish","type":"post","link":"https:\/\/www.ilheusnoticias.net.br\/v1\/2018\/01\/30\/faculdade-de-ilheus-forma-a-primeira-turma-de-odontologia\/","title":{"rendered":"Faculdade de Ilh\u00e9us forma a primeira turma de Odontologia"},"content":{"rendered":"<p><img loading=\"lazy\" class=\"\" src=\"https:\/\/attachment.outlook.office.net\/owa\/laudiceacarvalho62@hotmail.com\/service.svc\/s\/GetAttachmentThumbnail?id=AQMkADAwATYwMAItY2MANTgtODQxNC0wMAItMDAKAEYAAANqOYr2uMN4Qoz6pFp%2FhFoeBwAsxvM0hWqyT6EfSeQ8%2BPgA8AAAAgEMAAAALMbzNIVqsk%2BhH0nkPPj4APAAAV7DylsAAAABEgAQAHuRcvHmo6dJgFWuRXzf%2BxM%3D&amp;thumbnailType=2&amp;X-OWA-CANARY=MHmNDppuRUKctRwMGPvqK8Bt1UjdZ9UYwBof-9S6InbEnKCt0K0SNrPHfBqdQyT3vfU0misY9kw.&amp;token=eyJ0eXAiOiJKV1QiLCJhbGciOiJSUzI1NiIsIng1dCI6ImVuaDlCSnJWUFU1aWpWMXFqWmpWLWZMMmJjbyJ9.eyJ2ZXIiOiJFeGNoYW5nZS5DYWxsYmFjay5WMSIsImFwcGN0eHNlbmRlciI6Ik93YURvd25sb2FkQDg0ZGY5ZTdmLWU5ZjYtNDBhZi1iNDM1LWFhYWFhYWFhYWFhYSIsImFwcGN0eCI6IntcIm1zZXhjaHByb3RcIjpcIm93YVwiLFwicHJpbWFyeXNpZFwiOlwiUy0xLTI4MjctMzkzMjE2LTM0MjgzNTMwNDRcIixcInB1aWRcIjpcIjE2ODg4NTMyODg2MTY5ODBcIixcIm9pZFwiOlwiMDAwNjAwMDAtY2M1OC04NDE0LTAwMDAtMDAwMDAwMDAwMDAwXCIsXCJzY29wZVwiOlwiT3dhRG93bmxvYWRcIn0iLCJpc3MiOiIwMDAwMDAwMi0wMDAwLTBmZjEtY2UwMC0wMDAwMDAwMDAwMDBAODRkZjllN2YtZTlmNi00MGFmLWI0MzUtYWFhYWFhYWFhYWFhIiwiYXVkIjoiMDAwMDAwMDItMDAwMC0wZmYxLWNlMDAtMDAwMDAwMDAwMDAwL2F0dGFjaG1lbnQub3V0bG9vay5vZmZpY2UubmV0QDg0ZGY5ZTdmLWU5ZjYtNDBhZi1iNDM1LWFhYWFhYWFhYWFhYSIsImV4cCI6MTUxNzMxNTgxMywibmJmIjoxNTE3MzE1MjEzfQ.C5HvdX1D6hFyhCkVYiJAwdSHecNmHvTbWppE0ivXwwARHDdXxmXwXeYts-hkP2sqhWlC2NEtnCZGIayrB8YvJ-70PGjjCUXLgdE0dvDkRgT6tbvtgDepzchfUOh8BDHfMLq8EBG9LjBeD5buWHA-VuRoA977TPyDpj1a1R_GKHAJx_FkvIDxUGM4GjoPE7SyV0cZzDTq53CL0v6riZ59u1jjLS39ZLIB9qTGu-uHMoM6b496EN6IbgXOlV101WA4wzObJ24UAdEhTIqn7727Rrd6F-1EgyWcL6RoQ0a7Bk63c50g9YYgsujEseKaM_WmssiN35xSKymHqzK2xQFPug&amp;owa=outlook.live.com&amp;isc=1\" alt=\"\" width=\"406\" height=\"276\" \/><\/p>\n<p>&nbsp;<\/p>\n<p>Durante solenidade realizada no Centro de Conven\u00e7\u00f5es Luis Eduardo Magalh\u00e3es, na noite de s\u00e1bado, 27 de janeiro, a Faculdade de Ilh\u00e9us procedeu a cola\u00e7\u00e3o de grau da primeira turma de formandos do curso de Odontologia, que \u00e9 pioneiro na regi\u00e3o Litoral Sul at\u00e9 o Extremo Sul da Bahia. O diretor geral da institui\u00e7\u00e3o, Almir Milanesi, presidiu a gradua\u00e7\u00e3o dos 40 bachar\u00e9is em Odontologia, cuja turma foi denominada \u201cProfessor Doutor Jos\u00e9 Mondelli\u201d.<\/p>\n<p>A cerim\u00f4nia contou com a presen\u00e7a do vice-prefeito de Ilh\u00e9us, Jos\u00e9 Nazal Pacheco Soub, que representou o prefeito M\u00e1rio Alexandre, escolhido patrono da turma. Na mesa oficial estavam ainda a Diretora Acad\u00eamica da Faculdade, Sandra Maria Agrizzi Milanesi; o coordenador do Curso de Odontologia, professor F\u00e1bio Silveira de Souza; o paraninfo da turma, professor Helder Barreto Valiense; e o secret\u00e1rio Acad\u00eamico da institui\u00e7\u00e3o, Paulo C\u00e9sar Castro Xavier.<\/p>\n<p><!--more--><\/p>\n<p>O professor Yuri Santos Muniz, eleito Amigo da Turma 2017.2 de Odontologia, precedeu a entrada dos formandos no audit\u00f3rio Jorge Amado, que ficou completamente lotado. O orador da turma foi o formando Marc\u00edlio Luiz da Silva, que destacou o pioneirismo do curso. \u201cPara sermos pioneiros \u00e9 preciso experimentar. Fomos experimentados. Erros e acertos fazem parte do percurso. Por\u00e9m, essa turma que est\u00e1 se formando chega ao outro lado da margem, s\u00e3 e salva. Mais forte do que nunca\u201d, declarou.<\/p>\n<p>A formanda Stephanie Oliveira Bitencourt leu o requerimento de cola\u00e7\u00e3o de grau e D\u00e9bora de Carvalho Barbosa conduziu o juramento. Em seguida, com demonstra\u00e7\u00f5es de alegria e emo\u00e7\u00e3o, foi realizada a cerim\u00f4nia de outorga do grau de Bacharel em Odontologia. A turma ainda homenageou professores do curso e a funcion\u00e1ria da Faculdade, Luciana Santos Concei\u00e7\u00e3o.<\/p>\n<p>Abrang\u00eancia Regional \u2013 Na oportunidade, o diretor Almir Milanesi enfatizou o pioneirismo na implanta\u00e7\u00e3o do curso de Odontologia no munic\u00edpio e a sua abrang\u00eancia regional. \u201cIsso significou um ato de coragem e um grande desafio para a Faculdade de Ilh\u00e9us\u201d, disse. E salientou tamb\u00e9m a presta\u00e7\u00e3o gratuita de milhares de atendimentos odontol\u00f3gicos \u00e0 comunidade, atrav\u00e9s da Cl\u00ednica-Escola de Odontologia.<\/p>\n<p>Pioneiros \u2013 A primeira turma de bachar\u00e9is em Odontologia da Faculdade de Ilh\u00e9us \u00e9 forma por: Alessandra Crisse de Almeida Costa, Amanda Teixeira Mesquita Barbosa, Brenda Lee da Silva Virgens Saraiva, Brenda Oliveira Vila Nova, Caio Vin\u00edcius Oliveira Nunes, Camila Gon\u00e7alves Gomes, Camila Ninck Netto, Cristianne Handa, D\u00e9bora de Carvalho Barbosa, Fernanda da Silva Souza, Fernanda Oliveira S\u00e1, Fernando Henrique Hage Carvalho, Fl\u00e1via Gomes Neto Moreira, Francielle Silva Possid\u00f4nio, Ianna Gabrielle da Silva, Ilma de Souza Melhor, Iuri Cardoso dos Santos Sant&#8217;anna, Jo\u00e3o Gabriel Moitinho Pechir, Jo\u00e3o Vitor Lemos Pinheiro, Juarez Silva, Juliana Magnavita Vieira, Kayala Maria Macedo Figueiredo, La\u00eds Santos Mac\u00eado, Larissa Pereira Borges dos Santos, Leonardo Fontes Nascimento, Let\u00edcia Teles de Brito Souza, Lorena Moreira Costa Novaes, Luna Gon\u00e7alves Oliveira, Marc\u00edlio Luiz da Silva Santos, Maria Gianelli Dias Morais Miranda, Melissa Midori Fujioka, Nandalli Santos Lopes, Nanth\u00e1la Menezes Tavares Set\u00fabal, Natanael Oliveira Santana, Nelson Oliveira do Nascimento, Patr\u00edcia Andrade Queiroz, Ramille Ribeiro Santana, Sancha Maria Sampaio Borges, Stephanie Oliveira Bitencourt e Tha\u00eds Assun\u00e7\u00e3o Mesquita.<\/p>\n","protected":false},"excerpt":{"rendered":"<p>&nbsp; Durante solenidade realizada no Centro de Conven\u00e7\u00f5es Luis Eduardo Magalh\u00e3es, na noite de s\u00e1bado, 27 de janeiro, a Faculdade de Ilh\u00e9us procedeu a cola\u00e7\u00e3o de grau da primeira turma de formandos do curso de Odontologia, que \u00e9 pioneiro na regi\u00e3o Litoral Sul at\u00e9 o Extremo Sul da Bahia. O diretor geral da institui\u00e7\u00e3o, Almir [&hellip;]<\/p>\n","protected":false},"author":2,"featured_media":0,"comment_status":"open","ping_status":"open","sticky":false,"template":"","format":"standard","meta":{"_links_to":"","_links_to_target":""},"categories":[7,9,8,1],"tags":[],"_links":{"self":[{"href":"https:\/\/www.ilheusnoticias.net.br\/v1\/wp-json\/wp\/v2\/posts\/12267"}],"collection":[{"href":"https:\/\/www.ilheusnoticias.net.br\/v1\/wp-json\/wp\/v2\/posts"}],"about":[{"href":"https:\/\/www.ilheusnoticias.net.br\/v1\/wp-json\/wp\/v2\/types\/post"}],"author":[{"embeddable":true,"href":"https:\/\/www.ilheusnoticias.net.br\/v1\/wp-json\/wp\/v2\/users\/2"}],"replies":[{"embeddable":true,"href":"https:\/\/www.ilheusnoticias.net.br\/v1\/wp-json\/wp\/v2\/comments?post=12267"}],"version-history":[{"count":1,"href":"https:\/\/www.ilheusnoticias.net.br\/v1\/wp-json\/wp\/v2\/posts\/12267\/revisions"}],"predecessor-version":[{"id":12268,"href":"https:\/\/www.ilheusnoticias.net.br\/v1\/wp-json\/wp\/v2\/posts\/12267\/revisions\/12268"}],"wp:attachment":[{"href":"https:\/\/www.ilheusnoticias.net.br\/v1\/wp-json\/wp\/v2\/media?parent=12267"}],"wp:term":[{"taxonomy":"category","embeddable":true,"href":"https:\/\/www.ilheusnoticias.net.br\/v1\/wp-json\/wp\/v2\/categories?post=12267"},{"taxonomy":"post_tag","embeddable":true,"href":"https:\/\/www.ilheusnoticias.net.br\/v1\/wp-json\/wp\/v2\/tags?post=12267"}],"curies":[{"name":"wp","href":"https:\/\/api.w.org\/{rel}","templated":true}]}}