{"id":12265,"date":"2018-01-30T09:29:47","date_gmt":"2018-01-30T12:29:47","guid":{"rendered":"http:\/\/www.ilheusnoticias.net.br\/v1\/?p=12265"},"modified":"2018-01-30T09:29:47","modified_gmt":"2018-01-30T12:29:47","slug":"governo-apresenta-acao-de-apoio-aos-catadores-que-vao-atuar-no-carnaval","status":"publish","type":"post","link":"https:\/\/www.ilheusnoticias.net.br\/v1\/2018\/01\/30\/governo-apresenta-acao-de-apoio-aos-catadores-que-vao-atuar-no-carnaval\/","title":{"rendered":"Governo apresenta a\u00e7\u00e3o de apoio aos catadores que v\u00e3o atuar no Carnaval"},"content":{"rendered":"<p class=\"x_MsoNormal\" align=\"center\">\n<p class=\"x_MsoNormal\">O Governo do estado, por meio das secretarias do Trabalho, Emprego, Renda e Esporte (Setre), da Justi\u00e7a, Direitos Humanos e Desenvolvimento Social (SJDHDS) e de Meio Ambiente (Sema), apresenta nesta quarta-feira (31), na Pra\u00e7a Tereza Batista, no Pelourinho, a Opera\u00e7\u00e3o Carolina de Jesus.<\/p>\n<p class=\"x_MsoNormal\">Com investimento no valor de R$ 750 mil, a a\u00e7\u00e3o beneficia 1.500 catadores durante os sete dias de Carnaval. Eles v\u00e3o receber kits contendo camisa, cal\u00e7a, bota, luva e protetor auricular. Al\u00e9m disso, os catadores recebem \u00e1gua e refei\u00e7\u00f5es di\u00e1rias nas centrais de apoio, que funcionam na Ladeira da Montanha, Politeama, Barra, Ondina e Nordeste de Amaralina. Nessas centrais \u00e9 efetuada a compra do material coletado pelos trabalhadores avulsos, praticando pre\u00e7os justos.<\/p>\n<p class=\"x_MsoNormal\"><b>Carolina de Jesus<\/b><\/p>\n<p class=\"x_MsoNormal\">Carolina de Jesus \u00e9 considerada uma das primeiras e mais importantes escritoras negras do Brasil. A autora viveu boa parte de sua vida na favela do Canind\u00e9, na zona norte de S\u00e3o Paulo, sustentando a si mesma e seus tr\u00eas filhos como catadora de pap\u00e9is.<\/p>\n<p class=\"x_MsoNormal\">Ao mesmo tempo em que trabalhava como catadora de lixo, registrava o cotidiano da comunidade onde morava nos cadernos que encontrava no lixo, os quais somavam mais de vinte. Um destes cadernos, um di\u00e1rio que havia come\u00e7ado em 1955, deu origem ao seu livro mais famoso, Quarto de Despejo: Di\u00e1rio de uma Favelada, publicado em 1960.<\/p>\n","protected":false},"excerpt":{"rendered":"<p>O Governo do estado, por meio das secretarias do Trabalho, Emprego, Renda e Esporte (Setre), da Justi\u00e7a, Direitos Humanos e Desenvolvimento Social (SJDHDS) e de Meio Ambiente (Sema), apresenta nesta quarta-feira (31), na Pra\u00e7a Tereza Batista, no Pelourinho, a Opera\u00e7\u00e3o Carolina de Jesus. Com investimento no valor de R$ 750 mil, a a\u00e7\u00e3o beneficia 1.500 [&hellip;]<\/p>\n","protected":false},"author":2,"featured_media":0,"comment_status":"open","ping_status":"open","sticky":false,"template":"","format":"standard","meta":{"_links_to":"","_links_to_target":""},"categories":[7,9,8,1],"tags":[],"_links":{"self":[{"href":"https:\/\/www.ilheusnoticias.net.br\/v1\/wp-json\/wp\/v2\/posts\/12265"}],"collection":[{"href":"https:\/\/www.ilheusnoticias.net.br\/v1\/wp-json\/wp\/v2\/posts"}],"about":[{"href":"https:\/\/www.ilheusnoticias.net.br\/v1\/wp-json\/wp\/v2\/types\/post"}],"author":[{"embeddable":true,"href":"https:\/\/www.ilheusnoticias.net.br\/v1\/wp-json\/wp\/v2\/users\/2"}],"replies":[{"embeddable":true,"href":"https:\/\/www.ilheusnoticias.net.br\/v1\/wp-json\/wp\/v2\/comments?post=12265"}],"version-history":[{"count":1,"href":"https:\/\/www.ilheusnoticias.net.br\/v1\/wp-json\/wp\/v2\/posts\/12265\/revisions"}],"predecessor-version":[{"id":12266,"href":"https:\/\/www.ilheusnoticias.net.br\/v1\/wp-json\/wp\/v2\/posts\/12265\/revisions\/12266"}],"wp:attachment":[{"href":"https:\/\/www.ilheusnoticias.net.br\/v1\/wp-json\/wp\/v2\/media?parent=12265"}],"wp:term":[{"taxonomy":"category","embeddable":true,"href":"https:\/\/www.ilheusnoticias.net.br\/v1\/wp-json\/wp\/v2\/categories?post=12265"},{"taxonomy":"post_tag","embeddable":true,"href":"https:\/\/www.ilheusnoticias.net.br\/v1\/wp-json\/wp\/v2\/tags?post=12265"}],"curies":[{"name":"wp","href":"https:\/\/api.w.org\/{rel}","templated":true}]}}