{"id":12263,"date":"2018-01-30T09:24:06","date_gmt":"2018-01-30T12:24:06","guid":{"rendered":"http:\/\/www.ilheusnoticias.net.br\/v1\/?p=12263"},"modified":"2018-01-30T09:24:06","modified_gmt":"2018-01-30T12:24:06","slug":"prefeito-de-ilheus-prioriza-acoes-na-saude-e-cancela-o-carnaval","status":"publish","type":"post","link":"https:\/\/www.ilheusnoticias.net.br\/v1\/2018\/01\/30\/prefeito-de-ilheus-prioriza-acoes-na-saude-e-cancela-o-carnaval\/","title":{"rendered":"Prefeito de Ilh\u00e9us prioriza a\u00e7\u00f5es  na Sa\u00fade e cancela o Carnaval"},"content":{"rendered":"<p><img loading=\"lazy\" class=\"\" src=\"https:\/\/attachment.outlook.office.net\/owa\/laudiceacarvalho62@hotmail.com\/service.svc\/s\/GetAttachmentThumbnail?id=AQMkADAwATYwMAItY2MANTgtODQxNC0wMAItMDAKAEYAAANqOYr2uMN4Qoz6pFp%2FhFoeBwAsxvM0hWqyT6EfSeQ8%2BPgA8AAAAgEMAAAALMbzNIVqsk%2BhH0nkPPj4APAAAV7DyiEAAAABEgAQANKRG3KnGutDuntRLkVi0HM%3D&amp;thumbnailType=2&amp;X-OWA-CANARY=1IzPviqGwkuDpoB4e9mv2pAPjxLcZ9UY-7JigLW3Flpyq-WgQw3Q5-hjEuNLs918DEMWHi8uxHs.&amp;token=eyJ0eXAiOiJKV1QiLCJhbGciOiJSUzI1NiIsIng1dCI6ImVuaDlCSnJWUFU1aWpWMXFqWmpWLWZMMmJjbyJ9.eyJ2ZXIiOiJFeGNoYW5nZS5DYWxsYmFjay5WMSIsImFwcGN0eHNlbmRlciI6Ik93YURvd25sb2FkQDg0ZGY5ZTdmLWU5ZjYtNDBhZi1iNDM1LWFhYWFhYWFhYWFhYSIsImFwcGN0eCI6IntcIm1zZXhjaHByb3RcIjpcIm93YVwiLFwicHJpbWFyeXNpZFwiOlwiUy0xLTI4MjctMzkzMjE2LTM0MjgzNTMwNDRcIixcInB1aWRcIjpcIjE2ODg4NTMyODg2MTY5ODBcIixcIm9pZFwiOlwiMDAwNjAwMDAtY2M1OC04NDE0LTAwMDAtMDAwMDAwMDAwMDAwXCIsXCJzY29wZVwiOlwiT3dhRG93bmxvYWRcIn0iLCJpc3MiOiIwMDAwMDAwMi0wMDAwLTBmZjEtY2UwMC0wMDAwMDAwMDAwMDBAODRkZjllN2YtZTlmNi00MGFmLWI0MzUtYWFhYWFhYWFhYWFhIiwiYXVkIjoiMDAwMDAwMDItMDAwMC0wZmYxLWNlMDAtMDAwMDAwMDAwMDAwL2F0dGFjaG1lbnQub3V0bG9vay5vZmZpY2UubmV0QDg0ZGY5ZTdmLWU5ZjYtNDBhZi1iNDM1LWFhYWFhYWFhYWFhYSIsImV4cCI6MTUxNzMxNTM5NiwibmJmIjoxNTE3MzE0Nzk2fQ.kA3_M0LVawe6GDw8eNs1Tuhb6eXSFx8T0Yq5eGhBOI7iAGluyKz4PT7S6Up31KZra6PVpSYCvVUXpFGEi1R7cYkE8GlybVBBLdlU2XdnezzSn44dbwwyOsmzLhrgJMYIFf83pb4N211wa9_bJqt--tQTYvgq_euK1qnLcWfGehfN2j5_HZFH93BLSKjIYQzPRZfFL5CLpA5IMVfOyOtoxF4jAlPlkaOBqRUQ3bP0XOvWdyj4DOXwlcD5dzu5nCN6louqfT-mQT866L-Bud1hHFUMbXjL-EEjHnCThxW6bkVdyKuhpIURqjYQqnh0FTvT7_0J2Eroa5e1ZNlXzTIymQ&amp;owa=outlook.live.com&amp;isc=1\" alt=\"\" width=\"364\" height=\"205\" \/><\/p>\n<div>\n<p class=\"x_MsoNormal\">O Carnaval Cultural de Ilh\u00e9us, previsto para acontecer de 10 a 13 de fevereiro, est\u00e1 cancelado. O an\u00fancio oficial foi feito h\u00e1 pouco, em Salvador, pelo prefeito M\u00e1rio Alexandre, durante sua participa\u00e7\u00e3o no evento \u201cInternet para Todos\u201d, do programa Cidade Digital, que contou com as presen\u00e7as do ministro da Ci\u00eancia, Tecnologia, Inova\u00e7\u00f5es e Comunica\u00e7\u00f5es, Gilberto Kassab, e do senador baiano Oto Alencar, na sede da Uni\u00e3o das Prefeituras da Bahia (UPB), no Centro Administrativo da Bahia.<\/p>\n<p class=\"x_MsoNormal\">Apesar de reconhecer a import\u00e2ncia da festa mais popular do Brasil para uma cidade com voca\u00e7\u00e3o tur\u00edstica como Ilh\u00e9us, o prefeito justificou a sua decis\u00e3o considerando que o momento de crise nacional requer total responsabilidade e os &#8220;p\u00e9s no ch\u00e3o&#8221; dos gestores municipais. M\u00e1rio Alexandre disse que iniciou o ano de 2018 com o sequestro por parte da Receita Federal de 4 milh\u00f5es e meio de reais dos cofres p\u00fablicos, al\u00e9m da suspens\u00e3o do repasse de recursos previsto do governo federal para os munic\u00edpios.\u00a0\u00a0\u201cDiante disso e da necessidade de focar na melhoria da sa\u00fade, cuja meta do governo municipal \u00e9 atingir por volta de 60 por cento de aten\u00e7\u00e3o b\u00e1sica ainda este ano, decidi pelo cancelamento do Carnaval\u201d, falou aos jornalistas.<\/p>\n<\/div>\n<p class=\"x_MsoNormal\"><!--more--><\/p>\n<div>\n<p class=\"x_MsoNormal\">Durante o an\u00fancio da sua decis\u00e3o, o prefeito informou, entretanto, que a Prefeitura vai assegurar aos foli\u00f5es que desejarem se divertir na avenida Soares Lopes \u2013 local onde seria realizada a festa \u2013 servi\u00e7os que garantam a seguran\u00e7a da popula\u00e7\u00e3o, a exemplo da presen\u00e7a de equipes da Superintend\u00eancia Municipal de Tr\u00e2nsito (Sutran), Guarda Civil Municipal, Pol\u00edcia Militar, Assist\u00eancia Emergencial \u00e0 sa\u00fade, dentre outros.<\/p>\n<p class=\"x_MsoNormal\">M\u00e1rio Alexandre lembrou que durante o ano passado, mesmo diante da grave crise nacional sentida por todos os brasileiros, ainda foram poss\u00edveis importantes conquistas e realiza\u00e7\u00f5es do governo municipal. Destacou o acordo que garantiu o reajuste dos servidores (congelado h\u00e1 mais de cinco anos), a execu\u00e7\u00e3o de obras como pavimenta\u00e7\u00e3o de ruas e requalifica\u00e7\u00e3o de dez escolas municipais, aquisi\u00e7\u00e3o de equipamentos para prefeitura, manuten\u00e7\u00e3o rigorosa dos servi\u00e7os essenciais e a realiza\u00e7\u00e3o de grandes eventos que movimentaram o turismo \u2013 como o carnaval antecipado, festejos do anivers\u00e1rio de Ilh\u00e9us, al\u00e9m do maior r\u00e9veillon popular do sul da Bahia.<\/p>\n<p class=\"x_MsoNormal\">\u201cTerminamos o ano com o d\u00e9cimo terceiro sal\u00e1rio pago rigorosamente em dia. Muitos munic\u00edpios n\u00e3o conseguiram cumprir e sequer t\u00eam previs\u00e3o de faz\u00ea-lo\u201d, afirmou. Acabamos de contratar mais 20 m\u00e9dicos para melhorar o atendimento\u00a0\u00a0\u00e0 popula\u00e7\u00e3o. Estamos comprometidos e vamos\u00a0\u00a0continuar fomentando o turismo de Ilh\u00e9us com realiza\u00e7\u00e3o e apoio de grandes eventos, resgatando os valores culturais e preservando as tradi\u00e7\u00f5es da nossa gente. Mas este ano o nosso maior investimento ser\u00e1 na reestrutura\u00e7\u00e3o da sa\u00fade\u201d, garantiu.<\/p>\n<\/div>\n<p>&nbsp;<\/p>\n","protected":false},"excerpt":{"rendered":"<p>O Carnaval Cultural de Ilh\u00e9us, previsto para acontecer de 10 a 13 de fevereiro, est\u00e1 cancelado. O an\u00fancio oficial foi feito h\u00e1 pouco, em Salvador, pelo prefeito M\u00e1rio Alexandre, durante sua participa\u00e7\u00e3o no evento \u201cInternet para Todos\u201d, do programa Cidade Digital, que contou com as presen\u00e7as do ministro da Ci\u00eancia, Tecnologia, Inova\u00e7\u00f5es e Comunica\u00e7\u00f5es, Gilberto [&hellip;]<\/p>\n","protected":false},"author":2,"featured_media":0,"comment_status":"open","ping_status":"open","sticky":false,"template":"","format":"standard","meta":{"_links_to":"","_links_to_target":""},"categories":[7,9,8,1],"tags":[],"_links":{"self":[{"href":"https:\/\/www.ilheusnoticias.net.br\/v1\/wp-json\/wp\/v2\/posts\/12263"}],"collection":[{"href":"https:\/\/www.ilheusnoticias.net.br\/v1\/wp-json\/wp\/v2\/posts"}],"about":[{"href":"https:\/\/www.ilheusnoticias.net.br\/v1\/wp-json\/wp\/v2\/types\/post"}],"author":[{"embeddable":true,"href":"https:\/\/www.ilheusnoticias.net.br\/v1\/wp-json\/wp\/v2\/users\/2"}],"replies":[{"embeddable":true,"href":"https:\/\/www.ilheusnoticias.net.br\/v1\/wp-json\/wp\/v2\/comments?post=12263"}],"version-history":[{"count":1,"href":"https:\/\/www.ilheusnoticias.net.br\/v1\/wp-json\/wp\/v2\/posts\/12263\/revisions"}],"predecessor-version":[{"id":12264,"href":"https:\/\/www.ilheusnoticias.net.br\/v1\/wp-json\/wp\/v2\/posts\/12263\/revisions\/12264"}],"wp:attachment":[{"href":"https:\/\/www.ilheusnoticias.net.br\/v1\/wp-json\/wp\/v2\/media?parent=12263"}],"wp:term":[{"taxonomy":"category","embeddable":true,"href":"https:\/\/www.ilheusnoticias.net.br\/v1\/wp-json\/wp\/v2\/categories?post=12263"},{"taxonomy":"post_tag","embeddable":true,"href":"https:\/\/www.ilheusnoticias.net.br\/v1\/wp-json\/wp\/v2\/tags?post=12263"}],"curies":[{"name":"wp","href":"https:\/\/api.w.org\/{rel}","templated":true}]}}