{"id":12261,"date":"2018-01-30T09:18:29","date_gmt":"2018-01-30T12:18:29","guid":{"rendered":"http:\/\/www.ilheusnoticias.net.br\/v1\/?p=12261"},"modified":"2018-01-30T09:18:29","modified_gmt":"2018-01-30T12:18:29","slug":"rui-participa-da-inauguracao-de-novo-modulo-do-forum-de-itabuna","status":"publish","type":"post","link":"https:\/\/www.ilheusnoticias.net.br\/v1\/2018\/01\/30\/rui-participa-da-inauguracao-de-novo-modulo-do-forum-de-itabuna\/","title":{"rendered":"Rui participa da inaugura\u00e7\u00e3o de novo m\u00f3dulo do f\u00f3rum de Itabuna"},"content":{"rendered":"<p><img loading=\"lazy\" class=\"\" src=\"https:\/\/attachment.outlook.office.net\/owa\/laudiceacarvalho62@hotmail.com\/service.svc\/s\/GetAttachmentThumbnail?id=AQMkADAwATYwMAItY2MANTgtODQxNC0wMAItMDAKAEYAAANqOYr2uMN4Qoz6pFp%2FhFoeBwAsxvM0hWqyT6EfSeQ8%2BPgA8AAAAgEMAAAALMbzNIVqsk%2BhH0nkPPj4APAAAV7DyiYAAAABEgAQABiaxjryjWxLr%2BKwanU%2FcDA%3D&amp;thumbnailType=2&amp;X-OWA-CANARY=i74FNuWG90iYNWuJOpzfxBAGBjrbZ9UYnFm6p9jrIpE_9A5PED4CqWqakOu_mAHHRa_O_3IcCUE.&amp;token=eyJ0eXAiOiJKV1QiLCJhbGciOiJSUzI1NiIsIng1dCI6ImVuaDlCSnJWUFU1aWpWMXFqWmpWLWZMMmJjbyJ9.eyJ2ZXIiOiJFeGNoYW5nZS5DYWxsYmFjay5WMSIsImFwcGN0eHNlbmRlciI6Ik93YURvd25sb2FkQDg0ZGY5ZTdmLWU5ZjYtNDBhZi1iNDM1LWFhYWFhYWFhYWFhYSIsImFwcGN0eCI6IntcIm1zZXhjaHByb3RcIjpcIm93YVwiLFwicHJpbWFyeXNpZFwiOlwiUy0xLTI4MjctMzkzMjE2LTM0MjgzNTMwNDRcIixcInB1aWRcIjpcIjE2ODg4NTMyODg2MTY5ODBcIixcIm9pZFwiOlwiMDAwNjAwMDAtY2M1OC04NDE0LTAwMDAtMDAwMDAwMDAwMDAwXCIsXCJzY29wZVwiOlwiT3dhRG93bmxvYWRcIn0iLCJpc3MiOiIwMDAwMDAwMi0wMDAwLTBmZjEtY2UwMC0wMDAwMDAwMDAwMDBAODRkZjllN2YtZTlmNi00MGFmLWI0MzUtYWFhYWFhYWFhYWFhIiwiYXVkIjoiMDAwMDAwMDItMDAwMC0wZmYxLWNlMDAtMDAwMDAwMDAwMDAwL2F0dGFjaG1lbnQub3V0bG9vay5vZmZpY2UubmV0QDg0ZGY5ZTdmLWU5ZjYtNDBhZi1iNDM1LWFhYWFhYWFhYWFhYSIsImV4cCI6MTUxNzMxNTA5NCwibmJmIjoxNTE3MzE0NDk0fQ.Hlj9BuOcdZdeTK3l0-y17_oif0nZZ7xCatb6h8co9cIASbmbtTAUUO8wk6CWYCEvsVcDOeR5r5tMiznOxfgRUZdkiLwElQCwwRdsu8x9BSd8e0ygsG490nlxgsBhn8E74-5PMWwpP5douwVWn5dJ3-aJkpuzruPWqkzFjXbb9nbSw5ErvDvhFzWrBhiCLANpAyNc5cHW7W1FiK9WxGLBI4bTLU2L1Xm_1w71Ia9BMxU0938d2yWlTgF0TskWQCFTWSj0zM29yFRqs3I12RE75bzmHHjg7F4paPWYYZiOZpI7YcaRtL2m8BjzTmfjrLqTN2k4i_vMPNRQpzJUpzccHA&amp;owa=outlook.live.com&amp;isc=1\" alt=\"\" width=\"509\" height=\"339\" \/><\/p>\n<div><\/div>\n<div><\/div>\n<div>A amplia\u00e7\u00e3o do F\u00f3rum de Itabuna, no sul da Bahia, foi entregue \u00e0 popula\u00e7\u00e3o na tarde desta segunda-feira (29). O governador Rui Costa participou da solenidade de inaugura\u00e7\u00e3o ao lado da presidente do Tribunal de Justi\u00e7a da Bahia (TJBA), Maria do Socorro Barreto Santiago.<\/div>\n<div><\/div>\n<div>\u201cAcho que nunca foi t\u00e3o necess\u00e1rio reafirmar algo que est\u00e1 escrito na Constitui\u00e7\u00e3o que \u00e9 a independ\u00eancia e a import\u00e2ncia entre os poderes. Por isso fiz quest\u00e3o de estar aqui. Parabenizo a desembargadora Maria do Socorro, que essa semana encerra o mandato e entrega novas instala\u00e7\u00f5es confort\u00e1veis, que dar\u00e3o condi\u00e7\u00f5es aos ju\u00edzes e aos advogados de exercer a nossa justi\u00e7a\u201d, declarou o governador.<\/div>\n<div><\/div>\n<p><!--more--><\/p>\n<div><\/div>\n<div>O M\u00f3dulo II abrigar\u00e1 todas as varas previstas na Lei de Organiza\u00e7\u00e3o Judici\u00e1ria (LOJ). No total, s\u00e3o seis pavimentos, sendo tr\u00eas subsolos de garagem e outros tr\u00eas que abrigam as fun\u00e7\u00f5es jurisdicionais. Os 6.041,32 metros quadrados de \u00e1rea constru\u00edda est\u00e3o integrados ao M\u00f3dulo I, que possui 2.926,40 metros quadrados.<\/div>\n<div><\/div>\n<div>\u201cHoje venho entregar pessoalmente a reforma do F\u00f3rum de Itabuna e o Centro Judici\u00e1rio de Solu\u00e7\u00e3o [Cejus]. A cidade j\u00e1 merecia instala\u00e7\u00f5es mais dignas para a casa da Justi\u00e7a\u201d, afirmou a presidente do TJBA.<\/div>\n","protected":false},"excerpt":{"rendered":"<p>A amplia\u00e7\u00e3o do F\u00f3rum de Itabuna, no sul da Bahia, foi entregue \u00e0 popula\u00e7\u00e3o na tarde desta segunda-feira (29). O governador Rui Costa participou da solenidade de inaugura\u00e7\u00e3o ao lado da presidente do Tribunal de Justi\u00e7a da Bahia (TJBA), Maria do Socorro Barreto Santiago. \u201cAcho que nunca foi t\u00e3o necess\u00e1rio reafirmar algo que est\u00e1 escrito [&hellip;]<\/p>\n","protected":false},"author":2,"featured_media":0,"comment_status":"open","ping_status":"open","sticky":false,"template":"","format":"standard","meta":{"_links_to":"","_links_to_target":""},"categories":[7,9,8,1],"tags":[],"_links":{"self":[{"href":"https:\/\/www.ilheusnoticias.net.br\/v1\/wp-json\/wp\/v2\/posts\/12261"}],"collection":[{"href":"https:\/\/www.ilheusnoticias.net.br\/v1\/wp-json\/wp\/v2\/posts"}],"about":[{"href":"https:\/\/www.ilheusnoticias.net.br\/v1\/wp-json\/wp\/v2\/types\/post"}],"author":[{"embeddable":true,"href":"https:\/\/www.ilheusnoticias.net.br\/v1\/wp-json\/wp\/v2\/users\/2"}],"replies":[{"embeddable":true,"href":"https:\/\/www.ilheusnoticias.net.br\/v1\/wp-json\/wp\/v2\/comments?post=12261"}],"version-history":[{"count":1,"href":"https:\/\/www.ilheusnoticias.net.br\/v1\/wp-json\/wp\/v2\/posts\/12261\/revisions"}],"predecessor-version":[{"id":12262,"href":"https:\/\/www.ilheusnoticias.net.br\/v1\/wp-json\/wp\/v2\/posts\/12261\/revisions\/12262"}],"wp:attachment":[{"href":"https:\/\/www.ilheusnoticias.net.br\/v1\/wp-json\/wp\/v2\/media?parent=12261"}],"wp:term":[{"taxonomy":"category","embeddable":true,"href":"https:\/\/www.ilheusnoticias.net.br\/v1\/wp-json\/wp\/v2\/categories?post=12261"},{"taxonomy":"post_tag","embeddable":true,"href":"https:\/\/www.ilheusnoticias.net.br\/v1\/wp-json\/wp\/v2\/tags?post=12261"}],"curies":[{"name":"wp","href":"https:\/\/api.w.org\/{rel}","templated":true}]}}