{"id":12240,"date":"2018-01-29T16:50:34","date_gmt":"2018-01-29T19:50:34","guid":{"rendered":"http:\/\/www.ilheusnoticias.net.br\/v1\/?p=12240"},"modified":"2018-01-29T16:50:34","modified_gmt":"2018-01-29T19:50:34","slug":"governador-participa-das-comemoracoes-de-1-ano-do-primeiro-emprego-mais-1-320-jovens-serao-contratados","status":"publish","type":"post","link":"https:\/\/www.ilheusnoticias.net.br\/v1\/2018\/01\/29\/governador-participa-das-comemoracoes-de-1-ano-do-primeiro-emprego-mais-1-320-jovens-serao-contratados\/","title":{"rendered":"Governador participa das comemora\u00e7\u00f5es de 1 ano do Primeiro Emprego; mais 1.320 jovens ser\u00e3o contratados"},"content":{"rendered":"<p class=\"x_MsoNormal\"><a href=\"http:\/\/www.ilheusnoticias.net.br\/v1\/wp-content\/uploads\/2018\/01\/IMG-20180102-WA0065.jpg\" rel=\"attachment wp-att-11513\"><img loading=\"lazy\" class=\"aligncenter size-full wp-image-11513\" src=\"http:\/\/www.ilheusnoticias.net.br\/v1\/wp-content\/uploads\/2018\/01\/IMG-20180102-WA0065.jpg\" alt=\"IMG-20180102-WA0065.jpg\" width=\"512\" height=\"341\" srcset=\"https:\/\/www.ilheusnoticias.net.br\/v1\/wp-content\/uploads\/2018\/01\/IMG-20180102-WA0065.jpg 512w, https:\/\/www.ilheusnoticias.net.br\/v1\/wp-content\/uploads\/2018\/01\/IMG-20180102-WA0065-300x200.jpg 300w\" sizes=\"(max-width: 512px) 100vw, 512px\" \/><\/a><\/p>\n<p class=\"x_MsoNormal\">\n<p class=\"x_MsoNormal\">Nesta ter\u00e7a-feira (30), \u00e0s 9h, o governador Rui Costa participa das comemora\u00e7\u00f5es de 1 ano do programa Primeiro Emprego, no Senai \/ Cimatec (Av. Orlando Gomes). A solenidade marca ainda a contrata\u00e7\u00e3o de mais 1.320 jovens em uma nova turma.<\/p>\n<p class=\"x_MsoNormal\">\n<p class=\"x_MsoNormal\">J\u00e1 s\u00e3o 4.370 jovens inseridos no mercado de trabalho em 178 munic\u00edpios alcan\u00e7ados. O intuito principal da a\u00e7\u00e3o \u00e9 promover a oportunidade profissional e melhores resultados em sala de aula, uma vez que o desempenho educacional \u00e9 um crit\u00e9rio levado em considera\u00e7\u00e3o no ato da contrata\u00e7\u00e3o. A meta \u00e9 que o Primeiro Emprego ajude a transformar a vida de 11.478 jovens baianos.<\/p>\n","protected":false},"excerpt":{"rendered":"<p>Nesta ter\u00e7a-feira (30), \u00e0s 9h, o governador Rui Costa participa das comemora\u00e7\u00f5es de 1 ano do programa Primeiro Emprego, no Senai \/ Cimatec (Av. Orlando Gomes). A solenidade marca ainda a contrata\u00e7\u00e3o de mais 1.320 jovens em uma nova turma. J\u00e1 s\u00e3o 4.370 jovens inseridos no mercado de trabalho em 178 munic\u00edpios alcan\u00e7ados. O intuito [&hellip;]<\/p>\n","protected":false},"author":2,"featured_media":0,"comment_status":"open","ping_status":"open","sticky":false,"template":"","format":"standard","meta":{"_links_to":"","_links_to_target":""},"categories":[7,9,8,1],"tags":[],"_links":{"self":[{"href":"https:\/\/www.ilheusnoticias.net.br\/v1\/wp-json\/wp\/v2\/posts\/12240"}],"collection":[{"href":"https:\/\/www.ilheusnoticias.net.br\/v1\/wp-json\/wp\/v2\/posts"}],"about":[{"href":"https:\/\/www.ilheusnoticias.net.br\/v1\/wp-json\/wp\/v2\/types\/post"}],"author":[{"embeddable":true,"href":"https:\/\/www.ilheusnoticias.net.br\/v1\/wp-json\/wp\/v2\/users\/2"}],"replies":[{"embeddable":true,"href":"https:\/\/www.ilheusnoticias.net.br\/v1\/wp-json\/wp\/v2\/comments?post=12240"}],"version-history":[{"count":1,"href":"https:\/\/www.ilheusnoticias.net.br\/v1\/wp-json\/wp\/v2\/posts\/12240\/revisions"}],"predecessor-version":[{"id":12241,"href":"https:\/\/www.ilheusnoticias.net.br\/v1\/wp-json\/wp\/v2\/posts\/12240\/revisions\/12241"}],"wp:attachment":[{"href":"https:\/\/www.ilheusnoticias.net.br\/v1\/wp-json\/wp\/v2\/media?parent=12240"}],"wp:term":[{"taxonomy":"category","embeddable":true,"href":"https:\/\/www.ilheusnoticias.net.br\/v1\/wp-json\/wp\/v2\/categories?post=12240"},{"taxonomy":"post_tag","embeddable":true,"href":"https:\/\/www.ilheusnoticias.net.br\/v1\/wp-json\/wp\/v2\/tags?post=12240"}],"curies":[{"name":"wp","href":"https:\/\/api.w.org\/{rel}","templated":true}]}}