{"id":12234,"date":"2018-01-29T16:44:46","date_gmt":"2018-01-29T19:44:46","guid":{"rendered":"http:\/\/www.ilheusnoticias.net.br\/v1\/?p=12234"},"modified":"2018-01-29T16:44:46","modified_gmt":"2018-01-29T19:44:46","slug":"presidente-do-tjb-inaugura-o-cejusc-e-lanca-pedra-fundamental-do-novo-forum-de-ilheus","status":"publish","type":"post","link":"https:\/\/www.ilheusnoticias.net.br\/v1\/2018\/01\/29\/presidente-do-tjb-inaugura-o-cejusc-e-lanca-pedra-fundamental-do-novo-forum-de-ilheus\/","title":{"rendered":"Presidente do TJB inaugura o Cejusc e lan\u00e7a  pedra fundamental do novo F\u00f3rum de Ilh\u00e9us"},"content":{"rendered":"<p><img loading=\"lazy\" class=\"\" src=\"https:\/\/attachment.outlook.office.net\/owa\/laudiceacarvalho62@hotmail.com\/service.svc\/s\/GetAttachmentThumbnail?id=AQMkADAwATYwMAItY2MANTgtODQxNC0wMAItMDAKAEYAAANqOYr2uMN4Qoz6pFp%2FhFoeBwAsxvM0hWqyT6EfSeQ8%2BPgA8AAAAgEMAAAALMbzNIVqsk%2BhH0nkPPj4APAAAV7DygkAAAABEgAQAKzbmgRSCrNEiF7XrT2SkVw%3D&amp;thumbnailType=2&amp;X-OWA-CANARY=gsUN7otm_0mwBOyQ4sXgeNBINpNQZ9UY7oRPbn9G7wbGL3xKLX2FM2BL-JmREzVYSmAOFVK-9p8.&amp;token=eyJ0eXAiOiJKV1QiLCJhbGciOiJSUzI1NiIsIng1dCI6ImVuaDlCSnJWUFU1aWpWMXFqWmpWLWZMMmJjbyJ9.eyJ2ZXIiOiJFeGNoYW5nZS5DYWxsYmFjay5WMSIsImFwcGN0eHNlbmRlciI6Ik93YURvd25sb2FkQDg0ZGY5ZTdmLWU5ZjYtNDBhZi1iNDM1LWFhYWFhYWFhYWFhYSIsImFwcGN0eCI6IntcIm1zZXhjaHByb3RcIjpcIm93YVwiLFwicHJpbWFyeXNpZFwiOlwiUy0xLTI4MjctMzkzMjE2LTM0MjgzNTMwNDRcIixcInB1aWRcIjpcIjE2ODg4NTMyODg2MTY5ODBcIixcIm9pZFwiOlwiMDAwNjAwMDAtY2M1OC04NDE0LTAwMDAtMDAwMDAwMDAwMDAwXCIsXCJzY29wZVwiOlwiT3dhRG93bmxvYWRcIn0iLCJpc3MiOiIwMDAwMDAwMi0wMDAwLTBmZjEtY2UwMC0wMDAwMDAwMDAwMDBAODRkZjllN2YtZTlmNi00MGFmLWI0MzUtYWFhYWFhYWFhYWFhIiwiYXVkIjoiMDAwMDAwMDItMDAwMC0wZmYxLWNlMDAtMDAwMDAwMDAwMDAwL2F0dGFjaG1lbnQub3V0bG9vay5vZmZpY2UubmV0QDg0ZGY5ZTdmLWU5ZjYtNDBhZi1iNDM1LWFhYWFhYWFhYWFhYSIsImV4cCI6MTUxNzI1NTQzNCwibmJmIjoxNTE3MjU0ODM0fQ.DQZLI9hq36Q7l3ZT-TSt1Q40Uo6UT9Uzdg_XlfTLH6HsFFboMfwW4q8qA58C35clBodUP6jqTzhfVYC18hdL9oVFemqdpq95bSMN1Ll5zWKI-28aOEsBTH_L2q0h2nM56ZqMJkqOp9t-J0li3GWTUwtKJU82s1-qTo7R8qgZVLT0EGpV2QXLaibkWqsoIXnPQlnR4i_VlBqe30NcztFPNeA2kiemDfOj8fB_F77Bj9HclzBWz-RMlDn8ecBJ2M7q5c4IEvl8btXyeOm4gdk22J73cdDsJdn3_YtxYaytyvrvbs1SEKTXwqjzeWH02RP3cLlqlXxyrj96IwDJCcgdbQ&amp;owa=outlook.live.com&amp;isc=1\" alt=\"\" width=\"415\" height=\"234\" \/><\/p>\n<p class=\"x_gmail-xmsonormal\">A presidente do Tribunal de Justi\u00e7a da Bahia (TJB), desembargadora Maria do Socorro Barreto Santiago, inaugurou, nesta segunda-feira, dia 29, o Centro Judici\u00e1rio de Solu\u00e7\u00e3o Consensual de Conflitos \u2013 Cejusc &#8211; da Comarca de Ilh\u00e9us, numa parceria com a Prefeitura Municipal. Ela tamb\u00e9m lan\u00e7ou a pedra fundamental do pr\u00e9dio que abrigar\u00e1 o novo f\u00f3rum da Comarca local, na zona sul da cidade.<\/p>\n<p class=\"x_gmail-xmsonormal\">A cerim\u00f4nia, realizada no F\u00f3rum Epaminondas Berbert de Castro, pela manh\u00e3, contou com a presen\u00e7a do Procurador Geral do Munic\u00edpio, M\u00e1rcio Cunha, que representou o prefeito M\u00e1rio Alexandre Sousa, do juiz diretor do F\u00f3rum, Alex Venicius Campos Miranda, da\u00a0\u00a0coordenadora do Cejusc, ju\u00edza Sandra Magali Brito Silva Mendon\u00e7a, e de praticamente todos os demais ju\u00edzes da Comarca, al\u00e9m do vereador Makrisi Angeli, representante da C\u00e2mara Municipal, advogados, servidores da Justi\u00e7a e membros da sociedade civil organizada.<\/p>\n<p class=\"x_gmail-xmsonormal\"><!--more--><\/p>\n<p class=\"x_gmail-xmsonormal\">A instala\u00e7\u00e3o do Cejusc tem como base a Resolu\u00e7\u00e3o N\u00ba 125\/2010, do Conselho Nacional de Justi\u00e7a (CNJ), a Lei de Media\u00e7\u00e3o N\u00ba 13.140\/2015 e o novo C\u00f3digo de Processo Civil (Lei N\u00ba 13.105\/2015) e a edi\u00e7\u00e3o da Resolu\u00e7\u00e3o n\u00ba 24\/2015, que regulamenta a Pol\u00edtica Estadual de Media\u00e7\u00e3o e Concilia\u00e7\u00e3o e cria os Centros Judici\u00e1rios de Solu\u00e7\u00e3o Consensual de Conflitos (Cejusc), como \u00f3rg\u00e3os respons\u00e1veis pela realiza\u00e7\u00e3o de sess\u00f5es e audi\u00eancias de concilia\u00e7\u00e3o e media\u00e7\u00e3o, Pr\u00e9-Processuais e Processuais e estimula o desenvolvimento de programas destinados a auxiliar e orientar autocomposi\u00e7\u00e3o.<\/p>\n<p class=\"x_gmail-xmsonormal\">Termo Aditivo &#8211; Na oportunidade, a presidente do TJB, desembargadora Maria do Socorro Barreto Santiago, e o Procurador Geral do Munic\u00edpio, M\u00e1rcio Cunha assinaram o Termo Aditivo ao Termo de Compromisso de Coopera\u00e7\u00e3o T\u00e9cnica do Centro Judici\u00e1rio de Solu\u00e7\u00e3o de Conflitos celebrado entre o Tribunal de Justi\u00e7a do Estado da Bahia e o munic\u00edpio de Ilh\u00e9us.<\/p>\n<p class=\"x_gmail-xmsonormal\">Ao usar a palavra, a ju\u00edza de Direito e assessora da presid\u00eancia II de Assuntos Institucionais, Marielza Brand\u00e3o Franco, declarou que a implanta\u00e7\u00e3o do Cejusc de Ilh\u00e9us \u201crepresenta a solidifica\u00e7\u00e3o do N\u00facleo Permanente de M\u00e9todos Consensuais de Solu\u00e7\u00e3o de Conflitos no Estado da Bahia (NUPEMEC), que tem por objetivo assegurar o acesso \u00e0 Justi\u00e7a, visando a paz social como prop\u00f3sito estrat\u00e9gico. Facilitando assim, o acesso ao sistema de justi\u00e7a, incentivando a Media\u00e7\u00e3o e outras formas adequadas de resolu\u00e7\u00e3o de conflitos, com o fito de construir uma sociedade mais igualit\u00e1ria e equ\u00e2nime.\u201d<\/p>\n<p class=\"x_gmail-xmsonormal\"><b>Homenagem<\/b>\u00a0&#8211; A desembargadora Maria do Socorro Barreto Santiago destacou a parceria mantida entre o Tribunal de Justi\u00e7a e o Munic\u00edpio de Ilh\u00e9us, na pessoa do prefeito M\u00e1rio Alexandre, e o desempenho do juiz diretor do F\u00f3rum local, Alex Venicius Campos Miranda, e dos demais ju\u00edzes da Comarca. Ela, que cumpre os \u00faltimos dias de sua gest\u00e3o, agradeceu ao empenho e colabora\u00e7\u00e3o dos demais desembargadores, dos servidores e de todos os parceiros do Poder Judici\u00e1rio. Antes do descerramento da placa de inaugura\u00e7\u00e3o do Cejusc, a ju\u00edza Sandra Magali Brito Silva Mendon\u00e7a homenageou a presidente do TJB com um buqu\u00ea de flores, em nome dos demais ju\u00edzes da Comarca de Ilh\u00e9us, em reconhecimento \u00e0 sua gest\u00e3o na presid\u00eancia do Tribunal de Justi\u00e7a da Bahia.<\/p>\n<p class=\"x_gmail-xmsonormal\">\n","protected":false},"excerpt":{"rendered":"<p>A presidente do Tribunal de Justi\u00e7a da Bahia (TJB), desembargadora Maria do Socorro Barreto Santiago, inaugurou, nesta segunda-feira, dia 29, o Centro Judici\u00e1rio de Solu\u00e7\u00e3o Consensual de Conflitos \u2013 Cejusc &#8211; da Comarca de Ilh\u00e9us, numa parceria com a Prefeitura Municipal. Ela tamb\u00e9m lan\u00e7ou a pedra fundamental do pr\u00e9dio que abrigar\u00e1 o novo f\u00f3rum da [&hellip;]<\/p>\n","protected":false},"author":2,"featured_media":0,"comment_status":"open","ping_status":"open","sticky":false,"template":"","format":"standard","meta":{"_links_to":"","_links_to_target":""},"categories":[7,9,8,1],"tags":[],"_links":{"self":[{"href":"https:\/\/www.ilheusnoticias.net.br\/v1\/wp-json\/wp\/v2\/posts\/12234"}],"collection":[{"href":"https:\/\/www.ilheusnoticias.net.br\/v1\/wp-json\/wp\/v2\/posts"}],"about":[{"href":"https:\/\/www.ilheusnoticias.net.br\/v1\/wp-json\/wp\/v2\/types\/post"}],"author":[{"embeddable":true,"href":"https:\/\/www.ilheusnoticias.net.br\/v1\/wp-json\/wp\/v2\/users\/2"}],"replies":[{"embeddable":true,"href":"https:\/\/www.ilheusnoticias.net.br\/v1\/wp-json\/wp\/v2\/comments?post=12234"}],"version-history":[{"count":1,"href":"https:\/\/www.ilheusnoticias.net.br\/v1\/wp-json\/wp\/v2\/posts\/12234\/revisions"}],"predecessor-version":[{"id":12235,"href":"https:\/\/www.ilheusnoticias.net.br\/v1\/wp-json\/wp\/v2\/posts\/12234\/revisions\/12235"}],"wp:attachment":[{"href":"https:\/\/www.ilheusnoticias.net.br\/v1\/wp-json\/wp\/v2\/media?parent=12234"}],"wp:term":[{"taxonomy":"category","embeddable":true,"href":"https:\/\/www.ilheusnoticias.net.br\/v1\/wp-json\/wp\/v2\/categories?post=12234"},{"taxonomy":"post_tag","embeddable":true,"href":"https:\/\/www.ilheusnoticias.net.br\/v1\/wp-json\/wp\/v2\/tags?post=12234"}],"curies":[{"name":"wp","href":"https:\/\/api.w.org\/{rel}","templated":true}]}}