{"id":12232,"date":"2018-01-29T16:43:06","date_gmt":"2018-01-29T19:43:06","guid":{"rendered":"http:\/\/www.ilheusnoticias.net.br\/v1\/?p=12232"},"modified":"2018-01-29T16:43:06","modified_gmt":"2018-01-29T19:43:06","slug":"prorrogadas-inscricoes-de-selecao-com-45-vagas-para-coordenador-cultural","status":"publish","type":"post","link":"https:\/\/www.ilheusnoticias.net.br\/v1\/2018\/01\/29\/prorrogadas-inscricoes-de-selecao-com-45-vagas-para-coordenador-cultural\/","title":{"rendered":"Prorrogadas inscri\u00e7\u00f5es de sele\u00e7\u00e3o com 45 vagas para coordenador cultural"},"content":{"rendered":"<div align=\"center\"><\/div>\n<p>Est\u00e3o prorrogadas, at\u00e9 as 23h59 da pr\u00f3xima quarta-feira (31), as inscri\u00e7\u00f5es do processo seletivo simplificado destinado \u00e0 contrata\u00e7\u00e3o de 45 coordenadores culturais. As vagas ser\u00e3o distribu\u00eddas na Bahia para atua\u00e7\u00e3o no projeto Escolas Culturais, voltado para a ocupa\u00e7\u00e3o art\u00edstica e cultural de escolas p\u00fablicas em todos os territ\u00f3rios do estado.<\/p>\n<p>O processo seletivo \u00e9 de responsabilidade do Instituto A\u00e7\u00e3o Social Pela M\u00fasica (IASPM), organiza\u00e7\u00e3o social que participa da gest\u00e3o do projeto. As inscri\u00e7\u00f5es devem ser feitas exclusivamente via internet. Sob o t\u00edtulo &#8216;Coordenador Cultural&#8217;, o curr\u00edculo com indica\u00e7\u00e3o de cidade para a qual deseja concorrer e a carta de apresenta\u00e7\u00e3o e motiva\u00e7\u00e3o (at\u00e9 2 p\u00e1ginas) devem ser enviados para o e-mail selecao@iaspm.org.br.<\/p>\n<p><!--more--><\/p>\n<p>A carta deve conter uma descri\u00e7\u00e3o sucinta da experi\u00eancia na gest\u00e3o ou participa\u00e7\u00e3o em projetos culturais e\/ou educacionais e informa\u00e7\u00e3o sobre pretens\u00e3o salarial, al\u00e9m de resposta \u00e0 seguinte quest\u00e3o: Quais as principais dificuldades encontradas pelos grupos culturais e de arte no seu munic\u00edpio e como enfrent\u00e1-las? Devem tamb\u00e9m ser encaminhados at\u00e9 tr\u00eas documentos comprobat\u00f3rios de experi\u00eancias anteriores.<\/p>\n<p>Informa\u00e7\u00f5es completas sobre a sele\u00e7\u00e3o, requisitos e especifica\u00e7\u00f5es, al\u00e9m da descri\u00e7\u00e3o sum\u00e1ria das fun\u00e7\u00f5es e a rela\u00e7\u00e3o dos 45 munic\u00edpios para os quais se destinam as vagas, est\u00e3o dispon\u00edveis no\u00a0<a class=\"x_OWAAutoLink\" href=\"http:\/\/neojiba.org\/noticias\/selecao-para-coordenador-cultural\/\" target=\"_blank\" rel=\"noopener noreferrer\">site do Neojiba<\/a>.<\/p>\n<p>O projeto, que faz parte do Programa Educar para Transformar, \u00e9 uma iniciativa conjunta das secretarias estaduais da Educa\u00e7\u00e3o, de Cultura (Secult), de Justi\u00e7a, Direitos Humanos e Desenvolvimento Social (SJDHDS) e da Casa Civil, viabilizada pelo Fundo de Combate \u00e0 Pobreza. O objetivo \u00e9 fortalecer e dinamizar as escolas, por meio da cultura, em benef\u00edcio e com a participa\u00e7\u00e3o da comunidade.<\/p>\n","protected":false},"excerpt":{"rendered":"<p>Est\u00e3o prorrogadas, at\u00e9 as 23h59 da pr\u00f3xima quarta-feira (31), as inscri\u00e7\u00f5es do processo seletivo simplificado destinado \u00e0 contrata\u00e7\u00e3o de 45 coordenadores culturais. As vagas ser\u00e3o distribu\u00eddas na Bahia para atua\u00e7\u00e3o no projeto Escolas Culturais, voltado para a ocupa\u00e7\u00e3o art\u00edstica e cultural de escolas p\u00fablicas em todos os territ\u00f3rios do estado. O processo seletivo \u00e9 de [&hellip;]<\/p>\n","protected":false},"author":2,"featured_media":0,"comment_status":"open","ping_status":"open","sticky":false,"template":"","format":"standard","meta":{"_links_to":"","_links_to_target":""},"categories":[7,9,8,1],"tags":[],"_links":{"self":[{"href":"https:\/\/www.ilheusnoticias.net.br\/v1\/wp-json\/wp\/v2\/posts\/12232"}],"collection":[{"href":"https:\/\/www.ilheusnoticias.net.br\/v1\/wp-json\/wp\/v2\/posts"}],"about":[{"href":"https:\/\/www.ilheusnoticias.net.br\/v1\/wp-json\/wp\/v2\/types\/post"}],"author":[{"embeddable":true,"href":"https:\/\/www.ilheusnoticias.net.br\/v1\/wp-json\/wp\/v2\/users\/2"}],"replies":[{"embeddable":true,"href":"https:\/\/www.ilheusnoticias.net.br\/v1\/wp-json\/wp\/v2\/comments?post=12232"}],"version-history":[{"count":1,"href":"https:\/\/www.ilheusnoticias.net.br\/v1\/wp-json\/wp\/v2\/posts\/12232\/revisions"}],"predecessor-version":[{"id":12233,"href":"https:\/\/www.ilheusnoticias.net.br\/v1\/wp-json\/wp\/v2\/posts\/12232\/revisions\/12233"}],"wp:attachment":[{"href":"https:\/\/www.ilheusnoticias.net.br\/v1\/wp-json\/wp\/v2\/media?parent=12232"}],"wp:term":[{"taxonomy":"category","embeddable":true,"href":"https:\/\/www.ilheusnoticias.net.br\/v1\/wp-json\/wp\/v2\/categories?post=12232"},{"taxonomy":"post_tag","embeddable":true,"href":"https:\/\/www.ilheusnoticias.net.br\/v1\/wp-json\/wp\/v2\/tags?post=12232"}],"curies":[{"name":"wp","href":"https:\/\/api.w.org\/{rel}","templated":true}]}}