{"id":12218,"date":"2018-01-28T11:51:08","date_gmt":"2018-01-28T14:51:08","guid":{"rendered":"http:\/\/www.ilheusnoticias.net.br\/v1\/?p=12218"},"modified":"2018-01-28T11:51:08","modified_gmt":"2018-01-28T14:51:08","slug":"estacionamento-do-shopping-jequitiba-comeca-a-ser-cobrado-a-partir-desta-segunda-feira","status":"publish","type":"post","link":"https:\/\/www.ilheusnoticias.net.br\/v1\/2018\/01\/28\/estacionamento-do-shopping-jequitiba-comeca-a-ser-cobrado-a-partir-desta-segunda-feira\/","title":{"rendered":"Estacionamento do Shopping Jequitib\u00e1 come\u00e7a a ser cobrado a partir desta segunda-feira"},"content":{"rendered":"<h3 class=\"post-title entry-title\"><\/h3>\n<div id=\"post-body-6712013915506824555\" class=\"post-body entry-content\">\n<div class=\"separator\"><a href=\"https:\/\/4.bp.blogspot.com\/-gir6jDhD-8k\/Wm2i49MGcmI\/AAAAAAAARlk\/PLvOfP296P4lWl9pGuHZBU6z-nbMH0F0ACLcBGAs\/s1600\/shopping-estacionamento-ok.jpg\"><img loading=\"lazy\" src=\"https:\/\/4.bp.blogspot.com\/-gir6jDhD-8k\/Wm2i49MGcmI\/AAAAAAAARlk\/PLvOfP296P4lWl9pGuHZBU6z-nbMH0F0ACLcBGAs\/s640\/shopping-estacionamento-ok.jpg\" alt=\"\" width=\"640\" height=\"468\" border=\"0\" data-original-height=\"455\" data-original-width=\"621\" \/><\/a><\/div>\n<div>O Shopping Jequitib\u00e1 come\u00e7a a cobrar, nesta segunda-feira (29) , uma taxa pelo estacionamento de ve\u00edculos.<\/div>\n<div><\/div>\n<div>O valor cobrado, tanto para os condutores de carros, como os de motos, ser\u00e1 de R$ 5,00 por quatro horas. Depois deste per\u00edodo, acrescenta-se R$ 1,00 a cada hora.<\/div>\n<div><\/div>\n<div>Aqueles que desejarem deixar o ve\u00edculo durante o m\u00eas no centro de compras itabunense dever\u00e3o arcar com a quantia de R$ 100,00. J\u00e1 por uma noite, paga-se R$ 25,00.<\/div>\n<div><\/div>\n<div>A gest\u00e3o do estacionamento foi terceirizada a uma empresa francesa, que se encarrega tamb\u00e9m da seguran\u00e7a em casos de furto, roubo e at\u00e9 arranh\u00f5es.<\/div>\n<div><\/div>\n<div>A administra\u00e7\u00e3o do shopping acredita que com a cobran\u00e7a de taxa haver\u00e1 maior rotatividade no estacionamento, j\u00e1 que muitas pessoas deixavam o carro no local e se quer entrava no estabelecimento, al\u00e9m de trazer maior seguran\u00e7a para os ve\u00edculos.<\/div>\n<\/div>\n","protected":false},"excerpt":{"rendered":"<p>O Shopping Jequitib\u00e1 come\u00e7a a cobrar, nesta segunda-feira (29) , uma taxa pelo estacionamento de ve\u00edculos. O valor cobrado, tanto para os condutores de carros, como os de motos, ser\u00e1 de R$ 5,00 por quatro horas. Depois deste per\u00edodo, acrescenta-se R$ 1,00 a cada hora. Aqueles que desejarem deixar o ve\u00edculo durante o m\u00eas no [&hellip;]<\/p>\n","protected":false},"author":2,"featured_media":0,"comment_status":"open","ping_status":"open","sticky":false,"template":"","format":"standard","meta":{"_links_to":"","_links_to_target":""},"categories":[7,9,8,1],"tags":[],"_links":{"self":[{"href":"https:\/\/www.ilheusnoticias.net.br\/v1\/wp-json\/wp\/v2\/posts\/12218"}],"collection":[{"href":"https:\/\/www.ilheusnoticias.net.br\/v1\/wp-json\/wp\/v2\/posts"}],"about":[{"href":"https:\/\/www.ilheusnoticias.net.br\/v1\/wp-json\/wp\/v2\/types\/post"}],"author":[{"embeddable":true,"href":"https:\/\/www.ilheusnoticias.net.br\/v1\/wp-json\/wp\/v2\/users\/2"}],"replies":[{"embeddable":true,"href":"https:\/\/www.ilheusnoticias.net.br\/v1\/wp-json\/wp\/v2\/comments?post=12218"}],"version-history":[{"count":1,"href":"https:\/\/www.ilheusnoticias.net.br\/v1\/wp-json\/wp\/v2\/posts\/12218\/revisions"}],"predecessor-version":[{"id":12219,"href":"https:\/\/www.ilheusnoticias.net.br\/v1\/wp-json\/wp\/v2\/posts\/12218\/revisions\/12219"}],"wp:attachment":[{"href":"https:\/\/www.ilheusnoticias.net.br\/v1\/wp-json\/wp\/v2\/media?parent=12218"}],"wp:term":[{"taxonomy":"category","embeddable":true,"href":"https:\/\/www.ilheusnoticias.net.br\/v1\/wp-json\/wp\/v2\/categories?post=12218"},{"taxonomy":"post_tag","embeddable":true,"href":"https:\/\/www.ilheusnoticias.net.br\/v1\/wp-json\/wp\/v2\/tags?post=12218"}],"curies":[{"name":"wp","href":"https:\/\/api.w.org\/{rel}","templated":true}]}}