{"id":12208,"date":"2018-01-28T11:36:16","date_gmt":"2018-01-28T14:36:16","guid":{"rendered":"http:\/\/www.ilheusnoticias.net.br\/v1\/?p=12208"},"modified":"2018-01-28T11:36:16","modified_gmt":"2018-01-28T14:36:16","slug":"ha-sete-dias-fogao-sinaliza-buraco-na-av-antonio-carlos-magalhaes-em-ilheus","status":"publish","type":"post","link":"https:\/\/www.ilheusnoticias.net.br\/v1\/2018\/01\/28\/ha-sete-dias-fogao-sinaliza-buraco-na-av-antonio-carlos-magalhaes-em-ilheus\/","title":{"rendered":"H\u00e1 sete dias fog\u00e3o sinaliza buraco na Av. Ant\u00f4nio Carlos Magalh\u00e3es em Ilh\u00e9us"},"content":{"rendered":"<h2 class=\"PostHeaderIcon-wrapper\"><\/h2>\n<div class=\"PostContent\">\n<p><strong>Por Jamesson Ara\u00fajo<\/strong><\/p>\n<div id=\"attachment_73681\" class=\"wp-caption aligncenter\"><a class=\"gallery_colorbox cboxElement\" href=\"http:\/\/www.agravo.blog.br\/wp-content\/uploads\/2018\/01\/IMG_2018-01-27_10-30-21-540x529.jpg\"><img loading=\"lazy\" class=\" wp-image-73681\" src=\"http:\/\/www.agravo.blog.br\/wp-content\/uploads\/2018\/01\/IMG_2018-01-27_10-30-21-540x529.jpg\" sizes=\"(max-width: 437px) 100vw, 437px\" srcset=\"http:\/\/www.agravo.blog.br\/wp-content\/uploads\/2018\/01\/IMG_2018-01-27_10-30-21-540x529.jpg 540w, http:\/\/www.agravo.blog.br\/wp-content\/uploads\/2018\/01\/IMG_2018-01-27_10-30-21-540x529-300x294.jpg 300w\" alt=\"\" width=\"437\" height=\"428\" \/><\/a><\/p>\n<p class=\"wp-caption-text\"><em><strong>Fog\u00e3o foi colocado em via p\u00fablica para sinalizar buraco. Foto acima do Blog Agravo feita na segunda, abaixo de Marcelo Barreto feita hoje.\u00a0<\/strong><\/em><\/p>\n<\/div>\n<p>A situa\u00e7\u00e3o das vias de Ilh\u00e9us vem gerando debates acalorados nas redes sociais, o principal foco \u00e9 a in\u00e9rcia e a falta de informa\u00e7\u00e3o sobre a situa\u00e7\u00e3o da F\u00e1brica de Asfalto do munic\u00edpio.<\/p>\n<p>Foto tirada pelo Blog Agravo na \u00faltima segunda-feira (22), h\u00e1 exatamente 6 dias, mostra um fog\u00e3o que est\u00e1 sendo usado para\u00a0sinalizar um grande buraco na subida do Alto do Coqueiro, em plena Av. Ant\u00f4nio Carlos Magalh\u00e3es, uma das principais art\u00e9rias do munic\u00edpio de Ilh\u00e9us, localizada na zona norte da cidade.<\/p>\n<p>A foto demostra uma situa\u00e7\u00e3o que preocupa; a falta tato do governo do prefeito M\u00e1rio Alexandre, e isso vem preocupando os ilheenses. Estamos apenas no segundo ano de governo!<\/p>\n<p>Vamos usar aqui uma frase do amigo Major Barreto, \u201cMais amor, por favor, por nossa Ilh\u00e9us!\u201d.<\/p>\n<p><strong>Atualizado \u00e0s 13:36 de ontem<\/strong><\/p>\n<p><a class=\"gallery_colorbox cboxElement\" href=\"http:\/\/www.agravo.blog.br\/wp-content\/uploads\/2018\/01\/WhatsApp-Image-2018-01-27-at-14.00.16.jpeg\"><img loading=\"lazy\" class=\"aligncenter wp-image-73688\" src=\"http:\/\/www.agravo.blog.br\/wp-content\/uploads\/2018\/01\/WhatsApp-Image-2018-01-27-at-14.00.16.jpeg\" sizes=\"(max-width: 489px) 100vw, 489px\" srcset=\"http:\/\/www.agravo.blog.br\/wp-content\/uploads\/2018\/01\/WhatsApp-Image-2018-01-27-at-14.00.16.jpeg 500w, http:\/\/www.agravo.blog.br\/wp-content\/uploads\/2018\/01\/WhatsApp-Image-2018-01-27-at-14.00.16-300x169.jpeg 300w\" alt=\"\" width=\"489\" height=\"275\" \/><\/a><\/p>\n<p>Ap\u00f3s a publica\u00e7\u00e3o desta mat\u00e9ria, uma equipe da Sutran retirou o fog\u00e3o que estava no local, informou que ir\u00e1 colocar uma sinaliza\u00e7\u00e3o oficial\u00a0 e afirmou que nos pr\u00f3ximos dias realizar\u00e1 na cidade a opera\u00e7\u00e3o tapa buracos. Com rela\u00e7\u00e3o \u00e0 F\u00e1brica de Asfalto, a prefeitura informou que est\u00e1 em fase de licita\u00e7\u00e3o para reiniciar os trabalhos da usina.<\/p>\n<\/div>\n","protected":false},"excerpt":{"rendered":"<p>Por Jamesson Ara\u00fajo Fog\u00e3o foi colocado em via p\u00fablica para sinalizar buraco. Foto acima do Blog Agravo feita na segunda, abaixo de Marcelo Barreto feita hoje.\u00a0 A situa\u00e7\u00e3o das vias de Ilh\u00e9us vem gerando debates acalorados nas redes sociais, o principal foco \u00e9 a in\u00e9rcia e a falta de informa\u00e7\u00e3o sobre a situa\u00e7\u00e3o da F\u00e1brica [&hellip;]<\/p>\n","protected":false},"author":2,"featured_media":0,"comment_status":"open","ping_status":"open","sticky":false,"template":"","format":"standard","meta":{"_links_to":"","_links_to_target":""},"categories":[7,9,8,1],"tags":[],"_links":{"self":[{"href":"https:\/\/www.ilheusnoticias.net.br\/v1\/wp-json\/wp\/v2\/posts\/12208"}],"collection":[{"href":"https:\/\/www.ilheusnoticias.net.br\/v1\/wp-json\/wp\/v2\/posts"}],"about":[{"href":"https:\/\/www.ilheusnoticias.net.br\/v1\/wp-json\/wp\/v2\/types\/post"}],"author":[{"embeddable":true,"href":"https:\/\/www.ilheusnoticias.net.br\/v1\/wp-json\/wp\/v2\/users\/2"}],"replies":[{"embeddable":true,"href":"https:\/\/www.ilheusnoticias.net.br\/v1\/wp-json\/wp\/v2\/comments?post=12208"}],"version-history":[{"count":1,"href":"https:\/\/www.ilheusnoticias.net.br\/v1\/wp-json\/wp\/v2\/posts\/12208\/revisions"}],"predecessor-version":[{"id":12209,"href":"https:\/\/www.ilheusnoticias.net.br\/v1\/wp-json\/wp\/v2\/posts\/12208\/revisions\/12209"}],"wp:attachment":[{"href":"https:\/\/www.ilheusnoticias.net.br\/v1\/wp-json\/wp\/v2\/media?parent=12208"}],"wp:term":[{"taxonomy":"category","embeddable":true,"href":"https:\/\/www.ilheusnoticias.net.br\/v1\/wp-json\/wp\/v2\/categories?post=12208"},{"taxonomy":"post_tag","embeddable":true,"href":"https:\/\/www.ilheusnoticias.net.br\/v1\/wp-json\/wp\/v2\/tags?post=12208"}],"curies":[{"name":"wp","href":"https:\/\/api.w.org\/{rel}","templated":true}]}}